{"id":5245,"date":"2025-04-16T14:21:35","date_gmt":"2025-04-16T12:21:35","guid":{"rendered":"https:\/\/www.expectart.eu\/?p=5245"},"modified":"2025-04-16T15:26:27","modified_gmt":"2025-04-16T13:26:27","slug":"prijave-na-naso-poletno-solo-so-odprte","status":"publish","type":"post","link":"https:\/\/www.expectart.eu\/sl\/prijave-na-naso-poletno-solo-so-odprte\/","title":{"rendered":"Prijave na na\u0161o poletno \u0161olo so odprte"},"content":{"rendered":"\n<p>\u0160tudentke in \u0161tudentke magistrske stopnje ter tiste, ki boste to postali jeseni 2025, vabimo k prijavi na mednarodno poletno \u0161olo, ki jo organiziramo v sklopu na\u0161ega projekta. <\/p>\n\n\n\n<p>Osrednja tema bo kulturna pismenost v izobra\u017eevanju, pri \u010demer bomo posebej pozorni na dekolonializacijo u\u010dnih na\u010drtov pri pou\u010devanju umetnosti, pou\u010devanju skozi umetnost ter uporabo umetni\u0161kih praks v izobra\u017eevanju. Na\u0161 cilj je pristopiti h kriti\u010dni kulturni pismenosti skozi prizmo raznolikih dru\u017eb ter razumeti pismenost prek kulturnih in umetni\u0161kih izrazov manj\u0161inskih in obrobnih skupin mladih. Program bo vklju\u010deval razli\u010dne oblike sodelovanja med udele\u017eenci in udele\u017eenkami, izvajalci in izvajalkami ter strokovnjaki in strokovnjakinjami. Udele\u017eenke in udele\u017eenci se lahko nadejate razli\u010dnih predavanj, delavnic ter izletov.<\/p>\n\n\n\n<p>Poletna \u0161ola bo potekala med 8. in 14. avgustom 2025 v mestu Krzy\u017cowa na Poljskem. Informacije o izboru boste prejeli do 20. maja 2025, udele\u017eba bo omogo\u010dena 30 sodelujo\u010dim. <\/p>\n\n\n\n<p>Prijave se zaklju\u010dijo 12. maja 2025. Ve\u010d informacij najdete <a href=\"https:\/\/event.sdu.dk\/expectartsummerschool\/about-the-summer-school?fbclid=IwY2xjawJsfCdleHRuA2FlbQIxMAABHu58MGi4PIePzHirV8U02xMIMVweoD063UWtPnqomQ_KOjparh2ZdZrnbEon_aem_hKEI3JPQUfEU0PReK9IcfQ\">tu<\/a>.<\/p>\n\n\n\n<p>Poletno \u0161olo financira Evropska komisija. Udele\u017eenke in udele\u017eenci boste imeli krite stro\u0161ke namestitve, izletov ter ve\u010dine obrokov. <\/p>\n\n\n\n<figure class=\"wp-block-image aligncenter size-large\"><img fetchpriority=\"high\" decoding=\"async\" width=\"683\" height=\"1024\" src=\"https:\/\/www.expectart.eu\/wp-content\/uploads\/2025\/04\/c-shii-1bi3zFpimBs-unsplash-683x1024.jpg\" alt=\"\" class=\"wp-image-5241\" srcset=\"https:\/\/www.expectart.eu\/wp-content\/uploads\/2025\/04\/c-shii-1bi3zFpimBs-unsplash-683x1024.jpg 683w, https:\/\/www.expectart.eu\/wp-content\/uploads\/2025\/04\/c-shii-1bi3zFpimBs-unsplash-200x300.jpg 200w, https:\/\/www.expectart.eu\/wp-content\/uploads\/2025\/04\/c-shii-1bi3zFpimBs-unsplash-768x1152.jpg 768w, https:\/\/www.expectart.eu\/wp-content\/uploads\/2025\/04\/c-shii-1bi3zFpimBs-unsplash-1024x1536.jpg 1024w, https:\/\/www.expectart.eu\/wp-content\/uploads\/2025\/04\/c-shii-1bi3zFpimBs-unsplash-1365x2048.jpg 1365w, https:\/\/www.expectart.eu\/wp-content\/uploads\/2025\/04\/c-shii-1bi3zFpimBs-unsplash-scaled.jpg 1707w\" sizes=\"(max-width: 683px) 100vw, 683px\" \/><\/figure>\n","protected":false},"excerpt":{"rendered":"<p>\u0160tudentke in \u0161tudentke magistrske stopnje ter tiste, ki boste to postali jeseni 2025, vabimo k prijavi na mednarodno poletno \u0161olo, ki jo organiziramo v sklopu na\u0161ega projekta. Osrednja tema bo kulturna pismenost v izobra\u017eevanju, pri \u010demer bomo posebej pozorni na dekolonializacijo u\u010dnih na\u010drtov pri pou\u010devanju umetnosti, pou\u010devanju skozi umetnost ter uporabo umetni\u0161kih praks v izobra\u017eevanju. [&hellip;]<\/p>\n","protected":false},"author":4,"featured_media":5232,"comment_status":"open","ping_status":"open","sticky":false,"template":"","format":"standard","meta":{"site-sidebar-layout":"default","site-content-layout":"","ast-site-content-layout":"default","site-content-style":"default","site-sidebar-style":"default","ast-global-header-display":"","ast-banner-title-visibility":"","ast-main-header-display":"","ast-hfb-above-header-display":"","ast-hfb-below-header-display":"","ast-hfb-mobile-header-display":"","site-post-title":"","ast-breadcrumbs-content":"","ast-featured-img":"","footer-sml-layout":"","ast-disable-related-posts":"","theme-transparent-header-meta":"","adv-header-id-meta":"","stick-header-meta":"","header-above-stick-meta":"","header-main-stick-meta":"","header-below-stick-meta":"","astra-migrate-meta-layouts":"set","ast-page-background-enabled":"default","ast-page-background-meta":{"desktop":{"background-color":"","background-image":"","background-repeat":"repeat","background-position":"center center","background-size":"auto","background-attachment":"scroll","background-type":"","background-media":"","overlay-type":"","overlay-color":"","overlay-opacity":"","overlay-gradient":""},"tablet":{"background-color":"","background-image":"","background-repeat":"repeat","background-position":"center center","background-size":"auto","background-attachment":"scroll","background-type":"","background-media":"","overlay-type":"","overlay-color":"","overlay-opacity":"","overlay-gradient":""},"mobile":{"background-color":"","background-image":"","background-repeat":"repeat","background-position":"center center","background-size":"auto","background-attachment":"scroll","background-type":"","background-media":"","overlay-type":"","overlay-color":"","overlay-opacity":"","overlay-gradient":""}},"ast-content-background-meta":{"desktop":{"background-color":"var(--ast-global-color-5)","background-image":"","background-repeat":"repeat","background-position":"center center","background-size":"auto","background-attachment":"scroll","background-type":"","background-media":"","overlay-type":"","overlay-color":"","overlay-opacity":"","overlay-gradient":""},"tablet":{"background-color":"var(--ast-global-color-5)","background-image":"","background-repeat":"repeat","background-position":"center center","background-size":"auto","background-attachment":"scroll","background-type":"","background-media":"","overlay-type":"","overlay-color":"","overlay-opacity":"","overlay-gradient":""},"mobile":{"background-color":"var(--ast-global-color-5)","background-image":"","background-repeat":"repeat","background-position":"center center","background-size":"auto","background-attachment":"scroll","background-type":"","background-media":"","overlay-type":"","overlay-color":"","overlay-opacity":"","overlay-gradient":""}},"footnotes":""},"categories":[43],"tags":[],"class_list":["post-5245","post","type-post","status-publish","format-standard","has-post-thumbnail","hentry","category-novice"],"yoast_head":"<!-- This site is optimized with the Yoast SEO plugin v27.2 - https:\/\/yoast.com\/product\/yoast-seo-wordpress\/ -->\n<title>Prijave na na\u0161o poletno \u0161olo so odprte - EXPECT_Art<\/title>\n<meta name=\"description\" content=\"Osrednja tema bo kulturna pismenost v izobra\u017eevanju, pri \u010demer bomo posebej pozorni na dekolonializacijo u\u010dnih na\u010drtov pri pou\u010devanju umetnosti, pou\u010devanju skozi umetnost ter uporabo umetni\u0161kih praks v izobra\u017eevanju. Na\u0161 cilj je pristopi h kriti\u010dni kulturni pismenosti skozi prizmo raznolikih dru\u017eb ter razumeti pismenost prek kulturnih in umetni\u0161kih izrazov manj\u0161inskih in obrobnih skupin mladih. Program bo vklju\u010deval razli\u010dne oblike sodelovanja med udele\u017eenci in udele\u017eenkami, izvajalci in izvajalkami ter strokovnjaki in strokovnjakinjami. Udele\u017eenke in udele\u017eenci se lahko nadejate razli\u010dnih predavanj, delavnic ter izletov.\" \/>\n<meta name=\"robots\" content=\"index, follow, max-snippet:-1, max-image-preview:large, max-video-preview:-1\" \/>\n<link rel=\"canonical\" href=\"https:\/\/www.expectart.eu\/sl\/prijave-na-naso-poletno-solo-so-odprte\/\" \/>\n<meta property=\"og:locale\" content=\"sl_SI\" \/>\n<meta property=\"og:type\" content=\"article\" \/>\n<meta property=\"og:title\" content=\"Prijave na na\u0161o poletno \u0161olo so odprte - EXPECT_Art\" \/>\n<meta property=\"og:description\" content=\"Osrednja tema bo kulturna pismenost v izobra\u017eevanju, pri \u010demer bomo posebej pozorni na dekolonializacijo u\u010dnih na\u010drtov pri pou\u010devanju umetnosti, pou\u010devanju skozi umetnost ter uporabo umetni\u0161kih praks v izobra\u017eevanju. Na\u0161 cilj je pristopi h kriti\u010dni kulturni pismenosti skozi prizmo raznolikih dru\u017eb ter razumeti pismenost prek kulturnih in umetni\u0161kih izrazov manj\u0161inskih in obrobnih skupin mladih. Program bo vklju\u010deval razli\u010dne oblike sodelovanja med udele\u017eenci in udele\u017eenkami, izvajalci in izvajalkami ter strokovnjaki in strokovnjakinjami. Udele\u017eenke in udele\u017eenci se lahko nadejate razli\u010dnih predavanj, delavnic ter izletov.\" \/>\n<meta property=\"og:url\" content=\"https:\/\/www.expectart.eu\/sl\/prijave-na-naso-poletno-solo-so-odprte\/\" \/>\n<meta property=\"og:site_name\" content=\"EXPECT_Art\" \/>\n<meta property=\"article:publisher\" content=\"https:\/\/www.facebook.com\/EXPECTArtEU\" \/>\n<meta property=\"article:published_time\" content=\"2025-04-16T12:21:35+00:00\" \/>\n<meta property=\"article:modified_time\" content=\"2025-04-16T13:26:27+00:00\" \/>\n<meta property=\"og:image\" content=\"https:\/\/www.expectart.eu\/wp-content\/uploads\/2025\/04\/alp-ancel-WKQt_X-SKFI-unsplash-scaled.jpg\" \/>\n\t<meta property=\"og:image:width\" content=\"2560\" \/>\n\t<meta property=\"og:image:height\" content=\"1707\" \/>\n\t<meta property=\"og:image:type\" content=\"image\/jpeg\" \/>\n<meta name=\"author\" content=\"Lucija De\u017ean\" \/>\n<meta name=\"twitter:card\" content=\"summary_large_image\" \/>\n<meta name=\"twitter:label1\" content=\"Written by\" \/>\n\t<meta name=\"twitter:data1\" content=\"Lucija De\u017ean\" \/>\n\t<meta name=\"twitter:label2\" content=\"Est. reading time\" \/>\n\t<meta name=\"twitter:data2\" content=\"2 minuti\" \/>\n<script type=\"application\/ld+json\" class=\"yoast-schema-graph\">{\"@context\":\"https:\/\/schema.org\",\"@graph\":[{\"@type\":\"Article\",\"@id\":\"https:\/\/www.expectart.eu\/sl\/prijave-na-naso-poletno-solo-so-odprte\/#article\",\"isPartOf\":{\"@id\":\"https:\/\/www.expectart.eu\/sl\/prijave-na-naso-poletno-solo-so-odprte\/\"},\"author\":{\"name\":\"Lucija De\u017ean\",\"@id\":\"https:\/\/www.expectart.eu\/#\/schema\/person\/ae99bf994a668be417315983aefbee35\"},\"headline\":\"Prijave na na\u0161o poletno \u0161olo so odprte\",\"datePublished\":\"2025-04-16T12:21:35+00:00\",\"dateModified\":\"2025-04-16T13:26:27+00:00\",\"mainEntityOfPage\":{\"@id\":\"https:\/\/www.expectart.eu\/sl\/prijave-na-naso-poletno-solo-so-odprte\/\"},\"wordCount\":191,\"commentCount\":0,\"publisher\":{\"@id\":\"https:\/\/www.expectart.eu\/#organization\"},\"image\":{\"@id\":\"https:\/\/www.expectart.eu\/sl\/prijave-na-naso-poletno-solo-so-odprte\/#primaryimage\"},\"thumbnailUrl\":\"https:\/\/www.expectart.eu\/wp-content\/uploads\/2025\/04\/alp-ancel-WKQt_X-SKFI-unsplash-scaled.jpg\",\"articleSection\":[\"novice\"],\"inLanguage\":\"sl-SI\",\"potentialAction\":[{\"@type\":\"CommentAction\",\"name\":\"Comment\",\"target\":[\"https:\/\/www.expectart.eu\/sl\/prijave-na-naso-poletno-solo-so-odprte\/#respond\"]}]},{\"@type\":\"WebPage\",\"@id\":\"https:\/\/www.expectart.eu\/sl\/prijave-na-naso-poletno-solo-so-odprte\/\",\"url\":\"https:\/\/www.expectart.eu\/sl\/prijave-na-naso-poletno-solo-so-odprte\/\",\"name\":\"Prijave na na\u0161o poletno \u0161olo so odprte - EXPECT_Art\",\"isPartOf\":{\"@id\":\"https:\/\/www.expectart.eu\/#website\"},\"primaryImageOfPage\":{\"@id\":\"https:\/\/www.expectart.eu\/sl\/prijave-na-naso-poletno-solo-so-odprte\/#primaryimage\"},\"image\":{\"@id\":\"https:\/\/www.expectart.eu\/sl\/prijave-na-naso-poletno-solo-so-odprte\/#primaryimage\"},\"thumbnailUrl\":\"https:\/\/www.expectart.eu\/wp-content\/uploads\/2025\/04\/alp-ancel-WKQt_X-SKFI-unsplash-scaled.jpg\",\"datePublished\":\"2025-04-16T12:21:35+00:00\",\"dateModified\":\"2025-04-16T13:26:27+00:00\",\"description\":\"Osrednja tema bo kulturna pismenost v izobra\u017eevanju, pri \u010demer bomo posebej pozorni na dekolonializacijo u\u010dnih na\u010drtov pri pou\u010devanju umetnosti, pou\u010devanju skozi umetnost ter uporabo umetni\u0161kih praks v izobra\u017eevanju. Na\u0161 cilj je pristopi h kriti\u010dni kulturni pismenosti skozi prizmo raznolikih dru\u017eb ter razumeti pismenost prek kulturnih in umetni\u0161kih izrazov manj\u0161inskih in obrobnih skupin mladih. Program bo vklju\u010deval razli\u010dne oblike sodelovanja med udele\u017eenci in udele\u017eenkami, izvajalci in izvajalkami ter strokovnjaki in strokovnjakinjami. Udele\u017eenke in udele\u017eenci se lahko nadejate razli\u010dnih predavanj, delavnic ter izletov.\",\"breadcrumb\":{\"@id\":\"https:\/\/www.expectart.eu\/sl\/prijave-na-naso-poletno-solo-so-odprte\/#breadcrumb\"},\"inLanguage\":\"sl-SI\",\"potentialAction\":[{\"@type\":\"ReadAction\",\"target\":[\"https:\/\/www.expectart.eu\/sl\/prijave-na-naso-poletno-solo-so-odprte\/\"]}]},{\"@type\":\"ImageObject\",\"inLanguage\":\"sl-SI\",\"@id\":\"https:\/\/www.expectart.eu\/sl\/prijave-na-naso-poletno-solo-so-odprte\/#primaryimage\",\"url\":\"https:\/\/www.expectart.eu\/wp-content\/uploads\/2025\/04\/alp-ancel-WKQt_X-SKFI-unsplash-scaled.jpg\",\"contentUrl\":\"https:\/\/www.expectart.eu\/wp-content\/uploads\/2025\/04\/alp-ancel-WKQt_X-SKFI-unsplash-scaled.jpg\",\"width\":2560,\"height\":1707},{\"@type\":\"BreadcrumbList\",\"@id\":\"https:\/\/www.expectart.eu\/sl\/prijave-na-naso-poletno-solo-so-odprte\/#breadcrumb\",\"itemListElement\":[{\"@type\":\"ListItem\",\"position\":1,\"name\":\"Home\",\"item\":\"https:\/\/www.expectart.eu\/\"},{\"@type\":\"ListItem\",\"position\":2,\"name\":\"Prijave na na\u0161o poletno \u0161olo so odprte\"}]},{\"@type\":\"WebSite\",\"@id\":\"https:\/\/www.expectart.eu\/#website\",\"url\":\"https:\/\/www.expectart.eu\/\",\"name\":\"EXPECT_Art\",\"description\":\"EU Project\",\"publisher\":{\"@id\":\"https:\/\/www.expectart.eu\/#organization\"},\"potentialAction\":[{\"@type\":\"SearchAction\",\"target\":{\"@type\":\"EntryPoint\",\"urlTemplate\":\"https:\/\/www.expectart.eu\/?s={search_term_string}\"},\"query-input\":{\"@type\":\"PropertyValueSpecification\",\"valueRequired\":true,\"valueName\":\"search_term_string\"}}],\"inLanguage\":\"sl-SI\"},{\"@type\":\"Organization\",\"@id\":\"https:\/\/www.expectart.eu\/#organization\",\"name\":\"EXPECT_Art\",\"url\":\"https:\/\/www.expectart.eu\/\",\"logo\":{\"@type\":\"ImageObject\",\"inLanguage\":\"sl-SI\",\"@id\":\"https:\/\/www.expectart.eu\/#\/schema\/logo\/image\/\",\"url\":\"https:\/\/www.expectart.eu\/wp-content\/uploads\/2024\/04\/cropped-logo-rgb_without-text-02.png\",\"contentUrl\":\"https:\/\/www.expectart.eu\/wp-content\/uploads\/2024\/04\/cropped-logo-rgb_without-text-02.png\",\"width\":679,\"height\":139,\"caption\":\"EXPECT_Art\"},\"image\":{\"@id\":\"https:\/\/www.expectart.eu\/#\/schema\/logo\/image\/\"},\"sameAs\":[\"https:\/\/www.facebook.com\/EXPECTArtEU\",\"https:\/\/www.instagram.com\/expect_art_eu\/\"]},{\"@type\":\"Person\",\"@id\":\"https:\/\/www.expectart.eu\/#\/schema\/person\/ae99bf994a668be417315983aefbee35\",\"name\":\"Lucija De\u017ean\",\"image\":{\"@type\":\"ImageObject\",\"inLanguage\":\"sl-SI\",\"@id\":\"https:\/\/secure.gravatar.com\/avatar\/38fab13ea45456fa7cf1d571e5012845567dd73b8a28930af832e7b5f5dc27d5?s=96&d=mm&r=g\",\"url\":\"https:\/\/secure.gravatar.com\/avatar\/38fab13ea45456fa7cf1d571e5012845567dd73b8a28930af832e7b5f5dc27d5?s=96&d=mm&r=g\",\"contentUrl\":\"https:\/\/secure.gravatar.com\/avatar\/38fab13ea45456fa7cf1d571e5012845567dd73b8a28930af832e7b5f5dc27d5?s=96&d=mm&r=g\",\"caption\":\"Lucija De\u017ean\"},\"url\":\"https:\/\/www.expectart.eu\/sl\/author\/lucija\/\"}]}<\/script>\n<!-- \/ Yoast SEO plugin. -->","yoast_head_json":{"title":"Prijave na na\u0161o poletno \u0161olo so odprte - EXPECT_Art","description":"Osrednja tema bo kulturna pismenost v izobra\u017eevanju, pri \u010demer bomo posebej pozorni na dekolonializacijo u\u010dnih na\u010drtov pri pou\u010devanju umetnosti, pou\u010devanju skozi umetnost ter uporabo umetni\u0161kih praks v izobra\u017eevanju. Na\u0161 cilj je pristopi h kriti\u010dni kulturni pismenosti skozi prizmo raznolikih dru\u017eb ter razumeti pismenost prek kulturnih in umetni\u0161kih izrazov manj\u0161inskih in obrobnih skupin mladih. Program bo vklju\u010deval razli\u010dne oblike sodelovanja med udele\u017eenci in udele\u017eenkami, izvajalci in izvajalkami ter strokovnjaki in strokovnjakinjami. Udele\u017eenke in udele\u017eenci se lahko nadejate razli\u010dnih predavanj, delavnic ter izletov.","robots":{"index":"index","follow":"follow","max-snippet":"max-snippet:-1","max-image-preview":"max-image-preview:large","max-video-preview":"max-video-preview:-1"},"canonical":"https:\/\/www.expectart.eu\/sl\/prijave-na-naso-poletno-solo-so-odprte\/","og_locale":"sl_SI","og_type":"article","og_title":"Prijave na na\u0161o poletno \u0161olo so odprte - EXPECT_Art","og_description":"Osrednja tema bo kulturna pismenost v izobra\u017eevanju, pri \u010demer bomo posebej pozorni na dekolonializacijo u\u010dnih na\u010drtov pri pou\u010devanju umetnosti, pou\u010devanju skozi umetnost ter uporabo umetni\u0161kih praks v izobra\u017eevanju. Na\u0161 cilj je pristopi h kriti\u010dni kulturni pismenosti skozi prizmo raznolikih dru\u017eb ter razumeti pismenost prek kulturnih in umetni\u0161kih izrazov manj\u0161inskih in obrobnih skupin mladih. Program bo vklju\u010deval razli\u010dne oblike sodelovanja med udele\u017eenci in udele\u017eenkami, izvajalci in izvajalkami ter strokovnjaki in strokovnjakinjami. Udele\u017eenke in udele\u017eenci se lahko nadejate razli\u010dnih predavanj, delavnic ter izletov.","og_url":"https:\/\/www.expectart.eu\/sl\/prijave-na-naso-poletno-solo-so-odprte\/","og_site_name":"EXPECT_Art","article_publisher":"https:\/\/www.facebook.com\/EXPECTArtEU","article_published_time":"2025-04-16T12:21:35+00:00","article_modified_time":"2025-04-16T13:26:27+00:00","og_image":[{"width":2560,"height":1707,"url":"https:\/\/www.expectart.eu\/wp-content\/uploads\/2025\/04\/alp-ancel-WKQt_X-SKFI-unsplash-scaled.jpg","type":"image\/jpeg"}],"author":"Lucija De\u017ean","twitter_card":"summary_large_image","twitter_misc":{"Written by":"Lucija De\u017ean","Est. reading time":"2 minuti"},"schema":{"@context":"https:\/\/schema.org","@graph":[{"@type":"Article","@id":"https:\/\/www.expectart.eu\/sl\/prijave-na-naso-poletno-solo-so-odprte\/#article","isPartOf":{"@id":"https:\/\/www.expectart.eu\/sl\/prijave-na-naso-poletno-solo-so-odprte\/"},"author":{"name":"Lucija De\u017ean","@id":"https:\/\/www.expectart.eu\/#\/schema\/person\/ae99bf994a668be417315983aefbee35"},"headline":"Prijave na na\u0161o poletno \u0161olo so odprte","datePublished":"2025-04-16T12:21:35+00:00","dateModified":"2025-04-16T13:26:27+00:00","mainEntityOfPage":{"@id":"https:\/\/www.expectart.eu\/sl\/prijave-na-naso-poletno-solo-so-odprte\/"},"wordCount":191,"commentCount":0,"publisher":{"@id":"https:\/\/www.expectart.eu\/#organization"},"image":{"@id":"https:\/\/www.expectart.eu\/sl\/prijave-na-naso-poletno-solo-so-odprte\/#primaryimage"},"thumbnailUrl":"https:\/\/www.expectart.eu\/wp-content\/uploads\/2025\/04\/alp-ancel-WKQt_X-SKFI-unsplash-scaled.jpg","articleSection":["novice"],"inLanguage":"sl-SI","potentialAction":[{"@type":"CommentAction","name":"Comment","target":["https:\/\/www.expectart.eu\/sl\/prijave-na-naso-poletno-solo-so-odprte\/#respond"]}]},{"@type":"WebPage","@id":"https:\/\/www.expectart.eu\/sl\/prijave-na-naso-poletno-solo-so-odprte\/","url":"https:\/\/www.expectart.eu\/sl\/prijave-na-naso-poletno-solo-so-odprte\/","name":"Prijave na na\u0161o poletno \u0161olo so odprte - EXPECT_Art","isPartOf":{"@id":"https:\/\/www.expectart.eu\/#website"},"primaryImageOfPage":{"@id":"https:\/\/www.expectart.eu\/sl\/prijave-na-naso-poletno-solo-so-odprte\/#primaryimage"},"image":{"@id":"https:\/\/www.expectart.eu\/sl\/prijave-na-naso-poletno-solo-so-odprte\/#primaryimage"},"thumbnailUrl":"https:\/\/www.expectart.eu\/wp-content\/uploads\/2025\/04\/alp-ancel-WKQt_X-SKFI-unsplash-scaled.jpg","datePublished":"2025-04-16T12:21:35+00:00","dateModified":"2025-04-16T13:26:27+00:00","description":"Osrednja tema bo kulturna pismenost v izobra\u017eevanju, pri \u010demer bomo posebej pozorni na dekolonializacijo u\u010dnih na\u010drtov pri pou\u010devanju umetnosti, pou\u010devanju skozi umetnost ter uporabo umetni\u0161kih praks v izobra\u017eevanju. Na\u0161 cilj je pristopi h kriti\u010dni kulturni pismenosti skozi prizmo raznolikih dru\u017eb ter razumeti pismenost prek kulturnih in umetni\u0161kih izrazov manj\u0161inskih in obrobnih skupin mladih. Program bo vklju\u010deval razli\u010dne oblike sodelovanja med udele\u017eenci in udele\u017eenkami, izvajalci in izvajalkami ter strokovnjaki in strokovnjakinjami. Udele\u017eenke in udele\u017eenci se lahko nadejate razli\u010dnih predavanj, delavnic ter izletov.","breadcrumb":{"@id":"https:\/\/www.expectart.eu\/sl\/prijave-na-naso-poletno-solo-so-odprte\/#breadcrumb"},"inLanguage":"sl-SI","potentialAction":[{"@type":"ReadAction","target":["https:\/\/www.expectart.eu\/sl\/prijave-na-naso-poletno-solo-so-odprte\/"]}]},{"@type":"ImageObject","inLanguage":"sl-SI","@id":"https:\/\/www.expectart.eu\/sl\/prijave-na-naso-poletno-solo-so-odprte\/#primaryimage","url":"https:\/\/www.expectart.eu\/wp-content\/uploads\/2025\/04\/alp-ancel-WKQt_X-SKFI-unsplash-scaled.jpg","contentUrl":"https:\/\/www.expectart.eu\/wp-content\/uploads\/2025\/04\/alp-ancel-WKQt_X-SKFI-unsplash-scaled.jpg","width":2560,"height":1707},{"@type":"BreadcrumbList","@id":"https:\/\/www.expectart.eu\/sl\/prijave-na-naso-poletno-solo-so-odprte\/#breadcrumb","itemListElement":[{"@type":"ListItem","position":1,"name":"Home","item":"https:\/\/www.expectart.eu\/"},{"@type":"ListItem","position":2,"name":"Prijave na na\u0161o poletno \u0161olo so odprte"}]},{"@type":"WebSite","@id":"https:\/\/www.expectart.eu\/#website","url":"https:\/\/www.expectart.eu\/","name":"EXPECT_Art","description":"EU Project","publisher":{"@id":"https:\/\/www.expectart.eu\/#organization"},"potentialAction":[{"@type":"SearchAction","target":{"@type":"EntryPoint","urlTemplate":"https:\/\/www.expectart.eu\/?s={search_term_string}"},"query-input":{"@type":"PropertyValueSpecification","valueRequired":true,"valueName":"search_term_string"}}],"inLanguage":"sl-SI"},{"@type":"Organization","@id":"https:\/\/www.expectart.eu\/#organization","name":"EXPECT_Art","url":"https:\/\/www.expectart.eu\/","logo":{"@type":"ImageObject","inLanguage":"sl-SI","@id":"https:\/\/www.expectart.eu\/#\/schema\/logo\/image\/","url":"https:\/\/www.expectart.eu\/wp-content\/uploads\/2024\/04\/cropped-logo-rgb_without-text-02.png","contentUrl":"https:\/\/www.expectart.eu\/wp-content\/uploads\/2024\/04\/cropped-logo-rgb_without-text-02.png","width":679,"height":139,"caption":"EXPECT_Art"},"image":{"@id":"https:\/\/www.expectart.eu\/#\/schema\/logo\/image\/"},"sameAs":["https:\/\/www.facebook.com\/EXPECTArtEU","https:\/\/www.instagram.com\/expect_art_eu\/"]},{"@type":"Person","@id":"https:\/\/www.expectart.eu\/#\/schema\/person\/ae99bf994a668be417315983aefbee35","name":"Lucija De\u017ean","image":{"@type":"ImageObject","inLanguage":"sl-SI","@id":"https:\/\/secure.gravatar.com\/avatar\/38fab13ea45456fa7cf1d571e5012845567dd73b8a28930af832e7b5f5dc27d5?s=96&d=mm&r=g","url":"https:\/\/secure.gravatar.com\/avatar\/38fab13ea45456fa7cf1d571e5012845567dd73b8a28930af832e7b5f5dc27d5?s=96&d=mm&r=g","contentUrl":"https:\/\/secure.gravatar.com\/avatar\/38fab13ea45456fa7cf1d571e5012845567dd73b8a28930af832e7b5f5dc27d5?s=96&d=mm&r=g","caption":"Lucija De\u017ean"},"url":"https:\/\/www.expectart.eu\/sl\/author\/lucija\/"}]}},"_links":{"self":[{"href":"https:\/\/www.expectart.eu\/sl\/wp-json\/wp\/v2\/posts\/5245","targetHints":{"allow":["GET"]}}],"collection":[{"href":"https:\/\/www.expectart.eu\/sl\/wp-json\/wp\/v2\/posts"}],"about":[{"href":"https:\/\/www.expectart.eu\/sl\/wp-json\/wp\/v2\/types\/post"}],"author":[{"embeddable":true,"href":"https:\/\/www.expectart.eu\/sl\/wp-json\/wp\/v2\/users\/4"}],"replies":[{"embeddable":true,"href":"https:\/\/www.expectart.eu\/sl\/wp-json\/wp\/v2\/comments?post=5245"}],"version-history":[{"count":2,"href":"https:\/\/www.expectart.eu\/sl\/wp-json\/wp\/v2\/posts\/5245\/revisions"}],"predecessor-version":[{"id":5248,"href":"https:\/\/www.expectart.eu\/sl\/wp-json\/wp\/v2\/posts\/5245\/revisions\/5248"}],"wp:featuredmedia":[{"embeddable":true,"href":"https:\/\/www.expectart.eu\/sl\/wp-json\/wp\/v2\/media\/5232"}],"wp:attachment":[{"href":"https:\/\/www.expectart.eu\/sl\/wp-json\/wp\/v2\/media?parent=5245"}],"wp:term":[{"taxonomy":"category","embeddable":true,"href":"https:\/\/www.expectart.eu\/sl\/wp-json\/wp\/v2\/categories?post=5245"},{"taxonomy":"post_tag","embeddable":true,"href":"https:\/\/www.expectart.eu\/sl\/wp-json\/wp\/v2\/tags?post=5245"}],"curies":[{"name":"wp","href":"https:\/\/api.w.org\/{rel}","templated":true}]}}