{"id":3519,"date":"2024-09-30T16:14:08","date_gmt":"2024-09-30T14:14:08","guid":{"rendered":"https:\/\/www.expectart.eu\/?p=3519"},"modified":"2024-12-02T12:01:07","modified_gmt":"2024-12-02T11:01:07","slug":"vabljeni-k-branju-prvega-novicnika","status":"publish","type":"post","link":"https:\/\/www.expectart.eu\/sl\/vabljeni-k-branju-prvega-novicnika\/","title":{"rendered":"Vabljeni k branju prvega novi\u010dnika"},"content":{"rendered":"\n<p>Vabljeni k branju na\u0161ega prvega novi\u010dnika. V njem na kratko pojasnimo, kaj je kriti\u010dna kulturna pismenost in zakaj je pomembna, kak\u0161na je na\u0161a zaveza, poleg tega pa strnjeno predstavimo nekatere klju\u010dne pojme, ki so pomembni za kriti\u010dno kulturno pismenost ter predstavimo partnerje projekta. Naslednji novi\u010dnik po\u0161ljemo novembra.<\/p>\n\n\n\n<div style=\"height:50px\" aria-hidden=\"true\" class=\"wp-block-spacer\"><\/div>\n\n\n\n<div data-wp-interactive=\"core\/file\" class=\"wp-block-file\"><object data-wp-bind--hidden=\"!state.hasPdfPreview\" hidden class=\"wp-block-file__embed\" data=\"https:\/\/www.expectart.eu\/wp-content\/uploads\/2024\/09\/NWL_1_Slovenian.pdf\" type=\"application\/pdf\" style=\"width:100%;height:900px\" aria-label=\"Vdelava NWL_1_Slovenian\"><\/object><a id=\"wp-block-file--media-e3925329-1ea1-4d52-8c2c-a0298538afa8\" href=\"https:\/\/www.expectart.eu\/wp-content\/uploads\/2024\/09\/NWL_1_Slovenian.pdf\">NWL_1_Slovenian<\/a><a href=\"https:\/\/www.expectart.eu\/wp-content\/uploads\/2024\/09\/NWL_1_Slovenian.pdf\" class=\"wp-block-file__button wp-element-button\" download aria-describedby=\"wp-block-file--media-e3925329-1ea1-4d52-8c2c-a0298538afa8\">Download<\/a><\/div>\n\n\n\n<div style=\"height:50px\" aria-hidden=\"true\" class=\"wp-block-spacer\"><\/div>\n\n\n\n<p><em>Financira Evropska unija. Izra\u017eena stali\u0161\u010da in mnenja so zgolj stali\u0161\u010da in mnenja avtorja(-ev) in ni nujno, da odra\u017eajo stali\u0161\u010da in mnenja Evropske unije ali Evropske izvajalske agencije za raziskave (REA). Zanje ne moreta biti odgovorna niti Evropska unija niti REA.<\/em><\/p>\n","protected":false},"excerpt":{"rendered":"<p>Vabljeni k branju na\u0161ega prvega novi\u010dnika. V njem na kratko pojasnimo, kaj je kriti\u010dna kulturna pismenost in zakaj je pomembna, kak\u0161na je na\u0161a zaveza, poleg tega pa strnjeno predstavimo nekatere klju\u010dne pojme, ki so pomembni za kriti\u010dno kulturno pismenost ter predstavimo partnerje projekta. Naslednji novi\u010dnik po\u0161ljemo novembra. Financira Evropska unija. Izra\u017eena stali\u0161\u010da in mnenja so [&hellip;]<\/p>\n","protected":false},"author":1,"featured_media":3528,"comment_status":"open","ping_status":"open","sticky":false,"template":"","format":"standard","meta":{"site-sidebar-layout":"default","site-content-layout":"","ast-site-content-layout":"default","site-content-style":"default","site-sidebar-style":"default","ast-global-header-display":"","ast-banner-title-visibility":"","ast-main-header-display":"","ast-hfb-above-header-display":"","ast-hfb-below-header-display":"","ast-hfb-mobile-header-display":"","site-post-title":"","ast-breadcrumbs-content":"","ast-featured-img":"","footer-sml-layout":"","ast-disable-related-posts":"","theme-transparent-header-meta":"","adv-header-id-meta":"","stick-header-meta":"","header-above-stick-meta":"","header-main-stick-meta":"","header-below-stick-meta":"","astra-migrate-meta-layouts":"set","ast-page-background-enabled":"default","ast-page-background-meta":{"desktop":{"background-color":"","background-image":"","background-repeat":"repeat","background-position":"center center","background-size":"auto","background-attachment":"scroll","background-type":"","background-media":"","overlay-type":"","overlay-color":"","overlay-opacity":"","overlay-gradient":""},"tablet":{"background-color":"","background-image":"","background-repeat":"repeat","background-position":"center center","background-size":"auto","background-attachment":"scroll","background-type":"","background-media":"","overlay-type":"","overlay-color":"","overlay-opacity":"","overlay-gradient":""},"mobile":{"background-color":"","background-image":"","background-repeat":"repeat","background-position":"center center","background-size":"auto","background-attachment":"scroll","background-type":"","background-media":"","overlay-type":"","overlay-color":"","overlay-opacity":"","overlay-gradient":""}},"ast-content-background-meta":{"desktop":{"background-color":"var(--ast-global-color-5)","background-image":"","background-repeat":"repeat","background-position":"center center","background-size":"auto","background-attachment":"scroll","background-type":"","background-media":"","overlay-type":"","overlay-color":"","overlay-opacity":"","overlay-gradient":""},"tablet":{"background-color":"var(--ast-global-color-5)","background-image":"","background-repeat":"repeat","background-position":"center center","background-size":"auto","background-attachment":"scroll","background-type":"","background-media":"","overlay-type":"","overlay-color":"","overlay-opacity":"","overlay-gradient":""},"mobile":{"background-color":"var(--ast-global-color-5)","background-image":"","background-repeat":"repeat","background-position":"center center","background-size":"auto","background-attachment":"scroll","background-type":"","background-media":"","overlay-type":"","overlay-color":"","overlay-opacity":"","overlay-gradient":""}},"footnotes":""},"categories":[58,43],"tags":[],"class_list":["post-3519","post","type-post","status-publish","format-standard","has-post-thumbnail","hentry","category-newsletters_slo","category-novice"],"yoast_head":"<!-- This site is optimized with the Yoast SEO plugin v27.5 - https:\/\/yoast.com\/product\/yoast-seo-wordpress\/ -->\n<title>Vabljeni k branju prvega novi\u010dnika - EXPECT_Art<\/title>\n<meta name=\"robots\" content=\"index, follow, max-snippet:-1, max-image-preview:large, max-video-preview:-1\" \/>\n<link rel=\"canonical\" href=\"https:\/\/www.expectart.eu\/sl\/vabljeni-k-branju-prvega-novicnika\/\" \/>\n<meta property=\"og:locale\" content=\"sl_SI\" \/>\n<meta property=\"og:type\" content=\"article\" \/>\n<meta property=\"og:title\" content=\"Vabljeni k branju prvega novi\u010dnika - EXPECT_Art\" \/>\n<meta property=\"og:description\" content=\"Vabljeni k branju na\u0161ega prvega novi\u010dnika. V njem na kratko pojasnimo, kaj je kriti\u010dna kulturna pismenost in zakaj je pomembna, kak\u0161na je na\u0161a zaveza, poleg tega pa strnjeno predstavimo nekatere klju\u010dne pojme, ki so pomembni za kriti\u010dno kulturno pismenost ter predstavimo partnerje projekta. Naslednji novi\u010dnik po\u0161ljemo novembra. Financira Evropska unija. Izra\u017eena stali\u0161\u010da in mnenja so [&hellip;]\" \/>\n<meta property=\"og:url\" content=\"https:\/\/www.expectart.eu\/sl\/vabljeni-k-branju-prvega-novicnika\/\" \/>\n<meta property=\"og:site_name\" content=\"EXPECT_Art\" \/>\n<meta property=\"article:publisher\" content=\"https:\/\/www.facebook.com\/EXPECTArtEU\" \/>\n<meta property=\"article:published_time\" content=\"2024-09-30T14:14:08+00:00\" \/>\n<meta property=\"article:modified_time\" content=\"2024-12-02T11:01:07+00:00\" \/>\n<meta property=\"og:image\" content=\"https:\/\/www.expectart.eu\/wp-content\/uploads\/2024\/09\/Newsletter-1-SLO.jpg\" \/>\n\t<meta property=\"og:image:width\" content=\"600\" \/>\n\t<meta property=\"og:image:height\" content=\"400\" \/>\n\t<meta property=\"og:image:type\" content=\"image\/jpeg\" \/>\n<meta name=\"author\" content=\"alenka\" \/>\n<meta name=\"twitter:card\" content=\"summary_large_image\" \/>\n<meta name=\"twitter:label1\" content=\"Written by\" \/>\n\t<meta name=\"twitter:data1\" content=\"alenka\" \/>\n\t<meta name=\"twitter:label2\" content=\"Est. reading time\" \/>\n\t<meta name=\"twitter:data2\" content=\"1 minuta\" \/>\n<script type=\"application\/ld+json\" class=\"yoast-schema-graph\">{\"@context\":\"https:\\\/\\\/schema.org\",\"@graph\":[{\"@type\":\"Article\",\"@id\":\"https:\\\/\\\/www.expectart.eu\\\/sl\\\/vabljeni-k-branju-prvega-novicnika\\\/#article\",\"isPartOf\":{\"@id\":\"https:\\\/\\\/www.expectart.eu\\\/sl\\\/vabljeni-k-branju-prvega-novicnika\\\/\"},\"author\":{\"name\":\"alenka\",\"@id\":\"https:\\\/\\\/www.expectart.eu\\\/#\\\/schema\\\/person\\\/9948c89c445fcd3921315c5002966bdf\"},\"headline\":\"Vabljeni k branju prvega novi\u010dnika\",\"datePublished\":\"2024-09-30T14:14:08+00:00\",\"dateModified\":\"2024-12-02T11:01:07+00:00\",\"mainEntityOfPage\":{\"@id\":\"https:\\\/\\\/www.expectart.eu\\\/sl\\\/vabljeni-k-branju-prvega-novicnika\\\/\"},\"wordCount\":111,\"commentCount\":0,\"publisher\":{\"@id\":\"https:\\\/\\\/www.expectart.eu\\\/#organization\"},\"image\":{\"@id\":\"https:\\\/\\\/www.expectart.eu\\\/sl\\\/vabljeni-k-branju-prvega-novicnika\\\/#primaryimage\"},\"thumbnailUrl\":\"https:\\\/\\\/www.expectart.eu\\\/wp-content\\\/uploads\\\/2024\\\/09\\\/Newsletter-1-SLO.jpg\",\"articleSection\":[\"newsletters_SLO\",\"novice\"],\"inLanguage\":\"sl-SI\",\"potentialAction\":[{\"@type\":\"CommentAction\",\"name\":\"Comment\",\"target\":[\"https:\\\/\\\/www.expectart.eu\\\/sl\\\/vabljeni-k-branju-prvega-novicnika\\\/#respond\"]}]},{\"@type\":\"WebPage\",\"@id\":\"https:\\\/\\\/www.expectart.eu\\\/sl\\\/vabljeni-k-branju-prvega-novicnika\\\/\",\"url\":\"https:\\\/\\\/www.expectart.eu\\\/sl\\\/vabljeni-k-branju-prvega-novicnika\\\/\",\"name\":\"Vabljeni k branju prvega novi\u010dnika - EXPECT_Art\",\"isPartOf\":{\"@id\":\"https:\\\/\\\/www.expectart.eu\\\/#website\"},\"primaryImageOfPage\":{\"@id\":\"https:\\\/\\\/www.expectart.eu\\\/sl\\\/vabljeni-k-branju-prvega-novicnika\\\/#primaryimage\"},\"image\":{\"@id\":\"https:\\\/\\\/www.expectart.eu\\\/sl\\\/vabljeni-k-branju-prvega-novicnika\\\/#primaryimage\"},\"thumbnailUrl\":\"https:\\\/\\\/www.expectart.eu\\\/wp-content\\\/uploads\\\/2024\\\/09\\\/Newsletter-1-SLO.jpg\",\"datePublished\":\"2024-09-30T14:14:08+00:00\",\"dateModified\":\"2024-12-02T11:01:07+00:00\",\"breadcrumb\":{\"@id\":\"https:\\\/\\\/www.expectart.eu\\\/sl\\\/vabljeni-k-branju-prvega-novicnika\\\/#breadcrumb\"},\"inLanguage\":\"sl-SI\",\"potentialAction\":[{\"@type\":\"ReadAction\",\"target\":[\"https:\\\/\\\/www.expectart.eu\\\/sl\\\/vabljeni-k-branju-prvega-novicnika\\\/\"]}]},{\"@type\":\"ImageObject\",\"inLanguage\":\"sl-SI\",\"@id\":\"https:\\\/\\\/www.expectart.eu\\\/sl\\\/vabljeni-k-branju-prvega-novicnika\\\/#primaryimage\",\"url\":\"https:\\\/\\\/www.expectart.eu\\\/wp-content\\\/uploads\\\/2024\\\/09\\\/Newsletter-1-SLO.jpg\",\"contentUrl\":\"https:\\\/\\\/www.expectart.eu\\\/wp-content\\\/uploads\\\/2024\\\/09\\\/Newsletter-1-SLO.jpg\",\"width\":600,\"height\":400,\"caption\":\"Newsletter 1 SLO\"},{\"@type\":\"BreadcrumbList\",\"@id\":\"https:\\\/\\\/www.expectart.eu\\\/sl\\\/vabljeni-k-branju-prvega-novicnika\\\/#breadcrumb\",\"itemListElement\":[{\"@type\":\"ListItem\",\"position\":1,\"name\":\"Home\",\"item\":\"https:\\\/\\\/www.expectart.eu\\\/\"},{\"@type\":\"ListItem\",\"position\":2,\"name\":\"Vabljeni k branju prvega novi\u010dnika\"}]},{\"@type\":\"WebSite\",\"@id\":\"https:\\\/\\\/www.expectart.eu\\\/#website\",\"url\":\"https:\\\/\\\/www.expectart.eu\\\/\",\"name\":\"EXPECT_Art\",\"description\":\"EU Project\",\"publisher\":{\"@id\":\"https:\\\/\\\/www.expectart.eu\\\/#organization\"},\"potentialAction\":[{\"@type\":\"SearchAction\",\"target\":{\"@type\":\"EntryPoint\",\"urlTemplate\":\"https:\\\/\\\/www.expectart.eu\\\/?s={search_term_string}\"},\"query-input\":{\"@type\":\"PropertyValueSpecification\",\"valueRequired\":true,\"valueName\":\"search_term_string\"}}],\"inLanguage\":\"sl-SI\"},{\"@type\":\"Organization\",\"@id\":\"https:\\\/\\\/www.expectart.eu\\\/#organization\",\"name\":\"EXPECT_Art\",\"url\":\"https:\\\/\\\/www.expectart.eu\\\/\",\"logo\":{\"@type\":\"ImageObject\",\"inLanguage\":\"sl-SI\",\"@id\":\"https:\\\/\\\/www.expectart.eu\\\/#\\\/schema\\\/logo\\\/image\\\/\",\"url\":\"https:\\\/\\\/www.expectart.eu\\\/wp-content\\\/uploads\\\/2024\\\/04\\\/cropped-logo-rgb_without-text-02.png\",\"contentUrl\":\"https:\\\/\\\/www.expectart.eu\\\/wp-content\\\/uploads\\\/2024\\\/04\\\/cropped-logo-rgb_without-text-02.png\",\"width\":679,\"height\":139,\"caption\":\"EXPECT_Art\"},\"image\":{\"@id\":\"https:\\\/\\\/www.expectart.eu\\\/#\\\/schema\\\/logo\\\/image\\\/\"},\"sameAs\":[\"https:\\\/\\\/www.facebook.com\\\/EXPECTArtEU\",\"https:\\\/\\\/www.instagram.com\\\/expect_art_eu\\\/\"]},{\"@type\":\"Person\",\"@id\":\"https:\\\/\\\/www.expectart.eu\\\/#\\\/schema\\\/person\\\/9948c89c445fcd3921315c5002966bdf\",\"name\":\"alenka\",\"image\":{\"@type\":\"ImageObject\",\"inLanguage\":\"sl-SI\",\"@id\":\"https:\\\/\\\/secure.gravatar.com\\\/avatar\\\/5cc6be1a3b2ca46044364cd068347c8d4c90e5f8ae2432c3a0325b5ac1133bff?s=96&d=mm&r=g\",\"url\":\"https:\\\/\\\/secure.gravatar.com\\\/avatar\\\/5cc6be1a3b2ca46044364cd068347c8d4c90e5f8ae2432c3a0325b5ac1133bff?s=96&d=mm&r=g\",\"contentUrl\":\"https:\\\/\\\/secure.gravatar.com\\\/avatar\\\/5cc6be1a3b2ca46044364cd068347c8d4c90e5f8ae2432c3a0325b5ac1133bff?s=96&d=mm&r=g\",\"caption\":\"alenka\"},\"sameAs\":[\"https:\\\/\\\/www.expectart.eu\"],\"url\":\"https:\\\/\\\/www.expectart.eu\\\/sl\\\/author\\\/alenka\\\/\"}]}<\/script>\n<!-- \/ Yoast SEO plugin. -->","yoast_head_json":{"title":"Vabljeni k branju prvega novi\u010dnika - EXPECT_Art","robots":{"index":"index","follow":"follow","max-snippet":"max-snippet:-1","max-image-preview":"max-image-preview:large","max-video-preview":"max-video-preview:-1"},"canonical":"https:\/\/www.expectart.eu\/sl\/vabljeni-k-branju-prvega-novicnika\/","og_locale":"sl_SI","og_type":"article","og_title":"Vabljeni k branju prvega novi\u010dnika - EXPECT_Art","og_description":"Vabljeni k branju na\u0161ega prvega novi\u010dnika. V njem na kratko pojasnimo, kaj je kriti\u010dna kulturna pismenost in zakaj je pomembna, kak\u0161na je na\u0161a zaveza, poleg tega pa strnjeno predstavimo nekatere klju\u010dne pojme, ki so pomembni za kriti\u010dno kulturno pismenost ter predstavimo partnerje projekta. Naslednji novi\u010dnik po\u0161ljemo novembra. Financira Evropska unija. Izra\u017eena stali\u0161\u010da in mnenja so [&hellip;]","og_url":"https:\/\/www.expectart.eu\/sl\/vabljeni-k-branju-prvega-novicnika\/","og_site_name":"EXPECT_Art","article_publisher":"https:\/\/www.facebook.com\/EXPECTArtEU","article_published_time":"2024-09-30T14:14:08+00:00","article_modified_time":"2024-12-02T11:01:07+00:00","og_image":[{"width":600,"height":400,"url":"https:\/\/www.expectart.eu\/wp-content\/uploads\/2024\/09\/Newsletter-1-SLO.jpg","type":"image\/jpeg"}],"author":"alenka","twitter_card":"summary_large_image","twitter_misc":{"Written by":"alenka","Est. reading time":"1 minuta"},"schema":{"@context":"https:\/\/schema.org","@graph":[{"@type":"Article","@id":"https:\/\/www.expectart.eu\/sl\/vabljeni-k-branju-prvega-novicnika\/#article","isPartOf":{"@id":"https:\/\/www.expectart.eu\/sl\/vabljeni-k-branju-prvega-novicnika\/"},"author":{"name":"alenka","@id":"https:\/\/www.expectart.eu\/#\/schema\/person\/9948c89c445fcd3921315c5002966bdf"},"headline":"Vabljeni k branju prvega novi\u010dnika","datePublished":"2024-09-30T14:14:08+00:00","dateModified":"2024-12-02T11:01:07+00:00","mainEntityOfPage":{"@id":"https:\/\/www.expectart.eu\/sl\/vabljeni-k-branju-prvega-novicnika\/"},"wordCount":111,"commentCount":0,"publisher":{"@id":"https:\/\/www.expectart.eu\/#organization"},"image":{"@id":"https:\/\/www.expectart.eu\/sl\/vabljeni-k-branju-prvega-novicnika\/#primaryimage"},"thumbnailUrl":"https:\/\/www.expectart.eu\/wp-content\/uploads\/2024\/09\/Newsletter-1-SLO.jpg","articleSection":["newsletters_SLO","novice"],"inLanguage":"sl-SI","potentialAction":[{"@type":"CommentAction","name":"Comment","target":["https:\/\/www.expectart.eu\/sl\/vabljeni-k-branju-prvega-novicnika\/#respond"]}]},{"@type":"WebPage","@id":"https:\/\/www.expectart.eu\/sl\/vabljeni-k-branju-prvega-novicnika\/","url":"https:\/\/www.expectart.eu\/sl\/vabljeni-k-branju-prvega-novicnika\/","name":"Vabljeni k branju prvega novi\u010dnika - EXPECT_Art","isPartOf":{"@id":"https:\/\/www.expectart.eu\/#website"},"primaryImageOfPage":{"@id":"https:\/\/www.expectart.eu\/sl\/vabljeni-k-branju-prvega-novicnika\/#primaryimage"},"image":{"@id":"https:\/\/www.expectart.eu\/sl\/vabljeni-k-branju-prvega-novicnika\/#primaryimage"},"thumbnailUrl":"https:\/\/www.expectart.eu\/wp-content\/uploads\/2024\/09\/Newsletter-1-SLO.jpg","datePublished":"2024-09-30T14:14:08+00:00","dateModified":"2024-12-02T11:01:07+00:00","breadcrumb":{"@id":"https:\/\/www.expectart.eu\/sl\/vabljeni-k-branju-prvega-novicnika\/#breadcrumb"},"inLanguage":"sl-SI","potentialAction":[{"@type":"ReadAction","target":["https:\/\/www.expectart.eu\/sl\/vabljeni-k-branju-prvega-novicnika\/"]}]},{"@type":"ImageObject","inLanguage":"sl-SI","@id":"https:\/\/www.expectart.eu\/sl\/vabljeni-k-branju-prvega-novicnika\/#primaryimage","url":"https:\/\/www.expectart.eu\/wp-content\/uploads\/2024\/09\/Newsletter-1-SLO.jpg","contentUrl":"https:\/\/www.expectart.eu\/wp-content\/uploads\/2024\/09\/Newsletter-1-SLO.jpg","width":600,"height":400,"caption":"Newsletter 1 SLO"},{"@type":"BreadcrumbList","@id":"https:\/\/www.expectart.eu\/sl\/vabljeni-k-branju-prvega-novicnika\/#breadcrumb","itemListElement":[{"@type":"ListItem","position":1,"name":"Home","item":"https:\/\/www.expectart.eu\/"},{"@type":"ListItem","position":2,"name":"Vabljeni k branju prvega novi\u010dnika"}]},{"@type":"WebSite","@id":"https:\/\/www.expectart.eu\/#website","url":"https:\/\/www.expectart.eu\/","name":"EXPECT_Art","description":"EU Project","publisher":{"@id":"https:\/\/www.expectart.eu\/#organization"},"potentialAction":[{"@type":"SearchAction","target":{"@type":"EntryPoint","urlTemplate":"https:\/\/www.expectart.eu\/?s={search_term_string}"},"query-input":{"@type":"PropertyValueSpecification","valueRequired":true,"valueName":"search_term_string"}}],"inLanguage":"sl-SI"},{"@type":"Organization","@id":"https:\/\/www.expectart.eu\/#organization","name":"EXPECT_Art","url":"https:\/\/www.expectart.eu\/","logo":{"@type":"ImageObject","inLanguage":"sl-SI","@id":"https:\/\/www.expectart.eu\/#\/schema\/logo\/image\/","url":"https:\/\/www.expectart.eu\/wp-content\/uploads\/2024\/04\/cropped-logo-rgb_without-text-02.png","contentUrl":"https:\/\/www.expectart.eu\/wp-content\/uploads\/2024\/04\/cropped-logo-rgb_without-text-02.png","width":679,"height":139,"caption":"EXPECT_Art"},"image":{"@id":"https:\/\/www.expectart.eu\/#\/schema\/logo\/image\/"},"sameAs":["https:\/\/www.facebook.com\/EXPECTArtEU","https:\/\/www.instagram.com\/expect_art_eu\/"]},{"@type":"Person","@id":"https:\/\/www.expectart.eu\/#\/schema\/person\/9948c89c445fcd3921315c5002966bdf","name":"alenka","image":{"@type":"ImageObject","inLanguage":"sl-SI","@id":"https:\/\/secure.gravatar.com\/avatar\/5cc6be1a3b2ca46044364cd068347c8d4c90e5f8ae2432c3a0325b5ac1133bff?s=96&d=mm&r=g","url":"https:\/\/secure.gravatar.com\/avatar\/5cc6be1a3b2ca46044364cd068347c8d4c90e5f8ae2432c3a0325b5ac1133bff?s=96&d=mm&r=g","contentUrl":"https:\/\/secure.gravatar.com\/avatar\/5cc6be1a3b2ca46044364cd068347c8d4c90e5f8ae2432c3a0325b5ac1133bff?s=96&d=mm&r=g","caption":"alenka"},"sameAs":["https:\/\/www.expectart.eu"],"url":"https:\/\/www.expectart.eu\/sl\/author\/alenka\/"}]}},"_links":{"self":[{"href":"https:\/\/www.expectart.eu\/sl\/wp-json\/wp\/v2\/posts\/3519","targetHints":{"allow":["GET"]}}],"collection":[{"href":"https:\/\/www.expectart.eu\/sl\/wp-json\/wp\/v2\/posts"}],"about":[{"href":"https:\/\/www.expectart.eu\/sl\/wp-json\/wp\/v2\/types\/post"}],"author":[{"embeddable":true,"href":"https:\/\/www.expectart.eu\/sl\/wp-json\/wp\/v2\/users\/1"}],"replies":[{"embeddable":true,"href":"https:\/\/www.expectart.eu\/sl\/wp-json\/wp\/v2\/comments?post=3519"}],"version-history":[{"count":5,"href":"https:\/\/www.expectart.eu\/sl\/wp-json\/wp\/v2\/posts\/3519\/revisions"}],"predecessor-version":[{"id":3661,"href":"https:\/\/www.expectart.eu\/sl\/wp-json\/wp\/v2\/posts\/3519\/revisions\/3661"}],"wp:featuredmedia":[{"embeddable":true,"href":"https:\/\/www.expectart.eu\/sl\/wp-json\/wp\/v2\/media\/3528"}],"wp:attachment":[{"href":"https:\/\/www.expectart.eu\/sl\/wp-json\/wp\/v2\/media?parent=3519"}],"wp:term":[{"taxonomy":"category","embeddable":true,"href":"https:\/\/www.expectart.eu\/sl\/wp-json\/wp\/v2\/categories?post=3519"},{"taxonomy":"post_tag","embeddable":true,"href":"https:\/\/www.expectart.eu\/sl\/wp-json\/wp\/v2\/tags?post=3519"}],"curies":[{"name":"wp","href":"https:\/\/api.w.org\/{rel}","templated":true}]}}