{"id":4950,"date":"2024-09-24T16:06:39","date_gmt":"2024-09-24T14:06:39","guid":{"rendered":"https:\/\/www.expectart.eu\/?p=4950"},"modified":"2025-03-10T12:32:17","modified_gmt":"2025-03-10T11:32:17","slug":"etap-projektu-panstwo-i-sztuka-zakonczony","status":"publish","type":"post","link":"https:\/\/www.expectart.eu\/pl\/etap-projektu-panstwo-i-sztuka-zakonczony\/","title":{"rendered":"Etap projektu &#8222;pa\u0144stwo i sztuka&#8221; zako\u0144czony!"},"content":{"rendered":"\n<p>W dw\u00f3ch raportach, D2.1 i D2.2, podj\u0119li\u015bmy temat krytycznej kompetencji kulturowej na wiele sposob\u00f3w. Pakiet prac badawczych zosta\u0142 opracowany pod kierownictwem zespo\u0142u ekspert\u00f3w z Uniwersytetu w Barcelonie.<\/p>\n\n\n\n<p>W raporcie D2.1 przeanalizowali\u015bmy teoretyczne uj\u0119cia najwa\u017cniejszych perspektyw projektu. Dokument bada r\u00f3\u017cne <strong>podej\u015bcia<\/strong> <strong>teoretyczne<\/strong> w obszarze bada\u0144 nad kluczow\u0105 i krytyczn\u0105 kompetencj\u0105 kulturow\u0105, wielokulturowo\u015b\u0107, teori\u0105 dekolonialn\u0105 oraz badaniami opartymi na spo\u0142eczno\u015bci. Jednocze\u015bnie raport wyja\u015bnia, jak <strong>krytyczna kompetencja kulturowa jest rozumiana w r\u00f3\u017cnych krajach<\/strong>, stanowi\u0105c solidn\u0105 podstaw\u0119 do refleksji i pracy nad tym zagadnieniem w projekcie.<\/p>\n\n\n\n<p>W raporcie D2.2 zgromadzili\u015bmy i opisali\u015bmy szeroki wachlarz metod pracy z krytyczn\u0105 kompetencj\u0105 kulturow\u0105 i sztuk\u0105 w szko\u0142ach oraz innych przestrzeniach edukacyjnych.<\/p>\n\n\n\n<p>B\u0119dziemy na bie\u017c\u0105co informowa\u0107 Was o kolejnych dzia\u0142aniach \u2013 zapraszamy do obserwowania naszych aktualizacji!<\/p>\n","protected":false},"excerpt":{"rendered":"<p>W dw\u00f3ch raportach, D2.1 i D2.2, podj\u0119li\u015bmy temat krytycznej kompetencji kulturowej na wiele sposob\u00f3w. Pakiet prac badawczych zosta\u0142 opracowany pod kierownictwem zespo\u0142u ekspert\u00f3w z Uniwersytetu w Barcelonie. W raporcie D2.1 przeanalizowali\u015bmy teoretyczne uj\u0119cia najwa\u017cniejszych perspektyw projektu. Dokument bada r\u00f3\u017cne podej\u015bcia teoretyczne w obszarze bada\u0144 nad kluczow\u0105 i krytyczn\u0105 kompetencj\u0105 kulturow\u0105, wielokulturowo\u015b\u0107, teori\u0105 dekolonialn\u0105 oraz badaniami [&hellip;]<\/p>\n","protected":false},"author":10,"featured_media":3433,"comment_status":"open","ping_status":"open","sticky":false,"template":"","format":"standard","meta":{"site-sidebar-layout":"default","site-content-layout":"","ast-site-content-layout":"default","site-content-style":"default","site-sidebar-style":"default","ast-global-header-display":"","ast-banner-title-visibility":"","ast-main-header-display":"","ast-hfb-above-header-display":"","ast-hfb-below-header-display":"","ast-hfb-mobile-header-display":"","site-post-title":"","ast-breadcrumbs-content":"","ast-featured-img":"","footer-sml-layout":"","ast-disable-related-posts":"","theme-transparent-header-meta":"","adv-header-id-meta":"","stick-header-meta":"","header-above-stick-meta":"","header-main-stick-meta":"","header-below-stick-meta":"","astra-migrate-meta-layouts":"set","ast-page-background-enabled":"default","ast-page-background-meta":{"desktop":{"background-color":"","background-image":"","background-repeat":"repeat","background-position":"center center","background-size":"auto","background-attachment":"scroll","background-type":"","background-media":"","overlay-type":"","overlay-color":"","overlay-opacity":"","overlay-gradient":""},"tablet":{"background-color":"","background-image":"","background-repeat":"repeat","background-position":"center center","background-size":"auto","background-attachment":"scroll","background-type":"","background-media":"","overlay-type":"","overlay-color":"","overlay-opacity":"","overlay-gradient":""},"mobile":{"background-color":"","background-image":"","background-repeat":"repeat","background-position":"center center","background-size":"auto","background-attachment":"scroll","background-type":"","background-media":"","overlay-type":"","overlay-color":"","overlay-opacity":"","overlay-gradient":""}},"ast-content-background-meta":{"desktop":{"background-color":"var(--ast-global-color-5)","background-image":"","background-repeat":"repeat","background-position":"center center","background-size":"auto","background-attachment":"scroll","background-type":"","background-media":"","overlay-type":"","overlay-color":"","overlay-opacity":"","overlay-gradient":""},"tablet":{"background-color":"var(--ast-global-color-5)","background-image":"","background-repeat":"repeat","background-position":"center center","background-size":"auto","background-attachment":"scroll","background-type":"","background-media":"","overlay-type":"","overlay-color":"","overlay-opacity":"","overlay-gradient":""},"mobile":{"background-color":"var(--ast-global-color-5)","background-image":"","background-repeat":"repeat","background-position":"center center","background-size":"auto","background-attachment":"scroll","background-type":"","background-media":"","overlay-type":"","overlay-color":"","overlay-opacity":"","overlay-gradient":""}},"footnotes":""},"categories":[52],"tags":[],"class_list":["post-4950","post","type-post","status-publish","format-standard","has-post-thumbnail","hentry","category-wiadomosci"],"yoast_head":"<!-- This site is optimized with the Yoast SEO plugin v27.2 - https:\/\/yoast.com\/product\/yoast-seo-wordpress\/ -->\n<title>Etap projektu &quot;pa\u0144stwo i sztuka&quot; zako\u0144czony! - EXPECT_Art<\/title>\n<meta name=\"robots\" content=\"index, follow, max-snippet:-1, max-image-preview:large, max-video-preview:-1\" \/>\n<link rel=\"canonical\" href=\"https:\/\/www.expectart.eu\/pl\/etap-projektu-panstwo-i-sztuka-zakonczony\/\" \/>\n<meta property=\"og:locale\" content=\"pl_PL\" \/>\n<meta property=\"og:type\" content=\"article\" \/>\n<meta property=\"og:title\" content=\"Etap projektu &quot;pa\u0144stwo i sztuka&quot; zako\u0144czony! - EXPECT_Art\" \/>\n<meta property=\"og:description\" content=\"W dw\u00f3ch raportach, D2.1 i D2.2, podj\u0119li\u015bmy temat krytycznej kompetencji kulturowej na wiele sposob\u00f3w. Pakiet prac badawczych zosta\u0142 opracowany pod kierownictwem zespo\u0142u ekspert\u00f3w z Uniwersytetu w Barcelonie. W raporcie D2.1 przeanalizowali\u015bmy teoretyczne uj\u0119cia najwa\u017cniejszych perspektyw projektu. Dokument bada r\u00f3\u017cne podej\u015bcia teoretyczne w obszarze bada\u0144 nad kluczow\u0105 i krytyczn\u0105 kompetencj\u0105 kulturow\u0105, wielokulturowo\u015b\u0107, teori\u0105 dekolonialn\u0105 oraz badaniami [&hellip;]\" \/>\n<meta property=\"og:url\" content=\"https:\/\/www.expectart.eu\/pl\/etap-projektu-panstwo-i-sztuka-zakonczony\/\" \/>\n<meta property=\"og:site_name\" content=\"EXPECT_Art\" \/>\n<meta property=\"article:publisher\" content=\"https:\/\/www.facebook.com\/EXPECTArtEU\" \/>\n<meta property=\"article:published_time\" content=\"2024-09-24T14:06:39+00:00\" \/>\n<meta property=\"article:modified_time\" content=\"2025-03-10T11:32:17+00:00\" \/>\n<meta property=\"og:image\" content=\"https:\/\/www.expectart.eu\/wp-content\/uploads\/2024\/09\/3.-novica-landscape.png\" \/>\n\t<meta property=\"og:image:width\" content=\"497\" \/>\n\t<meta property=\"og:image:height\" content=\"260\" \/>\n\t<meta property=\"og:image:type\" content=\"image\/png\" \/>\n<meta name=\"author\" content=\"Klaudia Kaptur\" \/>\n<meta name=\"twitter:card\" content=\"summary_large_image\" \/>\n<meta name=\"twitter:label1\" content=\"Napisane przez\" \/>\n\t<meta name=\"twitter:data1\" content=\"Klaudia Kaptur\" \/>\n\t<meta name=\"twitter:label2\" content=\"Szacowany czas czytania\" \/>\n\t<meta name=\"twitter:data2\" content=\"1 minuta\" \/>\n<script type=\"application\/ld+json\" class=\"yoast-schema-graph\">{\"@context\":\"https:\/\/schema.org\",\"@graph\":[{\"@type\":\"Article\",\"@id\":\"https:\/\/www.expectart.eu\/pl\/etap-projektu-panstwo-i-sztuka-zakonczony\/#article\",\"isPartOf\":{\"@id\":\"https:\/\/www.expectart.eu\/pl\/etap-projektu-panstwo-i-sztuka-zakonczony\/\"},\"author\":{\"name\":\"Klaudia Kaptur\",\"@id\":\"https:\/\/www.expectart.eu\/#\/schema\/person\/0f7e244f77007a292ce3391b8c25607a\"},\"headline\":\"Etap projektu &#8222;pa\u0144stwo i sztuka&#8221; zako\u0144czony!\",\"datePublished\":\"2024-09-24T14:06:39+00:00\",\"dateModified\":\"2025-03-10T11:32:17+00:00\",\"mainEntityOfPage\":{\"@id\":\"https:\/\/www.expectart.eu\/pl\/etap-projektu-panstwo-i-sztuka-zakonczony\/\"},\"wordCount\":148,\"commentCount\":0,\"publisher\":{\"@id\":\"https:\/\/www.expectart.eu\/#organization\"},\"image\":{\"@id\":\"https:\/\/www.expectart.eu\/pl\/etap-projektu-panstwo-i-sztuka-zakonczony\/#primaryimage\"},\"thumbnailUrl\":\"https:\/\/www.expectart.eu\/wp-content\/uploads\/2024\/09\/3.-novica-landscape.png\",\"articleSection\":[\"Wiadomosci\"],\"inLanguage\":\"pl-PL\",\"potentialAction\":[{\"@type\":\"CommentAction\",\"name\":\"Comment\",\"target\":[\"https:\/\/www.expectart.eu\/pl\/etap-projektu-panstwo-i-sztuka-zakonczony\/#respond\"]}]},{\"@type\":\"WebPage\",\"@id\":\"https:\/\/www.expectart.eu\/pl\/etap-projektu-panstwo-i-sztuka-zakonczony\/\",\"url\":\"https:\/\/www.expectart.eu\/pl\/etap-projektu-panstwo-i-sztuka-zakonczony\/\",\"name\":\"Etap projektu \\\"pa\u0144stwo i sztuka\\\" zako\u0144czony! - EXPECT_Art\",\"isPartOf\":{\"@id\":\"https:\/\/www.expectart.eu\/#website\"},\"primaryImageOfPage\":{\"@id\":\"https:\/\/www.expectart.eu\/pl\/etap-projektu-panstwo-i-sztuka-zakonczony\/#primaryimage\"},\"image\":{\"@id\":\"https:\/\/www.expectart.eu\/pl\/etap-projektu-panstwo-i-sztuka-zakonczony\/#primaryimage\"},\"thumbnailUrl\":\"https:\/\/www.expectart.eu\/wp-content\/uploads\/2024\/09\/3.-novica-landscape.png\",\"datePublished\":\"2024-09-24T14:06:39+00:00\",\"dateModified\":\"2025-03-10T11:32:17+00:00\",\"breadcrumb\":{\"@id\":\"https:\/\/www.expectart.eu\/pl\/etap-projektu-panstwo-i-sztuka-zakonczony\/#breadcrumb\"},\"inLanguage\":\"pl-PL\",\"potentialAction\":[{\"@type\":\"ReadAction\",\"target\":[\"https:\/\/www.expectart.eu\/pl\/etap-projektu-panstwo-i-sztuka-zakonczony\/\"]}]},{\"@type\":\"ImageObject\",\"inLanguage\":\"pl-PL\",\"@id\":\"https:\/\/www.expectart.eu\/pl\/etap-projektu-panstwo-i-sztuka-zakonczony\/#primaryimage\",\"url\":\"https:\/\/www.expectart.eu\/wp-content\/uploads\/2024\/09\/3.-novica-landscape.png\",\"contentUrl\":\"https:\/\/www.expectart.eu\/wp-content\/uploads\/2024\/09\/3.-novica-landscape.png\",\"width\":497,\"height\":260,\"caption\":\"3. novica landscape\"},{\"@type\":\"BreadcrumbList\",\"@id\":\"https:\/\/www.expectart.eu\/pl\/etap-projektu-panstwo-i-sztuka-zakonczony\/#breadcrumb\",\"itemListElement\":[{\"@type\":\"ListItem\",\"position\":1,\"name\":\"Home\",\"item\":\"https:\/\/www.expectart.eu\/\"},{\"@type\":\"ListItem\",\"position\":2,\"name\":\"Etap projektu &#8222;pa\u0144stwo i sztuka&#8221; zako\u0144czony!\"}]},{\"@type\":\"WebSite\",\"@id\":\"https:\/\/www.expectart.eu\/#website\",\"url\":\"https:\/\/www.expectart.eu\/\",\"name\":\"EXPECT_Art\",\"description\":\"EU Project\",\"publisher\":{\"@id\":\"https:\/\/www.expectart.eu\/#organization\"},\"potentialAction\":[{\"@type\":\"SearchAction\",\"target\":{\"@type\":\"EntryPoint\",\"urlTemplate\":\"https:\/\/www.expectart.eu\/?s={search_term_string}\"},\"query-input\":{\"@type\":\"PropertyValueSpecification\",\"valueRequired\":true,\"valueName\":\"search_term_string\"}}],\"inLanguage\":\"pl-PL\"},{\"@type\":\"Organization\",\"@id\":\"https:\/\/www.expectart.eu\/#organization\",\"name\":\"EXPECT_Art\",\"url\":\"https:\/\/www.expectart.eu\/\",\"logo\":{\"@type\":\"ImageObject\",\"inLanguage\":\"pl-PL\",\"@id\":\"https:\/\/www.expectart.eu\/#\/schema\/logo\/image\/\",\"url\":\"https:\/\/www.expectart.eu\/wp-content\/uploads\/2024\/04\/cropped-logo-rgb_without-text-02.png\",\"contentUrl\":\"https:\/\/www.expectart.eu\/wp-content\/uploads\/2024\/04\/cropped-logo-rgb_without-text-02.png\",\"width\":679,\"height\":139,\"caption\":\"EXPECT_Art\"},\"image\":{\"@id\":\"https:\/\/www.expectart.eu\/#\/schema\/logo\/image\/\"},\"sameAs\":[\"https:\/\/www.facebook.com\/EXPECTArtEU\",\"https:\/\/www.instagram.com\/expect_art_eu\/\"]},{\"@type\":\"Person\",\"@id\":\"https:\/\/www.expectart.eu\/#\/schema\/person\/0f7e244f77007a292ce3391b8c25607a\",\"name\":\"Klaudia Kaptur\",\"image\":{\"@type\":\"ImageObject\",\"inLanguage\":\"pl-PL\",\"@id\":\"https:\/\/secure.gravatar.com\/avatar\/c25a7e69184dd48b4f9311dacaa90c7287e4e1704c3c6a040b3a1a0a3ebb7e81?s=96&d=mm&r=g\",\"url\":\"https:\/\/secure.gravatar.com\/avatar\/c25a7e69184dd48b4f9311dacaa90c7287e4e1704c3c6a040b3a1a0a3ebb7e81?s=96&d=mm&r=g\",\"contentUrl\":\"https:\/\/secure.gravatar.com\/avatar\/c25a7e69184dd48b4f9311dacaa90c7287e4e1704c3c6a040b3a1a0a3ebb7e81?s=96&d=mm&r=g\",\"caption\":\"Klaudia Kaptur\"},\"url\":\"https:\/\/www.expectart.eu\/pl\/author\/klaudia\/\"}]}<\/script>\n<!-- \/ Yoast SEO plugin. -->","yoast_head_json":{"title":"Etap projektu \"pa\u0144stwo i sztuka\" zako\u0144czony! - EXPECT_Art","robots":{"index":"index","follow":"follow","max-snippet":"max-snippet:-1","max-image-preview":"max-image-preview:large","max-video-preview":"max-video-preview:-1"},"canonical":"https:\/\/www.expectart.eu\/pl\/etap-projektu-panstwo-i-sztuka-zakonczony\/","og_locale":"pl_PL","og_type":"article","og_title":"Etap projektu \"pa\u0144stwo i sztuka\" zako\u0144czony! - EXPECT_Art","og_description":"W dw\u00f3ch raportach, D2.1 i D2.2, podj\u0119li\u015bmy temat krytycznej kompetencji kulturowej na wiele sposob\u00f3w. Pakiet prac badawczych zosta\u0142 opracowany pod kierownictwem zespo\u0142u ekspert\u00f3w z Uniwersytetu w Barcelonie. W raporcie D2.1 przeanalizowali\u015bmy teoretyczne uj\u0119cia najwa\u017cniejszych perspektyw projektu. Dokument bada r\u00f3\u017cne podej\u015bcia teoretyczne w obszarze bada\u0144 nad kluczow\u0105 i krytyczn\u0105 kompetencj\u0105 kulturow\u0105, wielokulturowo\u015b\u0107, teori\u0105 dekolonialn\u0105 oraz badaniami [&hellip;]","og_url":"https:\/\/www.expectart.eu\/pl\/etap-projektu-panstwo-i-sztuka-zakonczony\/","og_site_name":"EXPECT_Art","article_publisher":"https:\/\/www.facebook.com\/EXPECTArtEU","article_published_time":"2024-09-24T14:06:39+00:00","article_modified_time":"2025-03-10T11:32:17+00:00","og_image":[{"width":497,"height":260,"url":"https:\/\/www.expectart.eu\/wp-content\/uploads\/2024\/09\/3.-novica-landscape.png","type":"image\/png"}],"author":"Klaudia Kaptur","twitter_card":"summary_large_image","twitter_misc":{"Napisane przez":"Klaudia Kaptur","Szacowany czas czytania":"1 minuta"},"schema":{"@context":"https:\/\/schema.org","@graph":[{"@type":"Article","@id":"https:\/\/www.expectart.eu\/pl\/etap-projektu-panstwo-i-sztuka-zakonczony\/#article","isPartOf":{"@id":"https:\/\/www.expectart.eu\/pl\/etap-projektu-panstwo-i-sztuka-zakonczony\/"},"author":{"name":"Klaudia Kaptur","@id":"https:\/\/www.expectart.eu\/#\/schema\/person\/0f7e244f77007a292ce3391b8c25607a"},"headline":"Etap projektu &#8222;pa\u0144stwo i sztuka&#8221; zako\u0144czony!","datePublished":"2024-09-24T14:06:39+00:00","dateModified":"2025-03-10T11:32:17+00:00","mainEntityOfPage":{"@id":"https:\/\/www.expectart.eu\/pl\/etap-projektu-panstwo-i-sztuka-zakonczony\/"},"wordCount":148,"commentCount":0,"publisher":{"@id":"https:\/\/www.expectart.eu\/#organization"},"image":{"@id":"https:\/\/www.expectart.eu\/pl\/etap-projektu-panstwo-i-sztuka-zakonczony\/#primaryimage"},"thumbnailUrl":"https:\/\/www.expectart.eu\/wp-content\/uploads\/2024\/09\/3.-novica-landscape.png","articleSection":["Wiadomosci"],"inLanguage":"pl-PL","potentialAction":[{"@type":"CommentAction","name":"Comment","target":["https:\/\/www.expectart.eu\/pl\/etap-projektu-panstwo-i-sztuka-zakonczony\/#respond"]}]},{"@type":"WebPage","@id":"https:\/\/www.expectart.eu\/pl\/etap-projektu-panstwo-i-sztuka-zakonczony\/","url":"https:\/\/www.expectart.eu\/pl\/etap-projektu-panstwo-i-sztuka-zakonczony\/","name":"Etap projektu \"pa\u0144stwo i sztuka\" zako\u0144czony! - EXPECT_Art","isPartOf":{"@id":"https:\/\/www.expectart.eu\/#website"},"primaryImageOfPage":{"@id":"https:\/\/www.expectart.eu\/pl\/etap-projektu-panstwo-i-sztuka-zakonczony\/#primaryimage"},"image":{"@id":"https:\/\/www.expectart.eu\/pl\/etap-projektu-panstwo-i-sztuka-zakonczony\/#primaryimage"},"thumbnailUrl":"https:\/\/www.expectart.eu\/wp-content\/uploads\/2024\/09\/3.-novica-landscape.png","datePublished":"2024-09-24T14:06:39+00:00","dateModified":"2025-03-10T11:32:17+00:00","breadcrumb":{"@id":"https:\/\/www.expectart.eu\/pl\/etap-projektu-panstwo-i-sztuka-zakonczony\/#breadcrumb"},"inLanguage":"pl-PL","potentialAction":[{"@type":"ReadAction","target":["https:\/\/www.expectart.eu\/pl\/etap-projektu-panstwo-i-sztuka-zakonczony\/"]}]},{"@type":"ImageObject","inLanguage":"pl-PL","@id":"https:\/\/www.expectart.eu\/pl\/etap-projektu-panstwo-i-sztuka-zakonczony\/#primaryimage","url":"https:\/\/www.expectart.eu\/wp-content\/uploads\/2024\/09\/3.-novica-landscape.png","contentUrl":"https:\/\/www.expectart.eu\/wp-content\/uploads\/2024\/09\/3.-novica-landscape.png","width":497,"height":260,"caption":"3. novica landscape"},{"@type":"BreadcrumbList","@id":"https:\/\/www.expectart.eu\/pl\/etap-projektu-panstwo-i-sztuka-zakonczony\/#breadcrumb","itemListElement":[{"@type":"ListItem","position":1,"name":"Home","item":"https:\/\/www.expectart.eu\/"},{"@type":"ListItem","position":2,"name":"Etap projektu &#8222;pa\u0144stwo i sztuka&#8221; zako\u0144czony!"}]},{"@type":"WebSite","@id":"https:\/\/www.expectart.eu\/#website","url":"https:\/\/www.expectart.eu\/","name":"EXPECT_Art","description":"EU Project","publisher":{"@id":"https:\/\/www.expectart.eu\/#organization"},"potentialAction":[{"@type":"SearchAction","target":{"@type":"EntryPoint","urlTemplate":"https:\/\/www.expectart.eu\/?s={search_term_string}"},"query-input":{"@type":"PropertyValueSpecification","valueRequired":true,"valueName":"search_term_string"}}],"inLanguage":"pl-PL"},{"@type":"Organization","@id":"https:\/\/www.expectart.eu\/#organization","name":"EXPECT_Art","url":"https:\/\/www.expectart.eu\/","logo":{"@type":"ImageObject","inLanguage":"pl-PL","@id":"https:\/\/www.expectart.eu\/#\/schema\/logo\/image\/","url":"https:\/\/www.expectart.eu\/wp-content\/uploads\/2024\/04\/cropped-logo-rgb_without-text-02.png","contentUrl":"https:\/\/www.expectart.eu\/wp-content\/uploads\/2024\/04\/cropped-logo-rgb_without-text-02.png","width":679,"height":139,"caption":"EXPECT_Art"},"image":{"@id":"https:\/\/www.expectart.eu\/#\/schema\/logo\/image\/"},"sameAs":["https:\/\/www.facebook.com\/EXPECTArtEU","https:\/\/www.instagram.com\/expect_art_eu\/"]},{"@type":"Person","@id":"https:\/\/www.expectart.eu\/#\/schema\/person\/0f7e244f77007a292ce3391b8c25607a","name":"Klaudia Kaptur","image":{"@type":"ImageObject","inLanguage":"pl-PL","@id":"https:\/\/secure.gravatar.com\/avatar\/c25a7e69184dd48b4f9311dacaa90c7287e4e1704c3c6a040b3a1a0a3ebb7e81?s=96&d=mm&r=g","url":"https:\/\/secure.gravatar.com\/avatar\/c25a7e69184dd48b4f9311dacaa90c7287e4e1704c3c6a040b3a1a0a3ebb7e81?s=96&d=mm&r=g","contentUrl":"https:\/\/secure.gravatar.com\/avatar\/c25a7e69184dd48b4f9311dacaa90c7287e4e1704c3c6a040b3a1a0a3ebb7e81?s=96&d=mm&r=g","caption":"Klaudia Kaptur"},"url":"https:\/\/www.expectart.eu\/pl\/author\/klaudia\/"}]}},"_links":{"self":[{"href":"https:\/\/www.expectart.eu\/pl\/wp-json\/wp\/v2\/posts\/4950","targetHints":{"allow":["GET"]}}],"collection":[{"href":"https:\/\/www.expectart.eu\/pl\/wp-json\/wp\/v2\/posts"}],"about":[{"href":"https:\/\/www.expectart.eu\/pl\/wp-json\/wp\/v2\/types\/post"}],"author":[{"embeddable":true,"href":"https:\/\/www.expectart.eu\/pl\/wp-json\/wp\/v2\/users\/10"}],"replies":[{"embeddable":true,"href":"https:\/\/www.expectart.eu\/pl\/wp-json\/wp\/v2\/comments?post=4950"}],"version-history":[{"count":1,"href":"https:\/\/www.expectart.eu\/pl\/wp-json\/wp\/v2\/posts\/4950\/revisions"}],"predecessor-version":[{"id":4951,"href":"https:\/\/www.expectart.eu\/pl\/wp-json\/wp\/v2\/posts\/4950\/revisions\/4951"}],"wp:featuredmedia":[{"embeddable":true,"href":"https:\/\/www.expectart.eu\/pl\/wp-json\/wp\/v2\/media\/3433"}],"wp:attachment":[{"href":"https:\/\/www.expectart.eu\/pl\/wp-json\/wp\/v2\/media?parent=4950"}],"wp:term":[{"taxonomy":"category","embeddable":true,"href":"https:\/\/www.expectart.eu\/pl\/wp-json\/wp\/v2\/categories?post=4950"},{"taxonomy":"post_tag","embeddable":true,"href":"https:\/\/www.expectart.eu\/pl\/wp-json\/wp\/v2\/tags?post=4950"}],"curies":[{"name":"wp","href":"https:\/\/api.w.org\/{rel}","templated":true}]}}