{"id":4948,"date":"2024-09-24T16:03:42","date_gmt":"2024-09-24T14:03:42","guid":{"rendered":"https:\/\/www.expectart.eu\/?p=4948"},"modified":"2025-03-10T12:16:30","modified_gmt":"2025-03-10T11:16:30","slug":"kreatywnosc-w-naszym-slowenskim-zespole","status":"publish","type":"post","link":"https:\/\/www.expectart.eu\/pl\/kreatywnosc-w-naszym-slowenskim-zespole\/","title":{"rendered":"Kreatywno\u015b\u0107 w naszym s\u0142owe\u0144skim zespole"},"content":{"rendered":"\n<p>S\u0142owe\u0144ski zesp\u00f3\u0142 badaczy z Centrum Naukowo-Badawczego w Koprze oraz artystyczny partner Portret odbyli spotkanie dotycz\u0105ce pracy terenowej i wsp\u00f3\u0142pracy z dzie\u0107mi oraz ich powi\u0105za\u0144 z krytyczn\u0105 \u015bwiadomo\u015bci\u0105 kulturow\u0105. Om\u00f3wiono szko\u0142y, w kt\u00f3rych odb\u0119dzie si\u0119 praca terenowa, r\u00f3\u017cne formy ekspresji artystycznej, kt\u00f3re zostan\u0105 uwzgl\u0119dnione w projekcie, oraz zagadnienia badawcze istotne dla realizacji przedsi\u0119wzi\u0119cia.<\/p>\n\n\n\n<p>Praca terenowa w S\u0142owenii odb\u0119dzie si\u0119 w Koprze i Mariborze, a my ju\u017c z niecierpliwo\u015bci\u0105 czekamy na pierwsze do\u015bwiadczenia z tego etapu bada\u0144.<\/p>\n\n\n\n<p><\/p>\n","protected":false},"excerpt":{"rendered":"<p>S\u0142owe\u0144ski zesp\u00f3\u0142 badaczy z Centrum Naukowo-Badawczego w Koprze oraz artystyczny partner Portret odbyli spotkanie dotycz\u0105ce pracy terenowej i wsp\u00f3\u0142pracy z dzie\u0107mi oraz ich powi\u0105za\u0144 z krytyczn\u0105 \u015bwiadomo\u015bci\u0105 kulturow\u0105. Om\u00f3wiono szko\u0142y, w kt\u00f3rych odb\u0119dzie si\u0119 praca terenowa, r\u00f3\u017cne formy ekspresji artystycznej, kt\u00f3re zostan\u0105 uwzgl\u0119dnione w projekcie, oraz zagadnienia badawcze istotne dla realizacji przedsi\u0119wzi\u0119cia. Praca terenowa w [&hellip;]<\/p>\n","protected":false},"author":10,"featured_media":3422,"comment_status":"open","ping_status":"open","sticky":false,"template":"","format":"standard","meta":{"site-sidebar-layout":"default","site-content-layout":"","ast-site-content-layout":"default","site-content-style":"default","site-sidebar-style":"default","ast-global-header-display":"","ast-banner-title-visibility":"","ast-main-header-display":"","ast-hfb-above-header-display":"","ast-hfb-below-header-display":"","ast-hfb-mobile-header-display":"","site-post-title":"","ast-breadcrumbs-content":"","ast-featured-img":"","footer-sml-layout":"","ast-disable-related-posts":"","theme-transparent-header-meta":"","adv-header-id-meta":"","stick-header-meta":"","header-above-stick-meta":"","header-main-stick-meta":"","header-below-stick-meta":"","astra-migrate-meta-layouts":"set","ast-page-background-enabled":"default","ast-page-background-meta":{"desktop":{"background-color":"","background-image":"","background-repeat":"repeat","background-position":"center center","background-size":"auto","background-attachment":"scroll","background-type":"","background-media":"","overlay-type":"","overlay-color":"","overlay-opacity":"","overlay-gradient":""},"tablet":{"background-color":"","background-image":"","background-repeat":"repeat","background-position":"center center","background-size":"auto","background-attachment":"scroll","background-type":"","background-media":"","overlay-type":"","overlay-color":"","overlay-opacity":"","overlay-gradient":""},"mobile":{"background-color":"","background-image":"","background-repeat":"repeat","background-position":"center center","background-size":"auto","background-attachment":"scroll","background-type":"","background-media":"","overlay-type":"","overlay-color":"","overlay-opacity":"","overlay-gradient":""}},"ast-content-background-meta":{"desktop":{"background-color":"var(--ast-global-color-5)","background-image":"","background-repeat":"repeat","background-position":"center center","background-size":"auto","background-attachment":"scroll","background-type":"","background-media":"","overlay-type":"","overlay-color":"","overlay-opacity":"","overlay-gradient":""},"tablet":{"background-color":"var(--ast-global-color-5)","background-image":"","background-repeat":"repeat","background-position":"center center","background-size":"auto","background-attachment":"scroll","background-type":"","background-media":"","overlay-type":"","overlay-color":"","overlay-opacity":"","overlay-gradient":""},"mobile":{"background-color":"var(--ast-global-color-5)","background-image":"","background-repeat":"repeat","background-position":"center center","background-size":"auto","background-attachment":"scroll","background-type":"","background-media":"","overlay-type":"","overlay-color":"","overlay-opacity":"","overlay-gradient":""}},"footnotes":""},"categories":[52],"tags":[],"class_list":["post-4948","post","type-post","status-publish","format-standard","has-post-thumbnail","hentry","category-wiadomosci"],"yoast_head":"<!-- This site is optimized with the Yoast SEO plugin v27.2 - https:\/\/yoast.com\/product\/yoast-seo-wordpress\/ -->\n<title>Kreatywno\u015b\u0107 w naszym s\u0142owe\u0144skim zespole - EXPECT_Art<\/title>\n<meta name=\"robots\" content=\"index, follow, max-snippet:-1, max-image-preview:large, max-video-preview:-1\" \/>\n<link rel=\"canonical\" href=\"https:\/\/www.expectart.eu\/pl\/kreatywnosc-w-naszym-slowenskim-zespole\/\" \/>\n<meta property=\"og:locale\" content=\"pl_PL\" \/>\n<meta property=\"og:type\" content=\"article\" \/>\n<meta property=\"og:title\" content=\"Kreatywno\u015b\u0107 w naszym s\u0142owe\u0144skim zespole - EXPECT_Art\" \/>\n<meta property=\"og:description\" content=\"S\u0142owe\u0144ski zesp\u00f3\u0142 badaczy z Centrum Naukowo-Badawczego w Koprze oraz artystyczny partner Portret odbyli spotkanie dotycz\u0105ce pracy terenowej i wsp\u00f3\u0142pracy z dzie\u0107mi oraz ich powi\u0105za\u0144 z krytyczn\u0105 \u015bwiadomo\u015bci\u0105 kulturow\u0105. Om\u00f3wiono szko\u0142y, w kt\u00f3rych odb\u0119dzie si\u0119 praca terenowa, r\u00f3\u017cne formy ekspresji artystycznej, kt\u00f3re zostan\u0105 uwzgl\u0119dnione w projekcie, oraz zagadnienia badawcze istotne dla realizacji przedsi\u0119wzi\u0119cia. Praca terenowa w [&hellip;]\" \/>\n<meta property=\"og:url\" content=\"https:\/\/www.expectart.eu\/pl\/kreatywnosc-w-naszym-slowenskim-zespole\/\" \/>\n<meta property=\"og:site_name\" content=\"EXPECT_Art\" \/>\n<meta property=\"article:publisher\" content=\"https:\/\/www.facebook.com\/EXPECTArtEU\" \/>\n<meta property=\"article:published_time\" content=\"2024-09-24T14:03:42+00:00\" \/>\n<meta property=\"article:modified_time\" content=\"2025-03-10T11:16:30+00:00\" \/>\n<meta property=\"og:image\" content=\"https:\/\/www.expectart.eu\/wp-content\/uploads\/2024\/09\/4.-novica.jpg\" \/>\n\t<meta property=\"og:image:width\" content=\"1200\" \/>\n\t<meta property=\"og:image:height\" content=\"900\" \/>\n\t<meta property=\"og:image:type\" content=\"image\/jpeg\" \/>\n<meta name=\"author\" content=\"Klaudia Kaptur\" \/>\n<meta name=\"twitter:card\" content=\"summary_large_image\" \/>\n<meta name=\"twitter:label1\" content=\"Napisane przez\" \/>\n\t<meta name=\"twitter:data1\" content=\"Klaudia Kaptur\" \/>\n\t<meta name=\"twitter:label2\" content=\"Szacowany czas czytania\" \/>\n\t<meta name=\"twitter:data2\" content=\"1 minuta\" \/>\n<script type=\"application\/ld+json\" class=\"yoast-schema-graph\">{\"@context\":\"https:\/\/schema.org\",\"@graph\":[{\"@type\":\"Article\",\"@id\":\"https:\/\/www.expectart.eu\/pl\/kreatywnosc-w-naszym-slowenskim-zespole\/#article\",\"isPartOf\":{\"@id\":\"https:\/\/www.expectart.eu\/pl\/kreatywnosc-w-naszym-slowenskim-zespole\/\"},\"author\":{\"name\":\"Klaudia Kaptur\",\"@id\":\"https:\/\/www.expectart.eu\/#\/schema\/person\/0f7e244f77007a292ce3391b8c25607a\"},\"headline\":\"Kreatywno\u015b\u0107 w naszym s\u0142owe\u0144skim zespole\",\"datePublished\":\"2024-09-24T14:03:42+00:00\",\"dateModified\":\"2025-03-10T11:16:30+00:00\",\"mainEntityOfPage\":{\"@id\":\"https:\/\/www.expectart.eu\/pl\/kreatywnosc-w-naszym-slowenskim-zespole\/\"},\"wordCount\":102,\"commentCount\":0,\"publisher\":{\"@id\":\"https:\/\/www.expectart.eu\/#organization\"},\"image\":{\"@id\":\"https:\/\/www.expectart.eu\/pl\/kreatywnosc-w-naszym-slowenskim-zespole\/#primaryimage\"},\"thumbnailUrl\":\"https:\/\/www.expectart.eu\/wp-content\/uploads\/2024\/09\/4.-novica.jpg\",\"articleSection\":[\"Wiadomosci\"],\"inLanguage\":\"pl-PL\",\"potentialAction\":[{\"@type\":\"CommentAction\",\"name\":\"Comment\",\"target\":[\"https:\/\/www.expectart.eu\/pl\/kreatywnosc-w-naszym-slowenskim-zespole\/#respond\"]}]},{\"@type\":\"WebPage\",\"@id\":\"https:\/\/www.expectart.eu\/pl\/kreatywnosc-w-naszym-slowenskim-zespole\/\",\"url\":\"https:\/\/www.expectart.eu\/pl\/kreatywnosc-w-naszym-slowenskim-zespole\/\",\"name\":\"Kreatywno\u015b\u0107 w naszym s\u0142owe\u0144skim zespole - EXPECT_Art\",\"isPartOf\":{\"@id\":\"https:\/\/www.expectart.eu\/#website\"},\"primaryImageOfPage\":{\"@id\":\"https:\/\/www.expectart.eu\/pl\/kreatywnosc-w-naszym-slowenskim-zespole\/#primaryimage\"},\"image\":{\"@id\":\"https:\/\/www.expectart.eu\/pl\/kreatywnosc-w-naszym-slowenskim-zespole\/#primaryimage\"},\"thumbnailUrl\":\"https:\/\/www.expectart.eu\/wp-content\/uploads\/2024\/09\/4.-novica.jpg\",\"datePublished\":\"2024-09-24T14:03:42+00:00\",\"dateModified\":\"2025-03-10T11:16:30+00:00\",\"breadcrumb\":{\"@id\":\"https:\/\/www.expectart.eu\/pl\/kreatywnosc-w-naszym-slowenskim-zespole\/#breadcrumb\"},\"inLanguage\":\"pl-PL\",\"potentialAction\":[{\"@type\":\"ReadAction\",\"target\":[\"https:\/\/www.expectart.eu\/pl\/kreatywnosc-w-naszym-slowenskim-zespole\/\"]}]},{\"@type\":\"ImageObject\",\"inLanguage\":\"pl-PL\",\"@id\":\"https:\/\/www.expectart.eu\/pl\/kreatywnosc-w-naszym-slowenskim-zespole\/#primaryimage\",\"url\":\"https:\/\/www.expectart.eu\/wp-content\/uploads\/2024\/09\/4.-novica.jpg\",\"contentUrl\":\"https:\/\/www.expectart.eu\/wp-content\/uploads\/2024\/09\/4.-novica.jpg\",\"width\":1200,\"height\":900,\"caption\":\"4. novica Expectart\"},{\"@type\":\"BreadcrumbList\",\"@id\":\"https:\/\/www.expectart.eu\/pl\/kreatywnosc-w-naszym-slowenskim-zespole\/#breadcrumb\",\"itemListElement\":[{\"@type\":\"ListItem\",\"position\":1,\"name\":\"Home\",\"item\":\"https:\/\/www.expectart.eu\/\"},{\"@type\":\"ListItem\",\"position\":2,\"name\":\"Kreatywno\u015b\u0107 w naszym s\u0142owe\u0144skim zespole\"}]},{\"@type\":\"WebSite\",\"@id\":\"https:\/\/www.expectart.eu\/#website\",\"url\":\"https:\/\/www.expectart.eu\/\",\"name\":\"EXPECT_Art\",\"description\":\"EU Project\",\"publisher\":{\"@id\":\"https:\/\/www.expectart.eu\/#organization\"},\"potentialAction\":[{\"@type\":\"SearchAction\",\"target\":{\"@type\":\"EntryPoint\",\"urlTemplate\":\"https:\/\/www.expectart.eu\/?s={search_term_string}\"},\"query-input\":{\"@type\":\"PropertyValueSpecification\",\"valueRequired\":true,\"valueName\":\"search_term_string\"}}],\"inLanguage\":\"pl-PL\"},{\"@type\":\"Organization\",\"@id\":\"https:\/\/www.expectart.eu\/#organization\",\"name\":\"EXPECT_Art\",\"url\":\"https:\/\/www.expectart.eu\/\",\"logo\":{\"@type\":\"ImageObject\",\"inLanguage\":\"pl-PL\",\"@id\":\"https:\/\/www.expectart.eu\/#\/schema\/logo\/image\/\",\"url\":\"https:\/\/www.expectart.eu\/wp-content\/uploads\/2024\/04\/cropped-logo-rgb_without-text-02.png\",\"contentUrl\":\"https:\/\/www.expectart.eu\/wp-content\/uploads\/2024\/04\/cropped-logo-rgb_without-text-02.png\",\"width\":679,\"height\":139,\"caption\":\"EXPECT_Art\"},\"image\":{\"@id\":\"https:\/\/www.expectart.eu\/#\/schema\/logo\/image\/\"},\"sameAs\":[\"https:\/\/www.facebook.com\/EXPECTArtEU\",\"https:\/\/www.instagram.com\/expect_art_eu\/\"]},{\"@type\":\"Person\",\"@id\":\"https:\/\/www.expectart.eu\/#\/schema\/person\/0f7e244f77007a292ce3391b8c25607a\",\"name\":\"Klaudia Kaptur\",\"image\":{\"@type\":\"ImageObject\",\"inLanguage\":\"pl-PL\",\"@id\":\"https:\/\/secure.gravatar.com\/avatar\/c25a7e69184dd48b4f9311dacaa90c7287e4e1704c3c6a040b3a1a0a3ebb7e81?s=96&d=mm&r=g\",\"url\":\"https:\/\/secure.gravatar.com\/avatar\/c25a7e69184dd48b4f9311dacaa90c7287e4e1704c3c6a040b3a1a0a3ebb7e81?s=96&d=mm&r=g\",\"contentUrl\":\"https:\/\/secure.gravatar.com\/avatar\/c25a7e69184dd48b4f9311dacaa90c7287e4e1704c3c6a040b3a1a0a3ebb7e81?s=96&d=mm&r=g\",\"caption\":\"Klaudia Kaptur\"},\"url\":\"https:\/\/www.expectart.eu\/pl\/author\/klaudia\/\"}]}<\/script>\n<!-- \/ Yoast SEO plugin. -->","yoast_head_json":{"title":"Kreatywno\u015b\u0107 w naszym s\u0142owe\u0144skim zespole - EXPECT_Art","robots":{"index":"index","follow":"follow","max-snippet":"max-snippet:-1","max-image-preview":"max-image-preview:large","max-video-preview":"max-video-preview:-1"},"canonical":"https:\/\/www.expectart.eu\/pl\/kreatywnosc-w-naszym-slowenskim-zespole\/","og_locale":"pl_PL","og_type":"article","og_title":"Kreatywno\u015b\u0107 w naszym s\u0142owe\u0144skim zespole - EXPECT_Art","og_description":"S\u0142owe\u0144ski zesp\u00f3\u0142 badaczy z Centrum Naukowo-Badawczego w Koprze oraz artystyczny partner Portret odbyli spotkanie dotycz\u0105ce pracy terenowej i wsp\u00f3\u0142pracy z dzie\u0107mi oraz ich powi\u0105za\u0144 z krytyczn\u0105 \u015bwiadomo\u015bci\u0105 kulturow\u0105. Om\u00f3wiono szko\u0142y, w kt\u00f3rych odb\u0119dzie si\u0119 praca terenowa, r\u00f3\u017cne formy ekspresji artystycznej, kt\u00f3re zostan\u0105 uwzgl\u0119dnione w projekcie, oraz zagadnienia badawcze istotne dla realizacji przedsi\u0119wzi\u0119cia. Praca terenowa w [&hellip;]","og_url":"https:\/\/www.expectart.eu\/pl\/kreatywnosc-w-naszym-slowenskim-zespole\/","og_site_name":"EXPECT_Art","article_publisher":"https:\/\/www.facebook.com\/EXPECTArtEU","article_published_time":"2024-09-24T14:03:42+00:00","article_modified_time":"2025-03-10T11:16:30+00:00","og_image":[{"width":1200,"height":900,"url":"https:\/\/www.expectart.eu\/wp-content\/uploads\/2024\/09\/4.-novica.jpg","type":"image\/jpeg"}],"author":"Klaudia Kaptur","twitter_card":"summary_large_image","twitter_misc":{"Napisane przez":"Klaudia Kaptur","Szacowany czas czytania":"1 minuta"},"schema":{"@context":"https:\/\/schema.org","@graph":[{"@type":"Article","@id":"https:\/\/www.expectart.eu\/pl\/kreatywnosc-w-naszym-slowenskim-zespole\/#article","isPartOf":{"@id":"https:\/\/www.expectart.eu\/pl\/kreatywnosc-w-naszym-slowenskim-zespole\/"},"author":{"name":"Klaudia Kaptur","@id":"https:\/\/www.expectart.eu\/#\/schema\/person\/0f7e244f77007a292ce3391b8c25607a"},"headline":"Kreatywno\u015b\u0107 w naszym s\u0142owe\u0144skim zespole","datePublished":"2024-09-24T14:03:42+00:00","dateModified":"2025-03-10T11:16:30+00:00","mainEntityOfPage":{"@id":"https:\/\/www.expectart.eu\/pl\/kreatywnosc-w-naszym-slowenskim-zespole\/"},"wordCount":102,"commentCount":0,"publisher":{"@id":"https:\/\/www.expectart.eu\/#organization"},"image":{"@id":"https:\/\/www.expectart.eu\/pl\/kreatywnosc-w-naszym-slowenskim-zespole\/#primaryimage"},"thumbnailUrl":"https:\/\/www.expectart.eu\/wp-content\/uploads\/2024\/09\/4.-novica.jpg","articleSection":["Wiadomosci"],"inLanguage":"pl-PL","potentialAction":[{"@type":"CommentAction","name":"Comment","target":["https:\/\/www.expectart.eu\/pl\/kreatywnosc-w-naszym-slowenskim-zespole\/#respond"]}]},{"@type":"WebPage","@id":"https:\/\/www.expectart.eu\/pl\/kreatywnosc-w-naszym-slowenskim-zespole\/","url":"https:\/\/www.expectart.eu\/pl\/kreatywnosc-w-naszym-slowenskim-zespole\/","name":"Kreatywno\u015b\u0107 w naszym s\u0142owe\u0144skim zespole - EXPECT_Art","isPartOf":{"@id":"https:\/\/www.expectart.eu\/#website"},"primaryImageOfPage":{"@id":"https:\/\/www.expectart.eu\/pl\/kreatywnosc-w-naszym-slowenskim-zespole\/#primaryimage"},"image":{"@id":"https:\/\/www.expectart.eu\/pl\/kreatywnosc-w-naszym-slowenskim-zespole\/#primaryimage"},"thumbnailUrl":"https:\/\/www.expectart.eu\/wp-content\/uploads\/2024\/09\/4.-novica.jpg","datePublished":"2024-09-24T14:03:42+00:00","dateModified":"2025-03-10T11:16:30+00:00","breadcrumb":{"@id":"https:\/\/www.expectart.eu\/pl\/kreatywnosc-w-naszym-slowenskim-zespole\/#breadcrumb"},"inLanguage":"pl-PL","potentialAction":[{"@type":"ReadAction","target":["https:\/\/www.expectart.eu\/pl\/kreatywnosc-w-naszym-slowenskim-zespole\/"]}]},{"@type":"ImageObject","inLanguage":"pl-PL","@id":"https:\/\/www.expectart.eu\/pl\/kreatywnosc-w-naszym-slowenskim-zespole\/#primaryimage","url":"https:\/\/www.expectart.eu\/wp-content\/uploads\/2024\/09\/4.-novica.jpg","contentUrl":"https:\/\/www.expectart.eu\/wp-content\/uploads\/2024\/09\/4.-novica.jpg","width":1200,"height":900,"caption":"4. novica Expectart"},{"@type":"BreadcrumbList","@id":"https:\/\/www.expectart.eu\/pl\/kreatywnosc-w-naszym-slowenskim-zespole\/#breadcrumb","itemListElement":[{"@type":"ListItem","position":1,"name":"Home","item":"https:\/\/www.expectart.eu\/"},{"@type":"ListItem","position":2,"name":"Kreatywno\u015b\u0107 w naszym s\u0142owe\u0144skim zespole"}]},{"@type":"WebSite","@id":"https:\/\/www.expectart.eu\/#website","url":"https:\/\/www.expectart.eu\/","name":"EXPECT_Art","description":"EU Project","publisher":{"@id":"https:\/\/www.expectart.eu\/#organization"},"potentialAction":[{"@type":"SearchAction","target":{"@type":"EntryPoint","urlTemplate":"https:\/\/www.expectart.eu\/?s={search_term_string}"},"query-input":{"@type":"PropertyValueSpecification","valueRequired":true,"valueName":"search_term_string"}}],"inLanguage":"pl-PL"},{"@type":"Organization","@id":"https:\/\/www.expectart.eu\/#organization","name":"EXPECT_Art","url":"https:\/\/www.expectart.eu\/","logo":{"@type":"ImageObject","inLanguage":"pl-PL","@id":"https:\/\/www.expectart.eu\/#\/schema\/logo\/image\/","url":"https:\/\/www.expectart.eu\/wp-content\/uploads\/2024\/04\/cropped-logo-rgb_without-text-02.png","contentUrl":"https:\/\/www.expectart.eu\/wp-content\/uploads\/2024\/04\/cropped-logo-rgb_without-text-02.png","width":679,"height":139,"caption":"EXPECT_Art"},"image":{"@id":"https:\/\/www.expectart.eu\/#\/schema\/logo\/image\/"},"sameAs":["https:\/\/www.facebook.com\/EXPECTArtEU","https:\/\/www.instagram.com\/expect_art_eu\/"]},{"@type":"Person","@id":"https:\/\/www.expectart.eu\/#\/schema\/person\/0f7e244f77007a292ce3391b8c25607a","name":"Klaudia Kaptur","image":{"@type":"ImageObject","inLanguage":"pl-PL","@id":"https:\/\/secure.gravatar.com\/avatar\/c25a7e69184dd48b4f9311dacaa90c7287e4e1704c3c6a040b3a1a0a3ebb7e81?s=96&d=mm&r=g","url":"https:\/\/secure.gravatar.com\/avatar\/c25a7e69184dd48b4f9311dacaa90c7287e4e1704c3c6a040b3a1a0a3ebb7e81?s=96&d=mm&r=g","contentUrl":"https:\/\/secure.gravatar.com\/avatar\/c25a7e69184dd48b4f9311dacaa90c7287e4e1704c3c6a040b3a1a0a3ebb7e81?s=96&d=mm&r=g","caption":"Klaudia Kaptur"},"url":"https:\/\/www.expectart.eu\/pl\/author\/klaudia\/"}]}},"_links":{"self":[{"href":"https:\/\/www.expectart.eu\/pl\/wp-json\/wp\/v2\/posts\/4948","targetHints":{"allow":["GET"]}}],"collection":[{"href":"https:\/\/www.expectart.eu\/pl\/wp-json\/wp\/v2\/posts"}],"about":[{"href":"https:\/\/www.expectart.eu\/pl\/wp-json\/wp\/v2\/types\/post"}],"author":[{"embeddable":true,"href":"https:\/\/www.expectart.eu\/pl\/wp-json\/wp\/v2\/users\/10"}],"replies":[{"embeddable":true,"href":"https:\/\/www.expectart.eu\/pl\/wp-json\/wp\/v2\/comments?post=4948"}],"version-history":[{"count":1,"href":"https:\/\/www.expectart.eu\/pl\/wp-json\/wp\/v2\/posts\/4948\/revisions"}],"predecessor-version":[{"id":4949,"href":"https:\/\/www.expectart.eu\/pl\/wp-json\/wp\/v2\/posts\/4948\/revisions\/4949"}],"wp:featuredmedia":[{"embeddable":true,"href":"https:\/\/www.expectart.eu\/pl\/wp-json\/wp\/v2\/media\/3422"}],"wp:attachment":[{"href":"https:\/\/www.expectart.eu\/pl\/wp-json\/wp\/v2\/media?parent=4948"}],"wp:term":[{"taxonomy":"category","embeddable":true,"href":"https:\/\/www.expectart.eu\/pl\/wp-json\/wp\/v2\/categories?post=4948"},{"taxonomy":"post_tag","embeddable":true,"href":"https:\/\/www.expectart.eu\/pl\/wp-json\/wp\/v2\/tags?post=4948"}],"curies":[{"name":"wp","href":"https:\/\/api.w.org\/{rel}","templated":true}]}}