{"id":4945,"date":"2025-01-31T11:10:42","date_gmt":"2025-01-31T10:10:42","guid":{"rendered":"https:\/\/www.expectart.eu\/?p=4945"},"modified":"2025-03-10T11:53:07","modified_gmt":"2025-03-10T10:53:07","slug":"miedzynarodowa-konferencja-expect_art-badania-spoleczne-teoria-dekolonialna-i-edukacja","status":"publish","type":"post","link":"https:\/\/www.expectart.eu\/pl\/miedzynarodowa-konferencja-expect_art-badania-spoleczne-teoria-dekolonialna-i-edukacja\/","title":{"rendered":"Mi\u0119dzynarodowa konferencja EXPECT_Art: Badania spo\u0142eczne, teoria dekolonialna i edukacja"},"content":{"rendered":"\n<p>Z rado\u015bci\u0105 informujemy, \u017ce og\u0142aszamy pierwsz\u0105 z dw\u00f3ch planowanych konferencji organizowanych przez konsorcjum EXPECT_Art. Temat konferencji podkre\u015bla kluczowe metodologiczne i teoretyczne za\u0142o\u017cenia projektu: <strong>teori\u0119 dekolonialn\u0105<\/strong> oraz <strong>badania oparte na spo\u0142eczno\u015bci<\/strong>. Obie te perspektywy s\u0105 wykorzystywane w EXPECT_Art w badaniach empirycznych dotycz\u0105cych edukacji kulturalnej i artystycznej, obejmuj\u0105cych tak\u017ce metody oparte na sztuce oraz inne partycypacyjne podej\u015bcia badawcze.<\/p>\n\n\n\n<p><strong>Konferencja odb\u0119dzie si\u0119 w Budapeszcie w dniach 4\u20135 czerwca 2025 roku.<\/strong> <\/p>\n\n\n\n<p>Zapraszamy do nadsy\u0142ania referat\u00f3w dotycz\u0105cych perspektyw <strong>metodologicznych<\/strong> i\/lub <strong>teoretycznych<\/strong> w obszarach bada\u0144 dekolonialnych i spo\u0142eczno\u015bciowych, zwi\u0105zanych z edukacj\u0105. W szczeg\u00f3lno\u015bci zach\u0119camy do sk\u0142adania prac analizuj\u0105cych zar\u00f3wno potencja\u0142, jak i wyzwania zwi\u0105zane z tymi perspektywami w kontek\u015bcie projekt\u00f3w badawczych \u2013 zar\u00f3wno tych realizowanych obecnie, jak i ju\u017c zako\u0144czonych.<\/p>\n\n\n\n<p>Zg\u0142oszenia nale\u017cy przesy\u0142a\u0107 za po\u015brednictwem <a href=\"https:\/\/event.sdu.dk\/expectart2025\/conference\">strony internetowej konferencji<\/a>. Propozycja prezentacji musi by\u0107 przygotowana (i przedstawiona) w j\u0119zyku angielskim. Zgodnie z dekolonialnym i spo\u0142eczno\u015bciowym podej\u015bciem konferencja dopuszcza r\u00f3\u017cnorodne formaty sesji, takie jak:<\/p>\n\n\n\n<ul class=\"wp-block-list\">\n<li>prezentacje referat\u00f3w (20 minut + czas na pytania i odpowiedzi),<\/li>\n\n\n\n<li>warsztaty metodologiczne (60\u201390 minut, mog\u0105 obejmowa\u0107 aktywno\u015bci praktyczne),<\/li>\n\n\n\n<li>panele dyskusyjne (60\u201390 minut, z udzia\u0142em prelegent\u00f3w z r\u00f3\u017cnych projekt\u00f3w),<\/li>\n\n\n\n<li>prezentacje plakatowe oraz inne formaty.<\/li>\n<\/ul>\n\n\n\n<p>Termin nadsy\u0142ania abstrakt\u00f3w up\u0142ywa <strong>7 marca 2025 roku<\/strong>. Informacja o akceptacji zg\u0142oszenia zostanie przes\u0142ana do 28 marca 2025 roku.<\/p>\n\n\n\n<p>Konferencja odb\u0119dzie si\u0119 w siedzibie HUN-REN The Centre for Social Sciences.<\/p>\n\n\n\n<p>Kontakt w sprawie konferencji: <a>expect_art@sdu.dk<\/a><\/p>\n\n\n\n<p><\/p>\n","protected":false},"excerpt":{"rendered":"<p>Z rado\u015bci\u0105 informujemy, \u017ce og\u0142aszamy pierwsz\u0105 z dw\u00f3ch planowanych konferencji organizowanych przez konsorcjum EXPECT_Art. Temat konferencji podkre\u015bla kluczowe metodologiczne i teoretyczne za\u0142o\u017cenia projektu: teori\u0119 dekolonialn\u0105 oraz badania oparte na spo\u0142eczno\u015bci. Obie te perspektywy s\u0105 wykorzystywane w EXPECT_Art w badaniach empirycznych dotycz\u0105cych edukacji kulturalnej i artystycznej, obejmuj\u0105cych tak\u017ce metody oparte na sztuce oraz inne partycypacyjne podej\u015bcia [&hellip;]<\/p>\n","protected":false},"author":10,"featured_media":4540,"comment_status":"open","ping_status":"open","sticky":false,"template":"","format":"standard","meta":{"site-sidebar-layout":"default","site-content-layout":"","ast-site-content-layout":"default","site-content-style":"default","site-sidebar-style":"default","ast-global-header-display":"","ast-banner-title-visibility":"","ast-main-header-display":"","ast-hfb-above-header-display":"","ast-hfb-below-header-display":"","ast-hfb-mobile-header-display":"","site-post-title":"","ast-breadcrumbs-content":"","ast-featured-img":"","footer-sml-layout":"","ast-disable-related-posts":"","theme-transparent-header-meta":"","adv-header-id-meta":"","stick-header-meta":"","header-above-stick-meta":"","header-main-stick-meta":"","header-below-stick-meta":"","astra-migrate-meta-layouts":"set","ast-page-background-enabled":"default","ast-page-background-meta":{"desktop":{"background-color":"","background-image":"","background-repeat":"repeat","background-position":"center center","background-size":"auto","background-attachment":"scroll","background-type":"","background-media":"","overlay-type":"","overlay-color":"","overlay-opacity":"","overlay-gradient":""},"tablet":{"background-color":"","background-image":"","background-repeat":"repeat","background-position":"center center","background-size":"auto","background-attachment":"scroll","background-type":"","background-media":"","overlay-type":"","overlay-color":"","overlay-opacity":"","overlay-gradient":""},"mobile":{"background-color":"","background-image":"","background-repeat":"repeat","background-position":"center center","background-size":"auto","background-attachment":"scroll","background-type":"","background-media":"","overlay-type":"","overlay-color":"","overlay-opacity":"","overlay-gradient":""}},"ast-content-background-meta":{"desktop":{"background-color":"var(--ast-global-color-5)","background-image":"","background-repeat":"repeat","background-position":"center center","background-size":"auto","background-attachment":"scroll","background-type":"","background-media":"","overlay-type":"","overlay-color":"","overlay-opacity":"","overlay-gradient":""},"tablet":{"background-color":"var(--ast-global-color-5)","background-image":"","background-repeat":"repeat","background-position":"center center","background-size":"auto","background-attachment":"scroll","background-type":"","background-media":"","overlay-type":"","overlay-color":"","overlay-opacity":"","overlay-gradient":""},"mobile":{"background-color":"var(--ast-global-color-5)","background-image":"","background-repeat":"repeat","background-position":"center center","background-size":"auto","background-attachment":"scroll","background-type":"","background-media":"","overlay-type":"","overlay-color":"","overlay-opacity":"","overlay-gradient":""}},"footnotes":""},"categories":[52],"tags":[],"class_list":["post-4945","post","type-post","status-publish","format-standard","has-post-thumbnail","hentry","category-wiadomosci"],"yoast_head":"<!-- This site is optimized with the Yoast SEO plugin v27.2 - https:\/\/yoast.com\/product\/yoast-seo-wordpress\/ -->\n<title>Mi\u0119dzynarodowa konferencja EXPECT_Art: Badania spo\u0142eczne, teoria dekolonialna i edukacja - EXPECT_Art<\/title>\n<meta name=\"robots\" content=\"index, follow, max-snippet:-1, max-image-preview:large, max-video-preview:-1\" \/>\n<link rel=\"canonical\" href=\"https:\/\/www.expectart.eu\/pl\/miedzynarodowa-konferencja-expect_art-badania-spoleczne-teoria-dekolonialna-i-edukacja\/\" \/>\n<meta property=\"og:locale\" content=\"pl_PL\" \/>\n<meta property=\"og:type\" content=\"article\" \/>\n<meta property=\"og:title\" content=\"Mi\u0119dzynarodowa konferencja EXPECT_Art: Badania spo\u0142eczne, teoria dekolonialna i edukacja - EXPECT_Art\" \/>\n<meta property=\"og:description\" content=\"Z rado\u015bci\u0105 informujemy, \u017ce og\u0142aszamy pierwsz\u0105 z dw\u00f3ch planowanych konferencji organizowanych przez konsorcjum EXPECT_Art. Temat konferencji podkre\u015bla kluczowe metodologiczne i teoretyczne za\u0142o\u017cenia projektu: teori\u0119 dekolonialn\u0105 oraz badania oparte na spo\u0142eczno\u015bci. Obie te perspektywy s\u0105 wykorzystywane w EXPECT_Art w badaniach empirycznych dotycz\u0105cych edukacji kulturalnej i artystycznej, obejmuj\u0105cych tak\u017ce metody oparte na sztuce oraz inne partycypacyjne podej\u015bcia [&hellip;]\" \/>\n<meta property=\"og:url\" content=\"https:\/\/www.expectart.eu\/pl\/miedzynarodowa-konferencja-expect_art-badania-spoleczne-teoria-dekolonialna-i-edukacja\/\" \/>\n<meta property=\"og:site_name\" content=\"EXPECT_Art\" \/>\n<meta property=\"article:publisher\" content=\"https:\/\/www.facebook.com\/EXPECTArtEU\" \/>\n<meta property=\"article:published_time\" content=\"2025-01-31T10:10:42+00:00\" \/>\n<meta property=\"article:modified_time\" content=\"2025-03-10T10:53:07+00:00\" \/>\n<meta property=\"og:image\" content=\"https:\/\/www.expectart.eu\/wp-content\/uploads\/2025\/01\/mta_tk_cl.jpg\" \/>\n\t<meta property=\"og:image:width\" content=\"1200\" \/>\n\t<meta property=\"og:image:height\" content=\"630\" \/>\n\t<meta property=\"og:image:type\" content=\"image\/jpeg\" \/>\n<meta name=\"author\" content=\"Klaudia Kaptur\" \/>\n<meta name=\"twitter:card\" content=\"summary_large_image\" \/>\n<meta name=\"twitter:label1\" content=\"Napisane przez\" \/>\n\t<meta name=\"twitter:data1\" content=\"Klaudia Kaptur\" \/>\n\t<meta name=\"twitter:label2\" content=\"Szacowany czas czytania\" \/>\n\t<meta name=\"twitter:data2\" content=\"1 minuta\" \/>\n<script type=\"application\/ld+json\" class=\"yoast-schema-graph\">{\"@context\":\"https:\/\/schema.org\",\"@graph\":[{\"@type\":\"Article\",\"@id\":\"https:\/\/www.expectart.eu\/pl\/miedzynarodowa-konferencja-expect_art-badania-spoleczne-teoria-dekolonialna-i-edukacja\/#article\",\"isPartOf\":{\"@id\":\"https:\/\/www.expectart.eu\/pl\/miedzynarodowa-konferencja-expect_art-badania-spoleczne-teoria-dekolonialna-i-edukacja\/\"},\"author\":{\"name\":\"Klaudia Kaptur\",\"@id\":\"https:\/\/www.expectart.eu\/#\/schema\/person\/0f7e244f77007a292ce3391b8c25607a\"},\"headline\":\"Mi\u0119dzynarodowa konferencja EXPECT_Art: Badania spo\u0142eczne, teoria dekolonialna i edukacja\",\"datePublished\":\"2025-01-31T10:10:42+00:00\",\"dateModified\":\"2025-03-10T10:53:07+00:00\",\"mainEntityOfPage\":{\"@id\":\"https:\/\/www.expectart.eu\/pl\/miedzynarodowa-konferencja-expect_art-badania-spoleczne-teoria-dekolonialna-i-edukacja\/\"},\"wordCount\":271,\"commentCount\":0,\"publisher\":{\"@id\":\"https:\/\/www.expectart.eu\/#organization\"},\"image\":{\"@id\":\"https:\/\/www.expectart.eu\/pl\/miedzynarodowa-konferencja-expect_art-badania-spoleczne-teoria-dekolonialna-i-edukacja\/#primaryimage\"},\"thumbnailUrl\":\"https:\/\/www.expectart.eu\/wp-content\/uploads\/2025\/01\/mta_tk_cl.jpg\",\"articleSection\":[\"Wiadomosci\"],\"inLanguage\":\"pl-PL\",\"potentialAction\":[{\"@type\":\"CommentAction\",\"name\":\"Comment\",\"target\":[\"https:\/\/www.expectart.eu\/pl\/miedzynarodowa-konferencja-expect_art-badania-spoleczne-teoria-dekolonialna-i-edukacja\/#respond\"]}]},{\"@type\":\"WebPage\",\"@id\":\"https:\/\/www.expectart.eu\/pl\/miedzynarodowa-konferencja-expect_art-badania-spoleczne-teoria-dekolonialna-i-edukacja\/\",\"url\":\"https:\/\/www.expectart.eu\/pl\/miedzynarodowa-konferencja-expect_art-badania-spoleczne-teoria-dekolonialna-i-edukacja\/\",\"name\":\"Mi\u0119dzynarodowa konferencja EXPECT_Art: Badania spo\u0142eczne, teoria dekolonialna i edukacja - EXPECT_Art\",\"isPartOf\":{\"@id\":\"https:\/\/www.expectart.eu\/#website\"},\"primaryImageOfPage\":{\"@id\":\"https:\/\/www.expectart.eu\/pl\/miedzynarodowa-konferencja-expect_art-badania-spoleczne-teoria-dekolonialna-i-edukacja\/#primaryimage\"},\"image\":{\"@id\":\"https:\/\/www.expectart.eu\/pl\/miedzynarodowa-konferencja-expect_art-badania-spoleczne-teoria-dekolonialna-i-edukacja\/#primaryimage\"},\"thumbnailUrl\":\"https:\/\/www.expectart.eu\/wp-content\/uploads\/2025\/01\/mta_tk_cl.jpg\",\"datePublished\":\"2025-01-31T10:10:42+00:00\",\"dateModified\":\"2025-03-10T10:53:07+00:00\",\"breadcrumb\":{\"@id\":\"https:\/\/www.expectart.eu\/pl\/miedzynarodowa-konferencja-expect_art-badania-spoleczne-teoria-dekolonialna-i-edukacja\/#breadcrumb\"},\"inLanguage\":\"pl-PL\",\"potentialAction\":[{\"@type\":\"ReadAction\",\"target\":[\"https:\/\/www.expectart.eu\/pl\/miedzynarodowa-konferencja-expect_art-badania-spoleczne-teoria-dekolonialna-i-edukacja\/\"]}]},{\"@type\":\"ImageObject\",\"inLanguage\":\"pl-PL\",\"@id\":\"https:\/\/www.expectart.eu\/pl\/miedzynarodowa-konferencja-expect_art-badania-spoleczne-teoria-dekolonialna-i-edukacja\/#primaryimage\",\"url\":\"https:\/\/www.expectart.eu\/wp-content\/uploads\/2025\/01\/mta_tk_cl.jpg\",\"contentUrl\":\"https:\/\/www.expectart.eu\/wp-content\/uploads\/2025\/01\/mta_tk_cl.jpg\",\"width\":1200,\"height\":630},{\"@type\":\"BreadcrumbList\",\"@id\":\"https:\/\/www.expectart.eu\/pl\/miedzynarodowa-konferencja-expect_art-badania-spoleczne-teoria-dekolonialna-i-edukacja\/#breadcrumb\",\"itemListElement\":[{\"@type\":\"ListItem\",\"position\":1,\"name\":\"Home\",\"item\":\"https:\/\/www.expectart.eu\/\"},{\"@type\":\"ListItem\",\"position\":2,\"name\":\"Mi\u0119dzynarodowa konferencja EXPECT_Art: Badania spo\u0142eczne, teoria dekolonialna i edukacja\"}]},{\"@type\":\"WebSite\",\"@id\":\"https:\/\/www.expectart.eu\/#website\",\"url\":\"https:\/\/www.expectart.eu\/\",\"name\":\"EXPECT_Art\",\"description\":\"EU Project\",\"publisher\":{\"@id\":\"https:\/\/www.expectart.eu\/#organization\"},\"potentialAction\":[{\"@type\":\"SearchAction\",\"target\":{\"@type\":\"EntryPoint\",\"urlTemplate\":\"https:\/\/www.expectart.eu\/?s={search_term_string}\"},\"query-input\":{\"@type\":\"PropertyValueSpecification\",\"valueRequired\":true,\"valueName\":\"search_term_string\"}}],\"inLanguage\":\"pl-PL\"},{\"@type\":\"Organization\",\"@id\":\"https:\/\/www.expectart.eu\/#organization\",\"name\":\"EXPECT_Art\",\"url\":\"https:\/\/www.expectart.eu\/\",\"logo\":{\"@type\":\"ImageObject\",\"inLanguage\":\"pl-PL\",\"@id\":\"https:\/\/www.expectart.eu\/#\/schema\/logo\/image\/\",\"url\":\"https:\/\/www.expectart.eu\/wp-content\/uploads\/2024\/04\/cropped-logo-rgb_without-text-02.png\",\"contentUrl\":\"https:\/\/www.expectart.eu\/wp-content\/uploads\/2024\/04\/cropped-logo-rgb_without-text-02.png\",\"width\":679,\"height\":139,\"caption\":\"EXPECT_Art\"},\"image\":{\"@id\":\"https:\/\/www.expectart.eu\/#\/schema\/logo\/image\/\"},\"sameAs\":[\"https:\/\/www.facebook.com\/EXPECTArtEU\",\"https:\/\/www.instagram.com\/expect_art_eu\/\"]},{\"@type\":\"Person\",\"@id\":\"https:\/\/www.expectart.eu\/#\/schema\/person\/0f7e244f77007a292ce3391b8c25607a\",\"name\":\"Klaudia Kaptur\",\"image\":{\"@type\":\"ImageObject\",\"inLanguage\":\"pl-PL\",\"@id\":\"https:\/\/secure.gravatar.com\/avatar\/c25a7e69184dd48b4f9311dacaa90c7287e4e1704c3c6a040b3a1a0a3ebb7e81?s=96&d=mm&r=g\",\"url\":\"https:\/\/secure.gravatar.com\/avatar\/c25a7e69184dd48b4f9311dacaa90c7287e4e1704c3c6a040b3a1a0a3ebb7e81?s=96&d=mm&r=g\",\"contentUrl\":\"https:\/\/secure.gravatar.com\/avatar\/c25a7e69184dd48b4f9311dacaa90c7287e4e1704c3c6a040b3a1a0a3ebb7e81?s=96&d=mm&r=g\",\"caption\":\"Klaudia Kaptur\"},\"url\":\"https:\/\/www.expectart.eu\/pl\/author\/klaudia\/\"}]}<\/script>\n<!-- \/ Yoast SEO plugin. -->","yoast_head_json":{"title":"Mi\u0119dzynarodowa konferencja EXPECT_Art: Badania spo\u0142eczne, teoria dekolonialna i edukacja - EXPECT_Art","robots":{"index":"index","follow":"follow","max-snippet":"max-snippet:-1","max-image-preview":"max-image-preview:large","max-video-preview":"max-video-preview:-1"},"canonical":"https:\/\/www.expectart.eu\/pl\/miedzynarodowa-konferencja-expect_art-badania-spoleczne-teoria-dekolonialna-i-edukacja\/","og_locale":"pl_PL","og_type":"article","og_title":"Mi\u0119dzynarodowa konferencja EXPECT_Art: Badania spo\u0142eczne, teoria dekolonialna i edukacja - EXPECT_Art","og_description":"Z rado\u015bci\u0105 informujemy, \u017ce og\u0142aszamy pierwsz\u0105 z dw\u00f3ch planowanych konferencji organizowanych przez konsorcjum EXPECT_Art. Temat konferencji podkre\u015bla kluczowe metodologiczne i teoretyczne za\u0142o\u017cenia projektu: teori\u0119 dekolonialn\u0105 oraz badania oparte na spo\u0142eczno\u015bci. Obie te perspektywy s\u0105 wykorzystywane w EXPECT_Art w badaniach empirycznych dotycz\u0105cych edukacji kulturalnej i artystycznej, obejmuj\u0105cych tak\u017ce metody oparte na sztuce oraz inne partycypacyjne podej\u015bcia [&hellip;]","og_url":"https:\/\/www.expectart.eu\/pl\/miedzynarodowa-konferencja-expect_art-badania-spoleczne-teoria-dekolonialna-i-edukacja\/","og_site_name":"EXPECT_Art","article_publisher":"https:\/\/www.facebook.com\/EXPECTArtEU","article_published_time":"2025-01-31T10:10:42+00:00","article_modified_time":"2025-03-10T10:53:07+00:00","og_image":[{"width":1200,"height":630,"url":"https:\/\/www.expectart.eu\/wp-content\/uploads\/2025\/01\/mta_tk_cl.jpg","type":"image\/jpeg"}],"author":"Klaudia Kaptur","twitter_card":"summary_large_image","twitter_misc":{"Napisane przez":"Klaudia Kaptur","Szacowany czas czytania":"1 minuta"},"schema":{"@context":"https:\/\/schema.org","@graph":[{"@type":"Article","@id":"https:\/\/www.expectart.eu\/pl\/miedzynarodowa-konferencja-expect_art-badania-spoleczne-teoria-dekolonialna-i-edukacja\/#article","isPartOf":{"@id":"https:\/\/www.expectart.eu\/pl\/miedzynarodowa-konferencja-expect_art-badania-spoleczne-teoria-dekolonialna-i-edukacja\/"},"author":{"name":"Klaudia Kaptur","@id":"https:\/\/www.expectart.eu\/#\/schema\/person\/0f7e244f77007a292ce3391b8c25607a"},"headline":"Mi\u0119dzynarodowa konferencja EXPECT_Art: Badania spo\u0142eczne, teoria dekolonialna i edukacja","datePublished":"2025-01-31T10:10:42+00:00","dateModified":"2025-03-10T10:53:07+00:00","mainEntityOfPage":{"@id":"https:\/\/www.expectart.eu\/pl\/miedzynarodowa-konferencja-expect_art-badania-spoleczne-teoria-dekolonialna-i-edukacja\/"},"wordCount":271,"commentCount":0,"publisher":{"@id":"https:\/\/www.expectart.eu\/#organization"},"image":{"@id":"https:\/\/www.expectart.eu\/pl\/miedzynarodowa-konferencja-expect_art-badania-spoleczne-teoria-dekolonialna-i-edukacja\/#primaryimage"},"thumbnailUrl":"https:\/\/www.expectart.eu\/wp-content\/uploads\/2025\/01\/mta_tk_cl.jpg","articleSection":["Wiadomosci"],"inLanguage":"pl-PL","potentialAction":[{"@type":"CommentAction","name":"Comment","target":["https:\/\/www.expectart.eu\/pl\/miedzynarodowa-konferencja-expect_art-badania-spoleczne-teoria-dekolonialna-i-edukacja\/#respond"]}]},{"@type":"WebPage","@id":"https:\/\/www.expectart.eu\/pl\/miedzynarodowa-konferencja-expect_art-badania-spoleczne-teoria-dekolonialna-i-edukacja\/","url":"https:\/\/www.expectart.eu\/pl\/miedzynarodowa-konferencja-expect_art-badania-spoleczne-teoria-dekolonialna-i-edukacja\/","name":"Mi\u0119dzynarodowa konferencja EXPECT_Art: Badania spo\u0142eczne, teoria dekolonialna i edukacja - EXPECT_Art","isPartOf":{"@id":"https:\/\/www.expectart.eu\/#website"},"primaryImageOfPage":{"@id":"https:\/\/www.expectart.eu\/pl\/miedzynarodowa-konferencja-expect_art-badania-spoleczne-teoria-dekolonialna-i-edukacja\/#primaryimage"},"image":{"@id":"https:\/\/www.expectart.eu\/pl\/miedzynarodowa-konferencja-expect_art-badania-spoleczne-teoria-dekolonialna-i-edukacja\/#primaryimage"},"thumbnailUrl":"https:\/\/www.expectart.eu\/wp-content\/uploads\/2025\/01\/mta_tk_cl.jpg","datePublished":"2025-01-31T10:10:42+00:00","dateModified":"2025-03-10T10:53:07+00:00","breadcrumb":{"@id":"https:\/\/www.expectart.eu\/pl\/miedzynarodowa-konferencja-expect_art-badania-spoleczne-teoria-dekolonialna-i-edukacja\/#breadcrumb"},"inLanguage":"pl-PL","potentialAction":[{"@type":"ReadAction","target":["https:\/\/www.expectart.eu\/pl\/miedzynarodowa-konferencja-expect_art-badania-spoleczne-teoria-dekolonialna-i-edukacja\/"]}]},{"@type":"ImageObject","inLanguage":"pl-PL","@id":"https:\/\/www.expectart.eu\/pl\/miedzynarodowa-konferencja-expect_art-badania-spoleczne-teoria-dekolonialna-i-edukacja\/#primaryimage","url":"https:\/\/www.expectart.eu\/wp-content\/uploads\/2025\/01\/mta_tk_cl.jpg","contentUrl":"https:\/\/www.expectart.eu\/wp-content\/uploads\/2025\/01\/mta_tk_cl.jpg","width":1200,"height":630},{"@type":"BreadcrumbList","@id":"https:\/\/www.expectart.eu\/pl\/miedzynarodowa-konferencja-expect_art-badania-spoleczne-teoria-dekolonialna-i-edukacja\/#breadcrumb","itemListElement":[{"@type":"ListItem","position":1,"name":"Home","item":"https:\/\/www.expectart.eu\/"},{"@type":"ListItem","position":2,"name":"Mi\u0119dzynarodowa konferencja EXPECT_Art: Badania spo\u0142eczne, teoria dekolonialna i edukacja"}]},{"@type":"WebSite","@id":"https:\/\/www.expectart.eu\/#website","url":"https:\/\/www.expectart.eu\/","name":"EXPECT_Art","description":"EU Project","publisher":{"@id":"https:\/\/www.expectart.eu\/#organization"},"potentialAction":[{"@type":"SearchAction","target":{"@type":"EntryPoint","urlTemplate":"https:\/\/www.expectart.eu\/?s={search_term_string}"},"query-input":{"@type":"PropertyValueSpecification","valueRequired":true,"valueName":"search_term_string"}}],"inLanguage":"pl-PL"},{"@type":"Organization","@id":"https:\/\/www.expectart.eu\/#organization","name":"EXPECT_Art","url":"https:\/\/www.expectart.eu\/","logo":{"@type":"ImageObject","inLanguage":"pl-PL","@id":"https:\/\/www.expectart.eu\/#\/schema\/logo\/image\/","url":"https:\/\/www.expectart.eu\/wp-content\/uploads\/2024\/04\/cropped-logo-rgb_without-text-02.png","contentUrl":"https:\/\/www.expectart.eu\/wp-content\/uploads\/2024\/04\/cropped-logo-rgb_without-text-02.png","width":679,"height":139,"caption":"EXPECT_Art"},"image":{"@id":"https:\/\/www.expectart.eu\/#\/schema\/logo\/image\/"},"sameAs":["https:\/\/www.facebook.com\/EXPECTArtEU","https:\/\/www.instagram.com\/expect_art_eu\/"]},{"@type":"Person","@id":"https:\/\/www.expectart.eu\/#\/schema\/person\/0f7e244f77007a292ce3391b8c25607a","name":"Klaudia Kaptur","image":{"@type":"ImageObject","inLanguage":"pl-PL","@id":"https:\/\/secure.gravatar.com\/avatar\/c25a7e69184dd48b4f9311dacaa90c7287e4e1704c3c6a040b3a1a0a3ebb7e81?s=96&d=mm&r=g","url":"https:\/\/secure.gravatar.com\/avatar\/c25a7e69184dd48b4f9311dacaa90c7287e4e1704c3c6a040b3a1a0a3ebb7e81?s=96&d=mm&r=g","contentUrl":"https:\/\/secure.gravatar.com\/avatar\/c25a7e69184dd48b4f9311dacaa90c7287e4e1704c3c6a040b3a1a0a3ebb7e81?s=96&d=mm&r=g","caption":"Klaudia Kaptur"},"url":"https:\/\/www.expectart.eu\/pl\/author\/klaudia\/"}]}},"_links":{"self":[{"href":"https:\/\/www.expectart.eu\/pl\/wp-json\/wp\/v2\/posts\/4945","targetHints":{"allow":["GET"]}}],"collection":[{"href":"https:\/\/www.expectart.eu\/pl\/wp-json\/wp\/v2\/posts"}],"about":[{"href":"https:\/\/www.expectart.eu\/pl\/wp-json\/wp\/v2\/types\/post"}],"author":[{"embeddable":true,"href":"https:\/\/www.expectart.eu\/pl\/wp-json\/wp\/v2\/users\/10"}],"replies":[{"embeddable":true,"href":"https:\/\/www.expectart.eu\/pl\/wp-json\/wp\/v2\/comments?post=4945"}],"version-history":[{"count":1,"href":"https:\/\/www.expectart.eu\/pl\/wp-json\/wp\/v2\/posts\/4945\/revisions"}],"predecessor-version":[{"id":4946,"href":"https:\/\/www.expectart.eu\/pl\/wp-json\/wp\/v2\/posts\/4945\/revisions\/4946"}],"wp:featuredmedia":[{"embeddable":true,"href":"https:\/\/www.expectart.eu\/pl\/wp-json\/wp\/v2\/media\/4540"}],"wp:attachment":[{"href":"https:\/\/www.expectart.eu\/pl\/wp-json\/wp\/v2\/media?parent=4945"}],"wp:term":[{"taxonomy":"category","embeddable":true,"href":"https:\/\/www.expectart.eu\/pl\/wp-json\/wp\/v2\/categories?post=4945"},{"taxonomy":"post_tag","embeddable":true,"href":"https:\/\/www.expectart.eu\/pl\/wp-json\/wp\/v2\/tags?post=4945"}],"curies":[{"name":"wp","href":"https:\/\/api.w.org\/{rel}","templated":true}]}}