{"id":4687,"date":"2024-12-18T09:26:02","date_gmt":"2024-12-18T08:26:02","guid":{"rendered":"https:\/\/www.expectart.eu\/?p=4687"},"modified":"2025-02-04T07:20:39","modified_gmt":"2025-02-04T06:20:39","slug":"a-kreativitas-gondozasanak-dan-modja","status":"publish","type":"post","link":"https:\/\/www.expectart.eu\/hu\/a-kreativitas-gondozasanak-dan-modja\/","title":{"rendered":"A kreativit\u00e1s gondoz\u00e1s\u00e1nak d\u00e1n m\u00f3dja"},"content":{"rendered":"\n<p>Novemberben a d\u00e1n csapat a slagelsei Professionsh\u00f8jskolen Absalonban tartotta soron k\u00f6vetkez\u0151 tal\u00e1lkoz\u00f3j\u00e1t, amelynek a Rikke Brown \u00e9s Pernille Welent S\u00f8rensen konzorciumi tagjai voltak a h\u00e1zigazd\u00e1i. A tal\u00e1lkoz\u00f3 az interdiszciplinarit\u00e1sr\u00f3l \u00e9s a terepmunk\u00e1nkr\u00f3l val\u00f3 reflekt\u00e1l\u00e1ssal kezd\u0151d\u00f6tt. Ezt k\u00f6vet\u0151en a Frirum Labban tettek l\u00e1togat\u00e1st, ahol Karen seg\u00edts\u00e9g\u00e9vel betekint\u00e9st nyerhettek a kreat\u00edv m\u0171helyekben v\u00e9gzett munk\u00e1ba \u00e9s a kreativit\u00e1s el\u0151seg\u00edt\u00e9s\u00e9re ir\u00e1nyul\u00f3 szeml\u00e9let\u00fckbe.<\/p>\n\n\n\n<p>A FriRUM Lab egy olyan t\u00e1rsadalmi v\u00e1llalkoz\u00e1s, amely kreat\u00edv m\u0171helyek \u00e9s folyamatok el\u0151seg\u00edt\u00e9s\u00e9re szakosodott minden koroszt\u00e1ly sz\u00e1m\u00e1ra. Nagy hangs\u00falyt fektetnek a r\u00e9sztvev\u0151k j\u00f3l\u00e9t\u00e9re, \u00e9s olyan k\u00f6rnyezet kialak\u00edt\u00e1s\u00e1t c\u00e9lozt\u00e1k meg, amely \u00e1polja a kreativit\u00e1st \u00e9s az ott alkot\u00f3kat. Priorit\u00e1s sz\u00e1mukra a fenntarthat\u00f3s\u00e1g is, ezt k\u00fcl\u00f6n\u00f6sen az \u00fajrahasznos\u00edtott anyagok felhaszn\u00e1l\u00e1sa r\u00e9v\u00e9n \u00e9rik el..<\/p>\n\n\n\n<p>Inspirat\u00edv, elgondolkodtat\u00f3 nap volt mindenki sz\u00e1m\u00e1ra. <\/p>\n\n\n\n<figure class=\"wp-block-image aligncenter size-large\"><img fetchpriority=\"high\" decoding=\"async\" width=\"878\" height=\"1024\" src=\"https:\/\/www.expectart.eu\/wp-content\/uploads\/2024\/12\/469069039_122188816910243865_6903501651521425193_n-878x1024.jpg\" alt=\"\" class=\"wp-image-4495\" srcset=\"https:\/\/www.expectart.eu\/wp-content\/uploads\/2024\/12\/469069039_122188816910243865_6903501651521425193_n-878x1024.jpg 878w, https:\/\/www.expectart.eu\/wp-content\/uploads\/2024\/12\/469069039_122188816910243865_6903501651521425193_n-257x300.jpg 257w, https:\/\/www.expectart.eu\/wp-content\/uploads\/2024\/12\/469069039_122188816910243865_6903501651521425193_n-768x896.jpg 768w, https:\/\/www.expectart.eu\/wp-content\/uploads\/2024\/12\/469069039_122188816910243865_6903501651521425193_n-1316x1536.jpg 1316w, https:\/\/www.expectart.eu\/wp-content\/uploads\/2024\/12\/469069039_122188816910243865_6903501651521425193_n.jpg 1755w\" sizes=\"(max-width: 878px) 100vw, 878px\" \/><\/figure>\n","protected":false},"excerpt":{"rendered":"<p>Novemberben a d\u00e1n csapat a slagelsei Professionsh\u00f8jskolen Absalonban tartotta soron k\u00f6vetkez\u0151 tal\u00e1lkoz\u00f3j\u00e1t, amelynek a Rikke Brown \u00e9s Pernille Welent S\u00f8rensen konzorciumi tagjai voltak a h\u00e1zigazd\u00e1i. A tal\u00e1lkoz\u00f3 az interdiszciplinarit\u00e1sr\u00f3l \u00e9s a terepmunk\u00e1nkr\u00f3l val\u00f3 reflekt\u00e1l\u00e1ssal kezd\u0151d\u00f6tt. Ezt k\u00f6vet\u0151en a Frirum Labban tettek l\u00e1togat\u00e1st, ahol Karen seg\u00edts\u00e9g\u00e9vel betekint\u00e9st nyerhettek a kreat\u00edv m\u0171helyekben v\u00e9gzett munk\u00e1ba \u00e9s a kreativit\u00e1s [&hellip;]<\/p>\n","protected":false},"author":8,"featured_media":4507,"comment_status":"open","ping_status":"open","sticky":false,"template":"","format":"standard","meta":{"site-sidebar-layout":"default","site-content-layout":"","ast-site-content-layout":"default","site-content-style":"default","site-sidebar-style":"default","ast-global-header-display":"","ast-banner-title-visibility":"","ast-main-header-display":"","ast-hfb-above-header-display":"","ast-hfb-below-header-display":"","ast-hfb-mobile-header-display":"","site-post-title":"","ast-breadcrumbs-content":"","ast-featured-img":"","footer-sml-layout":"","ast-disable-related-posts":"","theme-transparent-header-meta":"","adv-header-id-meta":"","stick-header-meta":"","header-above-stick-meta":"","header-main-stick-meta":"","header-below-stick-meta":"","astra-migrate-meta-layouts":"set","ast-page-background-enabled":"default","ast-page-background-meta":{"desktop":{"background-color":"","background-image":"","background-repeat":"repeat","background-position":"center center","background-size":"auto","background-attachment":"scroll","background-type":"","background-media":"","overlay-type":"","overlay-color":"","overlay-opacity":"","overlay-gradient":""},"tablet":{"background-color":"","background-image":"","background-repeat":"repeat","background-position":"center center","background-size":"auto","background-attachment":"scroll","background-type":"","background-media":"","overlay-type":"","overlay-color":"","overlay-opacity":"","overlay-gradient":""},"mobile":{"background-color":"","background-image":"","background-repeat":"repeat","background-position":"center center","background-size":"auto","background-attachment":"scroll","background-type":"","background-media":"","overlay-type":"","overlay-color":"","overlay-opacity":"","overlay-gradient":""}},"ast-content-background-meta":{"desktop":{"background-color":"var(--ast-global-color-5)","background-image":"","background-repeat":"repeat","background-position":"center center","background-size":"auto","background-attachment":"scroll","background-type":"","background-media":"","overlay-type":"","overlay-color":"","overlay-opacity":"","overlay-gradient":""},"tablet":{"background-color":"var(--ast-global-color-5)","background-image":"","background-repeat":"repeat","background-position":"center center","background-size":"auto","background-attachment":"scroll","background-type":"","background-media":"","overlay-type":"","overlay-color":"","overlay-opacity":"","overlay-gradient":""},"mobile":{"background-color":"var(--ast-global-color-5)","background-image":"","background-repeat":"repeat","background-position":"center center","background-size":"auto","background-attachment":"scroll","background-type":"","background-media":"","overlay-type":"","overlay-color":"","overlay-opacity":"","overlay-gradient":""}},"footnotes":""},"categories":[54],"tags":[],"class_list":["post-4687","post","type-post","status-publish","format-standard","has-post-thumbnail","hentry","category-hirek"],"yoast_head":"<!-- This site is optimized with the Yoast SEO plugin v27.2 - https:\/\/yoast.com\/product\/yoast-seo-wordpress\/ -->\n<title>A kreativit\u00e1s gondoz\u00e1s\u00e1nak d\u00e1n m\u00f3dja - EXPECT_Art<\/title>\n<meta name=\"robots\" content=\"index, follow, max-snippet:-1, max-image-preview:large, max-video-preview:-1\" \/>\n<link rel=\"canonical\" href=\"https:\/\/www.expectart.eu\/hu\/a-kreativitas-gondozasanak-dan-modja\/\" \/>\n<meta property=\"og:locale\" content=\"hu_HU\" \/>\n<meta property=\"og:type\" content=\"article\" \/>\n<meta property=\"og:title\" content=\"A kreativit\u00e1s gondoz\u00e1s\u00e1nak d\u00e1n m\u00f3dja - EXPECT_Art\" \/>\n<meta property=\"og:description\" content=\"Novemberben a d\u00e1n csapat a slagelsei Professionsh\u00f8jskolen Absalonban tartotta soron k\u00f6vetkez\u0151 tal\u00e1lkoz\u00f3j\u00e1t, amelynek a Rikke Brown \u00e9s Pernille Welent S\u00f8rensen konzorciumi tagjai voltak a h\u00e1zigazd\u00e1i. A tal\u00e1lkoz\u00f3 az interdiszciplinarit\u00e1sr\u00f3l \u00e9s a terepmunk\u00e1nkr\u00f3l val\u00f3 reflekt\u00e1l\u00e1ssal kezd\u0151d\u00f6tt. Ezt k\u00f6vet\u0151en a Frirum Labban tettek l\u00e1togat\u00e1st, ahol Karen seg\u00edts\u00e9g\u00e9vel betekint\u00e9st nyerhettek a kreat\u00edv m\u0171helyekben v\u00e9gzett munk\u00e1ba \u00e9s a kreativit\u00e1s [&hellip;]\" \/>\n<meta property=\"og:url\" content=\"https:\/\/www.expectart.eu\/hu\/a-kreativitas-gondozasanak-dan-modja\/\" \/>\n<meta property=\"og:site_name\" content=\"EXPECT_Art\" \/>\n<meta property=\"article:publisher\" content=\"https:\/\/www.facebook.com\/EXPECTArtEU\" \/>\n<meta property=\"article:published_time\" content=\"2024-12-18T08:26:02+00:00\" \/>\n<meta property=\"article:modified_time\" content=\"2025-02-04T06:20:39+00:00\" \/>\n<meta property=\"og:image\" content=\"https:\/\/www.expectart.eu\/wp-content\/uploads\/2024\/12\/469307615_122188816820243865_1516353026907604235_n.jpg\" \/>\n\t<meta property=\"og:image:width\" content=\"1654\" \/>\n\t<meta property=\"og:image:height\" content=\"2048\" \/>\n\t<meta property=\"og:image:type\" content=\"image\/jpeg\" \/>\n<meta name=\"author\" content=\"Julcsi Szabo\" \/>\n<meta name=\"twitter:card\" content=\"summary_large_image\" \/>\n<meta name=\"twitter:label1\" content=\"Szerz\u0151:\" \/>\n\t<meta name=\"twitter:data1\" content=\"Julcsi Szabo\" \/>\n\t<meta name=\"twitter:label2\" content=\"Becs\u00fclt olvas\u00e1si id\u0151\" \/>\n\t<meta name=\"twitter:data2\" content=\"1 perc\" \/>\n<script type=\"application\/ld+json\" class=\"yoast-schema-graph\">{\"@context\":\"https:\/\/schema.org\",\"@graph\":[{\"@type\":\"Article\",\"@id\":\"https:\/\/www.expectart.eu\/hu\/a-kreativitas-gondozasanak-dan-modja\/#article\",\"isPartOf\":{\"@id\":\"https:\/\/www.expectart.eu\/hu\/a-kreativitas-gondozasanak-dan-modja\/\"},\"author\":{\"name\":\"Julcsi Szabo\",\"@id\":\"https:\/\/www.expectart.eu\/#\/schema\/person\/b59fb6396df2f83cfe3070336089a595\"},\"headline\":\"A kreativit\u00e1s gondoz\u00e1s\u00e1nak d\u00e1n m\u00f3dja\",\"datePublished\":\"2024-12-18T08:26:02+00:00\",\"dateModified\":\"2025-02-04T06:20:39+00:00\",\"mainEntityOfPage\":{\"@id\":\"https:\/\/www.expectart.eu\/hu\/a-kreativitas-gondozasanak-dan-modja\/\"},\"wordCount\":204,\"commentCount\":0,\"publisher\":{\"@id\":\"https:\/\/www.expectart.eu\/#organization\"},\"image\":{\"@id\":\"https:\/\/www.expectart.eu\/hu\/a-kreativitas-gondozasanak-dan-modja\/#primaryimage\"},\"thumbnailUrl\":\"https:\/\/www.expectart.eu\/wp-content\/uploads\/2024\/12\/469307615_122188816820243865_1516353026907604235_n.jpg\",\"articleSection\":[\"Hirek\"],\"inLanguage\":\"hu\",\"potentialAction\":[{\"@type\":\"CommentAction\",\"name\":\"Comment\",\"target\":[\"https:\/\/www.expectart.eu\/hu\/a-kreativitas-gondozasanak-dan-modja\/#respond\"]}]},{\"@type\":\"WebPage\",\"@id\":\"https:\/\/www.expectart.eu\/hu\/a-kreativitas-gondozasanak-dan-modja\/\",\"url\":\"https:\/\/www.expectart.eu\/hu\/a-kreativitas-gondozasanak-dan-modja\/\",\"name\":\"A kreativit\u00e1s gondoz\u00e1s\u00e1nak d\u00e1n m\u00f3dja - EXPECT_Art\",\"isPartOf\":{\"@id\":\"https:\/\/www.expectart.eu\/#website\"},\"primaryImageOfPage\":{\"@id\":\"https:\/\/www.expectart.eu\/hu\/a-kreativitas-gondozasanak-dan-modja\/#primaryimage\"},\"image\":{\"@id\":\"https:\/\/www.expectart.eu\/hu\/a-kreativitas-gondozasanak-dan-modja\/#primaryimage\"},\"thumbnailUrl\":\"https:\/\/www.expectart.eu\/wp-content\/uploads\/2024\/12\/469307615_122188816820243865_1516353026907604235_n.jpg\",\"datePublished\":\"2024-12-18T08:26:02+00:00\",\"dateModified\":\"2025-02-04T06:20:39+00:00\",\"breadcrumb\":{\"@id\":\"https:\/\/www.expectart.eu\/hu\/a-kreativitas-gondozasanak-dan-modja\/#breadcrumb\"},\"inLanguage\":\"hu\",\"potentialAction\":[{\"@type\":\"ReadAction\",\"target\":[\"https:\/\/www.expectart.eu\/hu\/a-kreativitas-gondozasanak-dan-modja\/\"]}]},{\"@type\":\"ImageObject\",\"inLanguage\":\"hu\",\"@id\":\"https:\/\/www.expectart.eu\/hu\/a-kreativitas-gondozasanak-dan-modja\/#primaryimage\",\"url\":\"https:\/\/www.expectart.eu\/wp-content\/uploads\/2024\/12\/469307615_122188816820243865_1516353026907604235_n.jpg\",\"contentUrl\":\"https:\/\/www.expectart.eu\/wp-content\/uploads\/2024\/12\/469307615_122188816820243865_1516353026907604235_n.jpg\",\"width\":1654,\"height\":2048},{\"@type\":\"BreadcrumbList\",\"@id\":\"https:\/\/www.expectart.eu\/hu\/a-kreativitas-gondozasanak-dan-modja\/#breadcrumb\",\"itemListElement\":[{\"@type\":\"ListItem\",\"position\":1,\"name\":\"Home\",\"item\":\"https:\/\/www.expectart.eu\/\"},{\"@type\":\"ListItem\",\"position\":2,\"name\":\"A kreativit\u00e1s gondoz\u00e1s\u00e1nak d\u00e1n m\u00f3dja\"}]},{\"@type\":\"WebSite\",\"@id\":\"https:\/\/www.expectart.eu\/#website\",\"url\":\"https:\/\/www.expectart.eu\/\",\"name\":\"EXPECT_Art\",\"description\":\"EU Project\",\"publisher\":{\"@id\":\"https:\/\/www.expectart.eu\/#organization\"},\"potentialAction\":[{\"@type\":\"SearchAction\",\"target\":{\"@type\":\"EntryPoint\",\"urlTemplate\":\"https:\/\/www.expectart.eu\/?s={search_term_string}\"},\"query-input\":{\"@type\":\"PropertyValueSpecification\",\"valueRequired\":true,\"valueName\":\"search_term_string\"}}],\"inLanguage\":\"hu\"},{\"@type\":\"Organization\",\"@id\":\"https:\/\/www.expectart.eu\/#organization\",\"name\":\"EXPECT_Art\",\"url\":\"https:\/\/www.expectart.eu\/\",\"logo\":{\"@type\":\"ImageObject\",\"inLanguage\":\"hu\",\"@id\":\"https:\/\/www.expectart.eu\/#\/schema\/logo\/image\/\",\"url\":\"https:\/\/www.expectart.eu\/wp-content\/uploads\/2024\/04\/cropped-logo-rgb_without-text-02.png\",\"contentUrl\":\"https:\/\/www.expectart.eu\/wp-content\/uploads\/2024\/04\/cropped-logo-rgb_without-text-02.png\",\"width\":679,\"height\":139,\"caption\":\"EXPECT_Art\"},\"image\":{\"@id\":\"https:\/\/www.expectart.eu\/#\/schema\/logo\/image\/\"},\"sameAs\":[\"https:\/\/www.facebook.com\/EXPECTArtEU\",\"https:\/\/www.instagram.com\/expect_art_eu\/\"]},{\"@type\":\"Person\",\"@id\":\"https:\/\/www.expectart.eu\/#\/schema\/person\/b59fb6396df2f83cfe3070336089a595\",\"name\":\"Julcsi Szabo\",\"image\":{\"@type\":\"ImageObject\",\"inLanguage\":\"hu\",\"@id\":\"https:\/\/secure.gravatar.com\/avatar\/a53f1ed07d155593278ca0917bc1761d5e3c807d249ce544a78c55907d08bdb8?s=96&d=mm&r=g\",\"url\":\"https:\/\/secure.gravatar.com\/avatar\/a53f1ed07d155593278ca0917bc1761d5e3c807d249ce544a78c55907d08bdb8?s=96&d=mm&r=g\",\"contentUrl\":\"https:\/\/secure.gravatar.com\/avatar\/a53f1ed07d155593278ca0917bc1761d5e3c807d249ce544a78c55907d08bdb8?s=96&d=mm&r=g\",\"caption\":\"Julcsi Szabo\"},\"url\":\"https:\/\/www.expectart.eu\/hu\/author\/julcsi\/\"}]}<\/script>\n<!-- \/ Yoast SEO plugin. -->","yoast_head_json":{"title":"A kreativit\u00e1s gondoz\u00e1s\u00e1nak d\u00e1n m\u00f3dja - EXPECT_Art","robots":{"index":"index","follow":"follow","max-snippet":"max-snippet:-1","max-image-preview":"max-image-preview:large","max-video-preview":"max-video-preview:-1"},"canonical":"https:\/\/www.expectart.eu\/hu\/a-kreativitas-gondozasanak-dan-modja\/","og_locale":"hu_HU","og_type":"article","og_title":"A kreativit\u00e1s gondoz\u00e1s\u00e1nak d\u00e1n m\u00f3dja - EXPECT_Art","og_description":"Novemberben a d\u00e1n csapat a slagelsei Professionsh\u00f8jskolen Absalonban tartotta soron k\u00f6vetkez\u0151 tal\u00e1lkoz\u00f3j\u00e1t, amelynek a Rikke Brown \u00e9s Pernille Welent S\u00f8rensen konzorciumi tagjai voltak a h\u00e1zigazd\u00e1i. A tal\u00e1lkoz\u00f3 az interdiszciplinarit\u00e1sr\u00f3l \u00e9s a terepmunk\u00e1nkr\u00f3l val\u00f3 reflekt\u00e1l\u00e1ssal kezd\u0151d\u00f6tt. Ezt k\u00f6vet\u0151en a Frirum Labban tettek l\u00e1togat\u00e1st, ahol Karen seg\u00edts\u00e9g\u00e9vel betekint\u00e9st nyerhettek a kreat\u00edv m\u0171helyekben v\u00e9gzett munk\u00e1ba \u00e9s a kreativit\u00e1s [&hellip;]","og_url":"https:\/\/www.expectart.eu\/hu\/a-kreativitas-gondozasanak-dan-modja\/","og_site_name":"EXPECT_Art","article_publisher":"https:\/\/www.facebook.com\/EXPECTArtEU","article_published_time":"2024-12-18T08:26:02+00:00","article_modified_time":"2025-02-04T06:20:39+00:00","og_image":[{"width":1654,"height":2048,"url":"https:\/\/www.expectart.eu\/wp-content\/uploads\/2024\/12\/469307615_122188816820243865_1516353026907604235_n.jpg","type":"image\/jpeg"}],"author":"Julcsi Szabo","twitter_card":"summary_large_image","twitter_misc":{"Szerz\u0151:":"Julcsi Szabo","Becs\u00fclt olvas\u00e1si id\u0151":"1 perc"},"schema":{"@context":"https:\/\/schema.org","@graph":[{"@type":"Article","@id":"https:\/\/www.expectart.eu\/hu\/a-kreativitas-gondozasanak-dan-modja\/#article","isPartOf":{"@id":"https:\/\/www.expectart.eu\/hu\/a-kreativitas-gondozasanak-dan-modja\/"},"author":{"name":"Julcsi Szabo","@id":"https:\/\/www.expectart.eu\/#\/schema\/person\/b59fb6396df2f83cfe3070336089a595"},"headline":"A kreativit\u00e1s gondoz\u00e1s\u00e1nak d\u00e1n m\u00f3dja","datePublished":"2024-12-18T08:26:02+00:00","dateModified":"2025-02-04T06:20:39+00:00","mainEntityOfPage":{"@id":"https:\/\/www.expectart.eu\/hu\/a-kreativitas-gondozasanak-dan-modja\/"},"wordCount":204,"commentCount":0,"publisher":{"@id":"https:\/\/www.expectart.eu\/#organization"},"image":{"@id":"https:\/\/www.expectart.eu\/hu\/a-kreativitas-gondozasanak-dan-modja\/#primaryimage"},"thumbnailUrl":"https:\/\/www.expectart.eu\/wp-content\/uploads\/2024\/12\/469307615_122188816820243865_1516353026907604235_n.jpg","articleSection":["Hirek"],"inLanguage":"hu","potentialAction":[{"@type":"CommentAction","name":"Comment","target":["https:\/\/www.expectart.eu\/hu\/a-kreativitas-gondozasanak-dan-modja\/#respond"]}]},{"@type":"WebPage","@id":"https:\/\/www.expectart.eu\/hu\/a-kreativitas-gondozasanak-dan-modja\/","url":"https:\/\/www.expectart.eu\/hu\/a-kreativitas-gondozasanak-dan-modja\/","name":"A kreativit\u00e1s gondoz\u00e1s\u00e1nak d\u00e1n m\u00f3dja - EXPECT_Art","isPartOf":{"@id":"https:\/\/www.expectart.eu\/#website"},"primaryImageOfPage":{"@id":"https:\/\/www.expectart.eu\/hu\/a-kreativitas-gondozasanak-dan-modja\/#primaryimage"},"image":{"@id":"https:\/\/www.expectart.eu\/hu\/a-kreativitas-gondozasanak-dan-modja\/#primaryimage"},"thumbnailUrl":"https:\/\/www.expectart.eu\/wp-content\/uploads\/2024\/12\/469307615_122188816820243865_1516353026907604235_n.jpg","datePublished":"2024-12-18T08:26:02+00:00","dateModified":"2025-02-04T06:20:39+00:00","breadcrumb":{"@id":"https:\/\/www.expectart.eu\/hu\/a-kreativitas-gondozasanak-dan-modja\/#breadcrumb"},"inLanguage":"hu","potentialAction":[{"@type":"ReadAction","target":["https:\/\/www.expectart.eu\/hu\/a-kreativitas-gondozasanak-dan-modja\/"]}]},{"@type":"ImageObject","inLanguage":"hu","@id":"https:\/\/www.expectart.eu\/hu\/a-kreativitas-gondozasanak-dan-modja\/#primaryimage","url":"https:\/\/www.expectart.eu\/wp-content\/uploads\/2024\/12\/469307615_122188816820243865_1516353026907604235_n.jpg","contentUrl":"https:\/\/www.expectart.eu\/wp-content\/uploads\/2024\/12\/469307615_122188816820243865_1516353026907604235_n.jpg","width":1654,"height":2048},{"@type":"BreadcrumbList","@id":"https:\/\/www.expectart.eu\/hu\/a-kreativitas-gondozasanak-dan-modja\/#breadcrumb","itemListElement":[{"@type":"ListItem","position":1,"name":"Home","item":"https:\/\/www.expectart.eu\/"},{"@type":"ListItem","position":2,"name":"A kreativit\u00e1s gondoz\u00e1s\u00e1nak d\u00e1n m\u00f3dja"}]},{"@type":"WebSite","@id":"https:\/\/www.expectart.eu\/#website","url":"https:\/\/www.expectart.eu\/","name":"EXPECT_Art","description":"EU Project","publisher":{"@id":"https:\/\/www.expectart.eu\/#organization"},"potentialAction":[{"@type":"SearchAction","target":{"@type":"EntryPoint","urlTemplate":"https:\/\/www.expectart.eu\/?s={search_term_string}"},"query-input":{"@type":"PropertyValueSpecification","valueRequired":true,"valueName":"search_term_string"}}],"inLanguage":"hu"},{"@type":"Organization","@id":"https:\/\/www.expectart.eu\/#organization","name":"EXPECT_Art","url":"https:\/\/www.expectart.eu\/","logo":{"@type":"ImageObject","inLanguage":"hu","@id":"https:\/\/www.expectart.eu\/#\/schema\/logo\/image\/","url":"https:\/\/www.expectart.eu\/wp-content\/uploads\/2024\/04\/cropped-logo-rgb_without-text-02.png","contentUrl":"https:\/\/www.expectart.eu\/wp-content\/uploads\/2024\/04\/cropped-logo-rgb_without-text-02.png","width":679,"height":139,"caption":"EXPECT_Art"},"image":{"@id":"https:\/\/www.expectart.eu\/#\/schema\/logo\/image\/"},"sameAs":["https:\/\/www.facebook.com\/EXPECTArtEU","https:\/\/www.instagram.com\/expect_art_eu\/"]},{"@type":"Person","@id":"https:\/\/www.expectart.eu\/#\/schema\/person\/b59fb6396df2f83cfe3070336089a595","name":"Julcsi Szabo","image":{"@type":"ImageObject","inLanguage":"hu","@id":"https:\/\/secure.gravatar.com\/avatar\/a53f1ed07d155593278ca0917bc1761d5e3c807d249ce544a78c55907d08bdb8?s=96&d=mm&r=g","url":"https:\/\/secure.gravatar.com\/avatar\/a53f1ed07d155593278ca0917bc1761d5e3c807d249ce544a78c55907d08bdb8?s=96&d=mm&r=g","contentUrl":"https:\/\/secure.gravatar.com\/avatar\/a53f1ed07d155593278ca0917bc1761d5e3c807d249ce544a78c55907d08bdb8?s=96&d=mm&r=g","caption":"Julcsi Szabo"},"url":"https:\/\/www.expectart.eu\/hu\/author\/julcsi\/"}]}},"_links":{"self":[{"href":"https:\/\/www.expectart.eu\/hu\/wp-json\/wp\/v2\/posts\/4687","targetHints":{"allow":["GET"]}}],"collection":[{"href":"https:\/\/www.expectart.eu\/hu\/wp-json\/wp\/v2\/posts"}],"about":[{"href":"https:\/\/www.expectart.eu\/hu\/wp-json\/wp\/v2\/types\/post"}],"author":[{"embeddable":true,"href":"https:\/\/www.expectart.eu\/hu\/wp-json\/wp\/v2\/users\/8"}],"replies":[{"embeddable":true,"href":"https:\/\/www.expectart.eu\/hu\/wp-json\/wp\/v2\/comments?post=4687"}],"version-history":[{"count":1,"href":"https:\/\/www.expectart.eu\/hu\/wp-json\/wp\/v2\/posts\/4687\/revisions"}],"predecessor-version":[{"id":4688,"href":"https:\/\/www.expectart.eu\/hu\/wp-json\/wp\/v2\/posts\/4687\/revisions\/4688"}],"wp:featuredmedia":[{"embeddable":true,"href":"https:\/\/www.expectart.eu\/hu\/wp-json\/wp\/v2\/media\/4507"}],"wp:attachment":[{"href":"https:\/\/www.expectart.eu\/hu\/wp-json\/wp\/v2\/media?parent=4687"}],"wp:term":[{"taxonomy":"category","embeddable":true,"href":"https:\/\/www.expectart.eu\/hu\/wp-json\/wp\/v2\/categories?post=4687"},{"taxonomy":"post_tag","embeddable":true,"href":"https:\/\/www.expectart.eu\/hu\/wp-json\/wp\/v2\/tags?post=4687"}],"curies":[{"name":"wp","href":"https:\/\/api.w.org\/{rel}","templated":true}]}}