{"id":3896,"date":"2024-09-24T16:03:42","date_gmt":"2024-09-24T14:03:42","guid":{"rendered":"https:\/\/www.expectart.eu\/?p=3896"},"modified":"2024-10-21T15:08:37","modified_gmt":"2024-10-21T13:08:37","slug":"kreativ-kollaboracio-zajlik-szloveniaban","status":"publish","type":"post","link":"https:\/\/www.expectart.eu\/hu\/kreativ-kollaboracio-zajlik-szloveniaban\/","title":{"rendered":"Kreat\u00edv kollabor\u00e1ci\u00f3 zajlik Szlov\u00e9ni\u00e1ban"},"content":{"rendered":"\n<p>A koperi Tudom\u00e1nyos \u00e9s Kutat\u00f3k\u00f6zpont kutat\u00f3csoportja \u00e9s a szlov\u00e9n m\u0171v\u00e9szeti partner, a Portret tal\u00e1lkoz\u00f3t tartott a terepmunk\u00e1r\u00f3l \u00e9s a gyerekekkel val\u00f3 egy\u00fcttm\u0171k\u00f6d\u00e9sr\u0151l, valamint arr\u00f3l, hogy ezek hogyan kapcsol\u00f3dnak a kritikai kultur\u00e1lis m\u0171velts\u00e9ghez. Meg\u00e1llapodtak az iskol\u00e1kkal kapcsolatban, ahol terepmunka zajlik majd, a munk\u00e1jukba bevonni k\u00edv\u00e1nt k\u00fcl\u00f6nb\u00f6z\u0151 m\u0171v\u00e9szeti kifejez\u00e9sekr\u0151l, valamint a projekt szempontj\u00e1b\u00f3l relev\u00e1ns kutat\u00e1si t\u00e9m\u00e1kr\u00f3l. A szlov\u00e9n terepmunka Koperben \u00e9s Mariborban zajlik majd, \u00e9s m\u00e1r nagyon v\u00e1rjuk az els\u0151 tapasztalatokat.<\/p>\n","protected":false},"excerpt":{"rendered":"<p>A koperi Tudom\u00e1nyos \u00e9s Kutat\u00f3k\u00f6zpont kutat\u00f3csoportja \u00e9s a szlov\u00e9n m\u0171v\u00e9szeti partner, a Portret tal\u00e1lkoz\u00f3t tartott a terepmunk\u00e1r\u00f3l \u00e9s a gyerekekkel val\u00f3 egy\u00fcttm\u0171k\u00f6d\u00e9sr\u0151l, valamint arr\u00f3l, hogy ezek hogyan kapcsol\u00f3dnak a kritikai kultur\u00e1lis m\u0171velts\u00e9ghez. Meg\u00e1llapodtak az iskol\u00e1kkal kapcsolatban, ahol terepmunka zajlik majd, a munk\u00e1jukba bevonni k\u00edv\u00e1nt k\u00fcl\u00f6nb\u00f6z\u0151 m\u0171v\u00e9szeti kifejez\u00e9sekr\u0151l, valamint a projekt szempontj\u00e1b\u00f3l relev\u00e1ns kutat\u00e1si t\u00e9m\u00e1kr\u00f3l. A [&hellip;]<\/p>\n","protected":false},"author":8,"featured_media":3421,"comment_status":"open","ping_status":"open","sticky":false,"template":"","format":"standard","meta":{"site-sidebar-layout":"default","site-content-layout":"","ast-site-content-layout":"default","site-content-style":"default","site-sidebar-style":"default","ast-global-header-display":"","ast-banner-title-visibility":"","ast-main-header-display":"","ast-hfb-above-header-display":"","ast-hfb-below-header-display":"","ast-hfb-mobile-header-display":"","site-post-title":"","ast-breadcrumbs-content":"","ast-featured-img":"","footer-sml-layout":"","ast-disable-related-posts":"","theme-transparent-header-meta":"","adv-header-id-meta":"","stick-header-meta":"","header-above-stick-meta":"","header-main-stick-meta":"","header-below-stick-meta":"","astra-migrate-meta-layouts":"set","ast-page-background-enabled":"default","ast-page-background-meta":{"desktop":{"background-color":"","background-image":"","background-repeat":"repeat","background-position":"center center","background-size":"auto","background-attachment":"scroll","background-type":"","background-media":"","overlay-type":"","overlay-color":"","overlay-opacity":"","overlay-gradient":""},"tablet":{"background-color":"","background-image":"","background-repeat":"repeat","background-position":"center center","background-size":"auto","background-attachment":"scroll","background-type":"","background-media":"","overlay-type":"","overlay-color":"","overlay-opacity":"","overlay-gradient":""},"mobile":{"background-color":"","background-image":"","background-repeat":"repeat","background-position":"center center","background-size":"auto","background-attachment":"scroll","background-type":"","background-media":"","overlay-type":"","overlay-color":"","overlay-opacity":"","overlay-gradient":""}},"ast-content-background-meta":{"desktop":{"background-color":"var(--ast-global-color-5)","background-image":"","background-repeat":"repeat","background-position":"center center","background-size":"auto","background-attachment":"scroll","background-type":"","background-media":"","overlay-type":"","overlay-color":"","overlay-opacity":"","overlay-gradient":""},"tablet":{"background-color":"var(--ast-global-color-5)","background-image":"","background-repeat":"repeat","background-position":"center center","background-size":"auto","background-attachment":"scroll","background-type":"","background-media":"","overlay-type":"","overlay-color":"","overlay-opacity":"","overlay-gradient":""},"mobile":{"background-color":"var(--ast-global-color-5)","background-image":"","background-repeat":"repeat","background-position":"center center","background-size":"auto","background-attachment":"scroll","background-type":"","background-media":"","overlay-type":"","overlay-color":"","overlay-opacity":"","overlay-gradient":""}},"footnotes":""},"categories":[54],"tags":[],"class_list":["post-3896","post","type-post","status-publish","format-standard","has-post-thumbnail","hentry","category-hirek"],"yoast_head":"<!-- This site is optimized with the Yoast SEO plugin v27.2 - https:\/\/yoast.com\/product\/yoast-seo-wordpress\/ -->\n<title>Kreat\u00edv kollabor\u00e1ci\u00f3 zajlik Szlov\u00e9ni\u00e1ban - EXPECT_Art<\/title>\n<meta name=\"robots\" content=\"index, follow, max-snippet:-1, max-image-preview:large, max-video-preview:-1\" \/>\n<link rel=\"canonical\" href=\"https:\/\/www.expectart.eu\/hu\/kreativ-kollaboracio-zajlik-szloveniaban\/\" \/>\n<meta property=\"og:locale\" content=\"hu_HU\" \/>\n<meta property=\"og:type\" content=\"article\" \/>\n<meta property=\"og:title\" content=\"Kreat\u00edv kollabor\u00e1ci\u00f3 zajlik Szlov\u00e9ni\u00e1ban - EXPECT_Art\" \/>\n<meta property=\"og:description\" content=\"A koperi Tudom\u00e1nyos \u00e9s Kutat\u00f3k\u00f6zpont kutat\u00f3csoportja \u00e9s a szlov\u00e9n m\u0171v\u00e9szeti partner, a Portret tal\u00e1lkoz\u00f3t tartott a terepmunk\u00e1r\u00f3l \u00e9s a gyerekekkel val\u00f3 egy\u00fcttm\u0171k\u00f6d\u00e9sr\u0151l, valamint arr\u00f3l, hogy ezek hogyan kapcsol\u00f3dnak a kritikai kultur\u00e1lis m\u0171velts\u00e9ghez. Meg\u00e1llapodtak az iskol\u00e1kkal kapcsolatban, ahol terepmunka zajlik majd, a munk\u00e1jukba bevonni k\u00edv\u00e1nt k\u00fcl\u00f6nb\u00f6z\u0151 m\u0171v\u00e9szeti kifejez\u00e9sekr\u0151l, valamint a projekt szempontj\u00e1b\u00f3l relev\u00e1ns kutat\u00e1si t\u00e9m\u00e1kr\u00f3l. A [&hellip;]\" \/>\n<meta property=\"og:url\" content=\"https:\/\/www.expectart.eu\/hu\/kreativ-kollaboracio-zajlik-szloveniaban\/\" \/>\n<meta property=\"og:site_name\" content=\"EXPECT_Art\" \/>\n<meta property=\"article:publisher\" content=\"https:\/\/www.facebook.com\/EXPECTArtEU\" \/>\n<meta property=\"article:published_time\" content=\"2024-09-24T14:03:42+00:00\" \/>\n<meta property=\"article:modified_time\" content=\"2024-10-21T13:08:37+00:00\" \/>\n<meta property=\"og:image\" content=\"https:\/\/www.expectart.eu\/wp-content\/uploads\/2024\/09\/4.-novica.jpg\" \/>\n\t<meta property=\"og:image:width\" content=\"1200\" \/>\n\t<meta property=\"og:image:height\" content=\"900\" \/>\n\t<meta property=\"og:image:type\" content=\"image\/jpeg\" \/>\n<meta name=\"author\" content=\"Julcsi Szabo\" \/>\n<meta name=\"twitter:card\" content=\"summary_large_image\" \/>\n<meta name=\"twitter:label1\" content=\"Szerz\u0151:\" \/>\n\t<meta name=\"twitter:data1\" content=\"Julcsi Szabo\" \/>\n\t<meta name=\"twitter:label2\" content=\"Becs\u00fclt olvas\u00e1si id\u0151\" \/>\n\t<meta name=\"twitter:data2\" content=\"1 perc\" \/>\n<script type=\"application\/ld+json\" class=\"yoast-schema-graph\">{\"@context\":\"https:\/\/schema.org\",\"@graph\":[{\"@type\":\"Article\",\"@id\":\"https:\/\/www.expectart.eu\/hu\/kreativ-kollaboracio-zajlik-szloveniaban\/#article\",\"isPartOf\":{\"@id\":\"https:\/\/www.expectart.eu\/hu\/kreativ-kollaboracio-zajlik-szloveniaban\/\"},\"author\":{\"name\":\"Julcsi Szabo\",\"@id\":\"https:\/\/www.expectart.eu\/#\/schema\/person\/b59fb6396df2f83cfe3070336089a595\"},\"headline\":\"Kreat\u00edv kollabor\u00e1ci\u00f3 zajlik Szlov\u00e9ni\u00e1ban\",\"datePublished\":\"2024-09-24T14:03:42+00:00\",\"dateModified\":\"2024-10-21T13:08:37+00:00\",\"mainEntityOfPage\":{\"@id\":\"https:\/\/www.expectart.eu\/hu\/kreativ-kollaboracio-zajlik-szloveniaban\/\"},\"wordCount\":120,\"commentCount\":0,\"publisher\":{\"@id\":\"https:\/\/www.expectart.eu\/#organization\"},\"image\":{\"@id\":\"https:\/\/www.expectart.eu\/hu\/kreativ-kollaboracio-zajlik-szloveniaban\/#primaryimage\"},\"thumbnailUrl\":\"https:\/\/www.expectart.eu\/wp-content\/uploads\/2024\/09\/4.-novica.jpg\",\"articleSection\":[\"Hirek\"],\"inLanguage\":\"hu\",\"potentialAction\":[{\"@type\":\"CommentAction\",\"name\":\"Comment\",\"target\":[\"https:\/\/www.expectart.eu\/hu\/kreativ-kollaboracio-zajlik-szloveniaban\/#respond\"]}]},{\"@type\":\"WebPage\",\"@id\":\"https:\/\/www.expectart.eu\/hu\/kreativ-kollaboracio-zajlik-szloveniaban\/\",\"url\":\"https:\/\/www.expectart.eu\/hu\/kreativ-kollaboracio-zajlik-szloveniaban\/\",\"name\":\"Kreat\u00edv kollabor\u00e1ci\u00f3 zajlik Szlov\u00e9ni\u00e1ban - EXPECT_Art\",\"isPartOf\":{\"@id\":\"https:\/\/www.expectart.eu\/#website\"},\"primaryImageOfPage\":{\"@id\":\"https:\/\/www.expectart.eu\/hu\/kreativ-kollaboracio-zajlik-szloveniaban\/#primaryimage\"},\"image\":{\"@id\":\"https:\/\/www.expectart.eu\/hu\/kreativ-kollaboracio-zajlik-szloveniaban\/#primaryimage\"},\"thumbnailUrl\":\"https:\/\/www.expectart.eu\/wp-content\/uploads\/2024\/09\/4.-novica.jpg\",\"datePublished\":\"2024-09-24T14:03:42+00:00\",\"dateModified\":\"2024-10-21T13:08:37+00:00\",\"breadcrumb\":{\"@id\":\"https:\/\/www.expectart.eu\/hu\/kreativ-kollaboracio-zajlik-szloveniaban\/#breadcrumb\"},\"inLanguage\":\"hu\",\"potentialAction\":[{\"@type\":\"ReadAction\",\"target\":[\"https:\/\/www.expectart.eu\/hu\/kreativ-kollaboracio-zajlik-szloveniaban\/\"]}]},{\"@type\":\"ImageObject\",\"inLanguage\":\"hu\",\"@id\":\"https:\/\/www.expectart.eu\/hu\/kreativ-kollaboracio-zajlik-szloveniaban\/#primaryimage\",\"url\":\"https:\/\/www.expectart.eu\/wp-content\/uploads\/2024\/09\/4.-novica.jpg\",\"contentUrl\":\"https:\/\/www.expectart.eu\/wp-content\/uploads\/2024\/09\/4.-novica.jpg\",\"width\":1200,\"height\":900,\"caption\":\"4. novica Expectart\"},{\"@type\":\"BreadcrumbList\",\"@id\":\"https:\/\/www.expectart.eu\/hu\/kreativ-kollaboracio-zajlik-szloveniaban\/#breadcrumb\",\"itemListElement\":[{\"@type\":\"ListItem\",\"position\":1,\"name\":\"Home\",\"item\":\"https:\/\/www.expectart.eu\/\"},{\"@type\":\"ListItem\",\"position\":2,\"name\":\"Kreat\u00edv kollabor\u00e1ci\u00f3 zajlik Szlov\u00e9ni\u00e1ban\"}]},{\"@type\":\"WebSite\",\"@id\":\"https:\/\/www.expectart.eu\/#website\",\"url\":\"https:\/\/www.expectart.eu\/\",\"name\":\"EXPECT_Art\",\"description\":\"EU Project\",\"publisher\":{\"@id\":\"https:\/\/www.expectart.eu\/#organization\"},\"potentialAction\":[{\"@type\":\"SearchAction\",\"target\":{\"@type\":\"EntryPoint\",\"urlTemplate\":\"https:\/\/www.expectart.eu\/?s={search_term_string}\"},\"query-input\":{\"@type\":\"PropertyValueSpecification\",\"valueRequired\":true,\"valueName\":\"search_term_string\"}}],\"inLanguage\":\"hu\"},{\"@type\":\"Organization\",\"@id\":\"https:\/\/www.expectart.eu\/#organization\",\"name\":\"EXPECT_Art\",\"url\":\"https:\/\/www.expectart.eu\/\",\"logo\":{\"@type\":\"ImageObject\",\"inLanguage\":\"hu\",\"@id\":\"https:\/\/www.expectart.eu\/#\/schema\/logo\/image\/\",\"url\":\"https:\/\/www.expectart.eu\/wp-content\/uploads\/2024\/04\/cropped-logo-rgb_without-text-02.png\",\"contentUrl\":\"https:\/\/www.expectart.eu\/wp-content\/uploads\/2024\/04\/cropped-logo-rgb_without-text-02.png\",\"width\":679,\"height\":139,\"caption\":\"EXPECT_Art\"},\"image\":{\"@id\":\"https:\/\/www.expectart.eu\/#\/schema\/logo\/image\/\"},\"sameAs\":[\"https:\/\/www.facebook.com\/EXPECTArtEU\",\"https:\/\/www.instagram.com\/expect_art_eu\/\"]},{\"@type\":\"Person\",\"@id\":\"https:\/\/www.expectart.eu\/#\/schema\/person\/b59fb6396df2f83cfe3070336089a595\",\"name\":\"Julcsi Szabo\",\"image\":{\"@type\":\"ImageObject\",\"inLanguage\":\"hu\",\"@id\":\"https:\/\/secure.gravatar.com\/avatar\/a53f1ed07d155593278ca0917bc1761d5e3c807d249ce544a78c55907d08bdb8?s=96&d=mm&r=g\",\"url\":\"https:\/\/secure.gravatar.com\/avatar\/a53f1ed07d155593278ca0917bc1761d5e3c807d249ce544a78c55907d08bdb8?s=96&d=mm&r=g\",\"contentUrl\":\"https:\/\/secure.gravatar.com\/avatar\/a53f1ed07d155593278ca0917bc1761d5e3c807d249ce544a78c55907d08bdb8?s=96&d=mm&r=g\",\"caption\":\"Julcsi Szabo\"},\"url\":\"https:\/\/www.expectart.eu\/hu\/author\/julcsi\/\"}]}<\/script>\n<!-- \/ Yoast SEO plugin. -->","yoast_head_json":{"title":"Kreat\u00edv kollabor\u00e1ci\u00f3 zajlik Szlov\u00e9ni\u00e1ban - EXPECT_Art","robots":{"index":"index","follow":"follow","max-snippet":"max-snippet:-1","max-image-preview":"max-image-preview:large","max-video-preview":"max-video-preview:-1"},"canonical":"https:\/\/www.expectart.eu\/hu\/kreativ-kollaboracio-zajlik-szloveniaban\/","og_locale":"hu_HU","og_type":"article","og_title":"Kreat\u00edv kollabor\u00e1ci\u00f3 zajlik Szlov\u00e9ni\u00e1ban - EXPECT_Art","og_description":"A koperi Tudom\u00e1nyos \u00e9s Kutat\u00f3k\u00f6zpont kutat\u00f3csoportja \u00e9s a szlov\u00e9n m\u0171v\u00e9szeti partner, a Portret tal\u00e1lkoz\u00f3t tartott a terepmunk\u00e1r\u00f3l \u00e9s a gyerekekkel val\u00f3 egy\u00fcttm\u0171k\u00f6d\u00e9sr\u0151l, valamint arr\u00f3l, hogy ezek hogyan kapcsol\u00f3dnak a kritikai kultur\u00e1lis m\u0171velts\u00e9ghez. Meg\u00e1llapodtak az iskol\u00e1kkal kapcsolatban, ahol terepmunka zajlik majd, a munk\u00e1jukba bevonni k\u00edv\u00e1nt k\u00fcl\u00f6nb\u00f6z\u0151 m\u0171v\u00e9szeti kifejez\u00e9sekr\u0151l, valamint a projekt szempontj\u00e1b\u00f3l relev\u00e1ns kutat\u00e1si t\u00e9m\u00e1kr\u00f3l. A [&hellip;]","og_url":"https:\/\/www.expectart.eu\/hu\/kreativ-kollaboracio-zajlik-szloveniaban\/","og_site_name":"EXPECT_Art","article_publisher":"https:\/\/www.facebook.com\/EXPECTArtEU","article_published_time":"2024-09-24T14:03:42+00:00","article_modified_time":"2024-10-21T13:08:37+00:00","og_image":[{"width":1200,"height":900,"url":"https:\/\/www.expectart.eu\/wp-content\/uploads\/2024\/09\/4.-novica.jpg","type":"image\/jpeg"}],"author":"Julcsi Szabo","twitter_card":"summary_large_image","twitter_misc":{"Szerz\u0151:":"Julcsi Szabo","Becs\u00fclt olvas\u00e1si id\u0151":"1 perc"},"schema":{"@context":"https:\/\/schema.org","@graph":[{"@type":"Article","@id":"https:\/\/www.expectart.eu\/hu\/kreativ-kollaboracio-zajlik-szloveniaban\/#article","isPartOf":{"@id":"https:\/\/www.expectart.eu\/hu\/kreativ-kollaboracio-zajlik-szloveniaban\/"},"author":{"name":"Julcsi Szabo","@id":"https:\/\/www.expectart.eu\/#\/schema\/person\/b59fb6396df2f83cfe3070336089a595"},"headline":"Kreat\u00edv kollabor\u00e1ci\u00f3 zajlik Szlov\u00e9ni\u00e1ban","datePublished":"2024-09-24T14:03:42+00:00","dateModified":"2024-10-21T13:08:37+00:00","mainEntityOfPage":{"@id":"https:\/\/www.expectart.eu\/hu\/kreativ-kollaboracio-zajlik-szloveniaban\/"},"wordCount":120,"commentCount":0,"publisher":{"@id":"https:\/\/www.expectart.eu\/#organization"},"image":{"@id":"https:\/\/www.expectart.eu\/hu\/kreativ-kollaboracio-zajlik-szloveniaban\/#primaryimage"},"thumbnailUrl":"https:\/\/www.expectart.eu\/wp-content\/uploads\/2024\/09\/4.-novica.jpg","articleSection":["Hirek"],"inLanguage":"hu","potentialAction":[{"@type":"CommentAction","name":"Comment","target":["https:\/\/www.expectart.eu\/hu\/kreativ-kollaboracio-zajlik-szloveniaban\/#respond"]}]},{"@type":"WebPage","@id":"https:\/\/www.expectart.eu\/hu\/kreativ-kollaboracio-zajlik-szloveniaban\/","url":"https:\/\/www.expectart.eu\/hu\/kreativ-kollaboracio-zajlik-szloveniaban\/","name":"Kreat\u00edv kollabor\u00e1ci\u00f3 zajlik Szlov\u00e9ni\u00e1ban - EXPECT_Art","isPartOf":{"@id":"https:\/\/www.expectart.eu\/#website"},"primaryImageOfPage":{"@id":"https:\/\/www.expectart.eu\/hu\/kreativ-kollaboracio-zajlik-szloveniaban\/#primaryimage"},"image":{"@id":"https:\/\/www.expectart.eu\/hu\/kreativ-kollaboracio-zajlik-szloveniaban\/#primaryimage"},"thumbnailUrl":"https:\/\/www.expectart.eu\/wp-content\/uploads\/2024\/09\/4.-novica.jpg","datePublished":"2024-09-24T14:03:42+00:00","dateModified":"2024-10-21T13:08:37+00:00","breadcrumb":{"@id":"https:\/\/www.expectart.eu\/hu\/kreativ-kollaboracio-zajlik-szloveniaban\/#breadcrumb"},"inLanguage":"hu","potentialAction":[{"@type":"ReadAction","target":["https:\/\/www.expectart.eu\/hu\/kreativ-kollaboracio-zajlik-szloveniaban\/"]}]},{"@type":"ImageObject","inLanguage":"hu","@id":"https:\/\/www.expectart.eu\/hu\/kreativ-kollaboracio-zajlik-szloveniaban\/#primaryimage","url":"https:\/\/www.expectart.eu\/wp-content\/uploads\/2024\/09\/4.-novica.jpg","contentUrl":"https:\/\/www.expectart.eu\/wp-content\/uploads\/2024\/09\/4.-novica.jpg","width":1200,"height":900,"caption":"4. novica Expectart"},{"@type":"BreadcrumbList","@id":"https:\/\/www.expectart.eu\/hu\/kreativ-kollaboracio-zajlik-szloveniaban\/#breadcrumb","itemListElement":[{"@type":"ListItem","position":1,"name":"Home","item":"https:\/\/www.expectart.eu\/"},{"@type":"ListItem","position":2,"name":"Kreat\u00edv kollabor\u00e1ci\u00f3 zajlik Szlov\u00e9ni\u00e1ban"}]},{"@type":"WebSite","@id":"https:\/\/www.expectart.eu\/#website","url":"https:\/\/www.expectart.eu\/","name":"EXPECT_Art","description":"EU Project","publisher":{"@id":"https:\/\/www.expectart.eu\/#organization"},"potentialAction":[{"@type":"SearchAction","target":{"@type":"EntryPoint","urlTemplate":"https:\/\/www.expectart.eu\/?s={search_term_string}"},"query-input":{"@type":"PropertyValueSpecification","valueRequired":true,"valueName":"search_term_string"}}],"inLanguage":"hu"},{"@type":"Organization","@id":"https:\/\/www.expectart.eu\/#organization","name":"EXPECT_Art","url":"https:\/\/www.expectart.eu\/","logo":{"@type":"ImageObject","inLanguage":"hu","@id":"https:\/\/www.expectart.eu\/#\/schema\/logo\/image\/","url":"https:\/\/www.expectart.eu\/wp-content\/uploads\/2024\/04\/cropped-logo-rgb_without-text-02.png","contentUrl":"https:\/\/www.expectart.eu\/wp-content\/uploads\/2024\/04\/cropped-logo-rgb_without-text-02.png","width":679,"height":139,"caption":"EXPECT_Art"},"image":{"@id":"https:\/\/www.expectart.eu\/#\/schema\/logo\/image\/"},"sameAs":["https:\/\/www.facebook.com\/EXPECTArtEU","https:\/\/www.instagram.com\/expect_art_eu\/"]},{"@type":"Person","@id":"https:\/\/www.expectart.eu\/#\/schema\/person\/b59fb6396df2f83cfe3070336089a595","name":"Julcsi Szabo","image":{"@type":"ImageObject","inLanguage":"hu","@id":"https:\/\/secure.gravatar.com\/avatar\/a53f1ed07d155593278ca0917bc1761d5e3c807d249ce544a78c55907d08bdb8?s=96&d=mm&r=g","url":"https:\/\/secure.gravatar.com\/avatar\/a53f1ed07d155593278ca0917bc1761d5e3c807d249ce544a78c55907d08bdb8?s=96&d=mm&r=g","contentUrl":"https:\/\/secure.gravatar.com\/avatar\/a53f1ed07d155593278ca0917bc1761d5e3c807d249ce544a78c55907d08bdb8?s=96&d=mm&r=g","caption":"Julcsi Szabo"},"url":"https:\/\/www.expectart.eu\/hu\/author\/julcsi\/"}]}},"_links":{"self":[{"href":"https:\/\/www.expectart.eu\/hu\/wp-json\/wp\/v2\/posts\/3896","targetHints":{"allow":["GET"]}}],"collection":[{"href":"https:\/\/www.expectart.eu\/hu\/wp-json\/wp\/v2\/posts"}],"about":[{"href":"https:\/\/www.expectart.eu\/hu\/wp-json\/wp\/v2\/types\/post"}],"author":[{"embeddable":true,"href":"https:\/\/www.expectart.eu\/hu\/wp-json\/wp\/v2\/users\/8"}],"replies":[{"embeddable":true,"href":"https:\/\/www.expectart.eu\/hu\/wp-json\/wp\/v2\/comments?post=3896"}],"version-history":[{"count":1,"href":"https:\/\/www.expectart.eu\/hu\/wp-json\/wp\/v2\/posts\/3896\/revisions"}],"predecessor-version":[{"id":3897,"href":"https:\/\/www.expectart.eu\/hu\/wp-json\/wp\/v2\/posts\/3896\/revisions\/3897"}],"wp:featuredmedia":[{"embeddable":true,"href":"https:\/\/www.expectart.eu\/hu\/wp-json\/wp\/v2\/media\/3421"}],"wp:attachment":[{"href":"https:\/\/www.expectart.eu\/hu\/wp-json\/wp\/v2\/media?parent=3896"}],"wp:term":[{"taxonomy":"category","embeddable":true,"href":"https:\/\/www.expectart.eu\/hu\/wp-json\/wp\/v2\/categories?post=3896"},{"taxonomy":"post_tag","embeddable":true,"href":"https:\/\/www.expectart.eu\/hu\/wp-json\/wp\/v2\/tags?post=3896"}],"curies":[{"name":"wp","href":"https:\/\/api.w.org\/{rel}","templated":true}]}}