{"id":3894,"date":"2024-09-24T16:06:39","date_gmt":"2024-09-24T14:06:39","guid":{"rendered":"https:\/\/www.expectart.eu\/?p=3894"},"modified":"2024-10-21T15:02:21","modified_gmt":"2024-10-21T13:02:21","slug":"elkeszultunk-a-modszertani-gyujtemennyel","status":"publish","type":"post","link":"https:\/\/www.expectart.eu\/hu\/elkeszultunk-a-modszertani-gyujtemennyel\/","title":{"rendered":"Elk\u00e9sz\u00fclt\u00fcnk a m\u00f3dszertani gy\u0171jtem\u00e9nnyel"},"content":{"rendered":"\n<p>\u00d6r\u00f6mmel jelentj\u00fck be, hogy a Barcelonai Egyetem szak\u00e9rt\u0151i csoportj\u00e1nak vezet\u00e9s\u00e9vel k\u00e9t jelent\u00e9s is elk\u00e9sz\u00fclt a kritikai kultur\u00e1lis m\u0171velts\u00e9gr\u0151l. <\/p>\n\n\n\n<p>A D2.1-ben a projekt legfontosabb elm\u00e9leti szempontjainak elm\u00e9leti meg\u00e9rt\u00e9s\u00e9t vizsg\u00e1ltuk meg. A jelent\u00e9s k\u00fcl\u00f6nb\u00f6z\u0151 elm\u00e9leti felfog\u00e1sokat tesz k\u00f6zz\u00e9 a k\u00f6zponti \u00e9s kritikai m\u0171velts\u00e9ggel, a kultur\u00e1lis m\u0171velts\u00e9ggel, a t\u00f6bbsz\u00f6r\u00f6s \u00edr\u00e1stud\u00e1ssal, a dekoloni\u00e1lis elm\u00e9lettel \u00e9s a k\u00f6z\u00f6ss\u00e9gi alap\u00fa kutat\u00e1sokkal kapcsolatban. Ezzel egyidej\u0171leg a jelent\u00e9s tiszt\u00e1zza, hogyan lehet meg\u00e9rteni a kritikai kultur\u00e1lis m\u0171velts\u00e9get a k\u00fcl\u00f6nb\u00f6z\u0151 orsz\u00e1gokban, \u00e9s j\u00f3 kiindul\u00f3pontot ad a projektnek a kritikai kultur\u00e1lis m\u0171velts\u00e9gre val\u00f3 reflekt\u00e1l\u00e1shoz \u00e9s az azzal kapcsolatos munk\u00e1hoz.<\/p>\n\n\n\n<p>A D2.2-ben nagysz\u00e1m\u00fa m\u00f3dszert gy\u0171jt\u00f6tt\u00fcnk \u00f6ssze a k\u00fcl\u00f6nb\u00f6z\u0151 orsz\u00e1gokb\u00f3l, \u00e9s \u00edrtunk le a kritikai kultur\u00e1lis m\u0171velts\u00e9ggel \u00e9s m\u0171v\u00e9szettel val\u00f3 munk\u00e1hoz &#8211; ak\u00e1r a k\u00f6zoktat\u00e1sban k\u00edv\u00e1njuk alkalmazni, ak\u00e1r m\u00e1shol. Gondoskodunk r\u00f3la, hogy folyamatosan t\u00e1j\u00e9koztassunk a projekt fejlem\u00e9nyeir\u0151l \u2013 maradj vel\u00fcnk!<\/p>\n","protected":false},"excerpt":{"rendered":"<p>\u00d6r\u00f6mmel jelentj\u00fck be, hogy a Barcelonai Egyetem szak\u00e9rt\u0151i csoportj\u00e1nak vezet\u00e9s\u00e9vel k\u00e9t jelent\u00e9s is elk\u00e9sz\u00fclt a kritikai kultur\u00e1lis m\u0171velts\u00e9gr\u0151l. A D2.1-ben a projekt legfontosabb elm\u00e9leti szempontjainak elm\u00e9leti meg\u00e9rt\u00e9s\u00e9t vizsg\u00e1ltuk meg. A jelent\u00e9s k\u00fcl\u00f6nb\u00f6z\u0151 elm\u00e9leti felfog\u00e1sokat tesz k\u00f6zz\u00e9 a k\u00f6zponti \u00e9s kritikai m\u0171velts\u00e9ggel, a kultur\u00e1lis m\u0171velts\u00e9ggel, a t\u00f6bbsz\u00f6r\u00f6s \u00edr\u00e1stud\u00e1ssal, a dekoloni\u00e1lis elm\u00e9lettel \u00e9s a k\u00f6z\u00f6ss\u00e9gi alap\u00fa kutat\u00e1sokkal [&hellip;]<\/p>\n","protected":false},"author":8,"featured_media":3432,"comment_status":"open","ping_status":"open","sticky":false,"template":"","format":"standard","meta":{"site-sidebar-layout":"default","site-content-layout":"","ast-site-content-layout":"default","site-content-style":"default","site-sidebar-style":"default","ast-global-header-display":"","ast-banner-title-visibility":"","ast-main-header-display":"","ast-hfb-above-header-display":"","ast-hfb-below-header-display":"","ast-hfb-mobile-header-display":"","site-post-title":"","ast-breadcrumbs-content":"","ast-featured-img":"","footer-sml-layout":"","ast-disable-related-posts":"","theme-transparent-header-meta":"","adv-header-id-meta":"","stick-header-meta":"","header-above-stick-meta":"","header-main-stick-meta":"","header-below-stick-meta":"","astra-migrate-meta-layouts":"set","ast-page-background-enabled":"default","ast-page-background-meta":{"desktop":{"background-color":"","background-image":"","background-repeat":"repeat","background-position":"center center","background-size":"auto","background-attachment":"scroll","background-type":"","background-media":"","overlay-type":"","overlay-color":"","overlay-opacity":"","overlay-gradient":""},"tablet":{"background-color":"","background-image":"","background-repeat":"repeat","background-position":"center center","background-size":"auto","background-attachment":"scroll","background-type":"","background-media":"","overlay-type":"","overlay-color":"","overlay-opacity":"","overlay-gradient":""},"mobile":{"background-color":"","background-image":"","background-repeat":"repeat","background-position":"center center","background-size":"auto","background-attachment":"scroll","background-type":"","background-media":"","overlay-type":"","overlay-color":"","overlay-opacity":"","overlay-gradient":""}},"ast-content-background-meta":{"desktop":{"background-color":"var(--ast-global-color-5)","background-image":"","background-repeat":"repeat","background-position":"center center","background-size":"auto","background-attachment":"scroll","background-type":"","background-media":"","overlay-type":"","overlay-color":"","overlay-opacity":"","overlay-gradient":""},"tablet":{"background-color":"var(--ast-global-color-5)","background-image":"","background-repeat":"repeat","background-position":"center center","background-size":"auto","background-attachment":"scroll","background-type":"","background-media":"","overlay-type":"","overlay-color":"","overlay-opacity":"","overlay-gradient":""},"mobile":{"background-color":"var(--ast-global-color-5)","background-image":"","background-repeat":"repeat","background-position":"center center","background-size":"auto","background-attachment":"scroll","background-type":"","background-media":"","overlay-type":"","overlay-color":"","overlay-opacity":"","overlay-gradient":""}},"footnotes":""},"categories":[54],"tags":[],"class_list":["post-3894","post","type-post","status-publish","format-standard","has-post-thumbnail","hentry","category-hirek"],"yoast_head":"<!-- This site is optimized with the Yoast SEO plugin v27.2 - https:\/\/yoast.com\/product\/yoast-seo-wordpress\/ -->\n<title>Elk\u00e9sz\u00fclt\u00fcnk a m\u00f3dszertani gy\u0171jtem\u00e9nnyel - EXPECT_Art<\/title>\n<meta name=\"robots\" content=\"index, follow, max-snippet:-1, max-image-preview:large, max-video-preview:-1\" \/>\n<link rel=\"canonical\" href=\"https:\/\/www.expectart.eu\/hu\/elkeszultunk-a-modszertani-gyujtemennyel\/\" \/>\n<meta property=\"og:locale\" content=\"hu_HU\" \/>\n<meta property=\"og:type\" content=\"article\" \/>\n<meta property=\"og:title\" content=\"Elk\u00e9sz\u00fclt\u00fcnk a m\u00f3dszertani gy\u0171jtem\u00e9nnyel - EXPECT_Art\" \/>\n<meta property=\"og:description\" content=\"\u00d6r\u00f6mmel jelentj\u00fck be, hogy a Barcelonai Egyetem szak\u00e9rt\u0151i csoportj\u00e1nak vezet\u00e9s\u00e9vel k\u00e9t jelent\u00e9s is elk\u00e9sz\u00fclt a kritikai kultur\u00e1lis m\u0171velts\u00e9gr\u0151l. A D2.1-ben a projekt legfontosabb elm\u00e9leti szempontjainak elm\u00e9leti meg\u00e9rt\u00e9s\u00e9t vizsg\u00e1ltuk meg. A jelent\u00e9s k\u00fcl\u00f6nb\u00f6z\u0151 elm\u00e9leti felfog\u00e1sokat tesz k\u00f6zz\u00e9 a k\u00f6zponti \u00e9s kritikai m\u0171velts\u00e9ggel, a kultur\u00e1lis m\u0171velts\u00e9ggel, a t\u00f6bbsz\u00f6r\u00f6s \u00edr\u00e1stud\u00e1ssal, a dekoloni\u00e1lis elm\u00e9lettel \u00e9s a k\u00f6z\u00f6ss\u00e9gi alap\u00fa kutat\u00e1sokkal [&hellip;]\" \/>\n<meta property=\"og:url\" content=\"https:\/\/www.expectart.eu\/hu\/elkeszultunk-a-modszertani-gyujtemennyel\/\" \/>\n<meta property=\"og:site_name\" content=\"EXPECT_Art\" \/>\n<meta property=\"article:publisher\" content=\"https:\/\/www.facebook.com\/EXPECTArtEU\" \/>\n<meta property=\"article:published_time\" content=\"2024-09-24T14:06:39+00:00\" \/>\n<meta property=\"article:modified_time\" content=\"2024-10-21T13:02:21+00:00\" \/>\n<meta property=\"og:image\" content=\"https:\/\/www.expectart.eu\/wp-content\/uploads\/2024\/09\/3.-novica-landscape.png\" \/>\n\t<meta property=\"og:image:width\" content=\"497\" \/>\n\t<meta property=\"og:image:height\" content=\"260\" \/>\n\t<meta property=\"og:image:type\" content=\"image\/png\" \/>\n<meta name=\"author\" content=\"Julcsi Szabo\" \/>\n<meta name=\"twitter:card\" content=\"summary_large_image\" \/>\n<meta name=\"twitter:label1\" content=\"Szerz\u0151:\" \/>\n\t<meta name=\"twitter:data1\" content=\"Julcsi Szabo\" \/>\n\t<meta name=\"twitter:label2\" content=\"Becs\u00fclt olvas\u00e1si id\u0151\" \/>\n\t<meta name=\"twitter:data2\" content=\"1 perc\" \/>\n<script type=\"application\/ld+json\" class=\"yoast-schema-graph\">{\"@context\":\"https:\/\/schema.org\",\"@graph\":[{\"@type\":\"Article\",\"@id\":\"https:\/\/www.expectart.eu\/hu\/elkeszultunk-a-modszertani-gyujtemennyel\/#article\",\"isPartOf\":{\"@id\":\"https:\/\/www.expectart.eu\/hu\/elkeszultunk-a-modszertani-gyujtemennyel\/\"},\"author\":{\"name\":\"Julcsi Szabo\",\"@id\":\"https:\/\/www.expectart.eu\/#\/schema\/person\/b59fb6396df2f83cfe3070336089a595\"},\"headline\":\"Elk\u00e9sz\u00fclt\u00fcnk a m\u00f3dszertani gy\u0171jtem\u00e9nnyel\",\"datePublished\":\"2024-09-24T14:06:39+00:00\",\"dateModified\":\"2024-10-21T13:02:21+00:00\",\"mainEntityOfPage\":{\"@id\":\"https:\/\/www.expectart.eu\/hu\/elkeszultunk-a-modszertani-gyujtemennyel\/\"},\"wordCount\":230,\"commentCount\":0,\"publisher\":{\"@id\":\"https:\/\/www.expectart.eu\/#organization\"},\"image\":{\"@id\":\"https:\/\/www.expectart.eu\/hu\/elkeszultunk-a-modszertani-gyujtemennyel\/#primaryimage\"},\"thumbnailUrl\":\"https:\/\/www.expectart.eu\/wp-content\/uploads\/2024\/09\/3.-novica-landscape.png\",\"articleSection\":[\"Hirek\"],\"inLanguage\":\"hu\",\"potentialAction\":[{\"@type\":\"CommentAction\",\"name\":\"Comment\",\"target\":[\"https:\/\/www.expectart.eu\/hu\/elkeszultunk-a-modszertani-gyujtemennyel\/#respond\"]}]},{\"@type\":\"WebPage\",\"@id\":\"https:\/\/www.expectart.eu\/hu\/elkeszultunk-a-modszertani-gyujtemennyel\/\",\"url\":\"https:\/\/www.expectart.eu\/hu\/elkeszultunk-a-modszertani-gyujtemennyel\/\",\"name\":\"Elk\u00e9sz\u00fclt\u00fcnk a m\u00f3dszertani gy\u0171jtem\u00e9nnyel - EXPECT_Art\",\"isPartOf\":{\"@id\":\"https:\/\/www.expectart.eu\/#website\"},\"primaryImageOfPage\":{\"@id\":\"https:\/\/www.expectart.eu\/hu\/elkeszultunk-a-modszertani-gyujtemennyel\/#primaryimage\"},\"image\":{\"@id\":\"https:\/\/www.expectart.eu\/hu\/elkeszultunk-a-modszertani-gyujtemennyel\/#primaryimage\"},\"thumbnailUrl\":\"https:\/\/www.expectart.eu\/wp-content\/uploads\/2024\/09\/3.-novica-landscape.png\",\"datePublished\":\"2024-09-24T14:06:39+00:00\",\"dateModified\":\"2024-10-21T13:02:21+00:00\",\"breadcrumb\":{\"@id\":\"https:\/\/www.expectart.eu\/hu\/elkeszultunk-a-modszertani-gyujtemennyel\/#breadcrumb\"},\"inLanguage\":\"hu\",\"potentialAction\":[{\"@type\":\"ReadAction\",\"target\":[\"https:\/\/www.expectart.eu\/hu\/elkeszultunk-a-modszertani-gyujtemennyel\/\"]}]},{\"@type\":\"ImageObject\",\"inLanguage\":\"hu\",\"@id\":\"https:\/\/www.expectart.eu\/hu\/elkeszultunk-a-modszertani-gyujtemennyel\/#primaryimage\",\"url\":\"https:\/\/www.expectart.eu\/wp-content\/uploads\/2024\/09\/3.-novica-landscape.png\",\"contentUrl\":\"https:\/\/www.expectart.eu\/wp-content\/uploads\/2024\/09\/3.-novica-landscape.png\",\"width\":497,\"height\":260,\"caption\":\"3. novica landscape\"},{\"@type\":\"BreadcrumbList\",\"@id\":\"https:\/\/www.expectart.eu\/hu\/elkeszultunk-a-modszertani-gyujtemennyel\/#breadcrumb\",\"itemListElement\":[{\"@type\":\"ListItem\",\"position\":1,\"name\":\"Home\",\"item\":\"https:\/\/www.expectart.eu\/\"},{\"@type\":\"ListItem\",\"position\":2,\"name\":\"Elk\u00e9sz\u00fclt\u00fcnk a m\u00f3dszertani gy\u0171jtem\u00e9nnyel\"}]},{\"@type\":\"WebSite\",\"@id\":\"https:\/\/www.expectart.eu\/#website\",\"url\":\"https:\/\/www.expectart.eu\/\",\"name\":\"EXPECT_Art\",\"description\":\"EU Project\",\"publisher\":{\"@id\":\"https:\/\/www.expectart.eu\/#organization\"},\"potentialAction\":[{\"@type\":\"SearchAction\",\"target\":{\"@type\":\"EntryPoint\",\"urlTemplate\":\"https:\/\/www.expectart.eu\/?s={search_term_string}\"},\"query-input\":{\"@type\":\"PropertyValueSpecification\",\"valueRequired\":true,\"valueName\":\"search_term_string\"}}],\"inLanguage\":\"hu\"},{\"@type\":\"Organization\",\"@id\":\"https:\/\/www.expectart.eu\/#organization\",\"name\":\"EXPECT_Art\",\"url\":\"https:\/\/www.expectart.eu\/\",\"logo\":{\"@type\":\"ImageObject\",\"inLanguage\":\"hu\",\"@id\":\"https:\/\/www.expectart.eu\/#\/schema\/logo\/image\/\",\"url\":\"https:\/\/www.expectart.eu\/wp-content\/uploads\/2024\/04\/cropped-logo-rgb_without-text-02.png\",\"contentUrl\":\"https:\/\/www.expectart.eu\/wp-content\/uploads\/2024\/04\/cropped-logo-rgb_without-text-02.png\",\"width\":679,\"height\":139,\"caption\":\"EXPECT_Art\"},\"image\":{\"@id\":\"https:\/\/www.expectart.eu\/#\/schema\/logo\/image\/\"},\"sameAs\":[\"https:\/\/www.facebook.com\/EXPECTArtEU\",\"https:\/\/www.instagram.com\/expect_art_eu\/\"]},{\"@type\":\"Person\",\"@id\":\"https:\/\/www.expectart.eu\/#\/schema\/person\/b59fb6396df2f83cfe3070336089a595\",\"name\":\"Julcsi Szabo\",\"image\":{\"@type\":\"ImageObject\",\"inLanguage\":\"hu\",\"@id\":\"https:\/\/secure.gravatar.com\/avatar\/a53f1ed07d155593278ca0917bc1761d5e3c807d249ce544a78c55907d08bdb8?s=96&d=mm&r=g\",\"url\":\"https:\/\/secure.gravatar.com\/avatar\/a53f1ed07d155593278ca0917bc1761d5e3c807d249ce544a78c55907d08bdb8?s=96&d=mm&r=g\",\"contentUrl\":\"https:\/\/secure.gravatar.com\/avatar\/a53f1ed07d155593278ca0917bc1761d5e3c807d249ce544a78c55907d08bdb8?s=96&d=mm&r=g\",\"caption\":\"Julcsi Szabo\"},\"url\":\"https:\/\/www.expectart.eu\/hu\/author\/julcsi\/\"}]}<\/script>\n<!-- \/ Yoast SEO plugin. -->","yoast_head_json":{"title":"Elk\u00e9sz\u00fclt\u00fcnk a m\u00f3dszertani gy\u0171jtem\u00e9nnyel - EXPECT_Art","robots":{"index":"index","follow":"follow","max-snippet":"max-snippet:-1","max-image-preview":"max-image-preview:large","max-video-preview":"max-video-preview:-1"},"canonical":"https:\/\/www.expectart.eu\/hu\/elkeszultunk-a-modszertani-gyujtemennyel\/","og_locale":"hu_HU","og_type":"article","og_title":"Elk\u00e9sz\u00fclt\u00fcnk a m\u00f3dszertani gy\u0171jtem\u00e9nnyel - EXPECT_Art","og_description":"\u00d6r\u00f6mmel jelentj\u00fck be, hogy a Barcelonai Egyetem szak\u00e9rt\u0151i csoportj\u00e1nak vezet\u00e9s\u00e9vel k\u00e9t jelent\u00e9s is elk\u00e9sz\u00fclt a kritikai kultur\u00e1lis m\u0171velts\u00e9gr\u0151l. A D2.1-ben a projekt legfontosabb elm\u00e9leti szempontjainak elm\u00e9leti meg\u00e9rt\u00e9s\u00e9t vizsg\u00e1ltuk meg. A jelent\u00e9s k\u00fcl\u00f6nb\u00f6z\u0151 elm\u00e9leti felfog\u00e1sokat tesz k\u00f6zz\u00e9 a k\u00f6zponti \u00e9s kritikai m\u0171velts\u00e9ggel, a kultur\u00e1lis m\u0171velts\u00e9ggel, a t\u00f6bbsz\u00f6r\u00f6s \u00edr\u00e1stud\u00e1ssal, a dekoloni\u00e1lis elm\u00e9lettel \u00e9s a k\u00f6z\u00f6ss\u00e9gi alap\u00fa kutat\u00e1sokkal [&hellip;]","og_url":"https:\/\/www.expectart.eu\/hu\/elkeszultunk-a-modszertani-gyujtemennyel\/","og_site_name":"EXPECT_Art","article_publisher":"https:\/\/www.facebook.com\/EXPECTArtEU","article_published_time":"2024-09-24T14:06:39+00:00","article_modified_time":"2024-10-21T13:02:21+00:00","og_image":[{"width":497,"height":260,"url":"https:\/\/www.expectart.eu\/wp-content\/uploads\/2024\/09\/3.-novica-landscape.png","type":"image\/png"}],"author":"Julcsi Szabo","twitter_card":"summary_large_image","twitter_misc":{"Szerz\u0151:":"Julcsi Szabo","Becs\u00fclt olvas\u00e1si id\u0151":"1 perc"},"schema":{"@context":"https:\/\/schema.org","@graph":[{"@type":"Article","@id":"https:\/\/www.expectart.eu\/hu\/elkeszultunk-a-modszertani-gyujtemennyel\/#article","isPartOf":{"@id":"https:\/\/www.expectart.eu\/hu\/elkeszultunk-a-modszertani-gyujtemennyel\/"},"author":{"name":"Julcsi Szabo","@id":"https:\/\/www.expectart.eu\/#\/schema\/person\/b59fb6396df2f83cfe3070336089a595"},"headline":"Elk\u00e9sz\u00fclt\u00fcnk a m\u00f3dszertani gy\u0171jtem\u00e9nnyel","datePublished":"2024-09-24T14:06:39+00:00","dateModified":"2024-10-21T13:02:21+00:00","mainEntityOfPage":{"@id":"https:\/\/www.expectart.eu\/hu\/elkeszultunk-a-modszertani-gyujtemennyel\/"},"wordCount":230,"commentCount":0,"publisher":{"@id":"https:\/\/www.expectart.eu\/#organization"},"image":{"@id":"https:\/\/www.expectart.eu\/hu\/elkeszultunk-a-modszertani-gyujtemennyel\/#primaryimage"},"thumbnailUrl":"https:\/\/www.expectart.eu\/wp-content\/uploads\/2024\/09\/3.-novica-landscape.png","articleSection":["Hirek"],"inLanguage":"hu","potentialAction":[{"@type":"CommentAction","name":"Comment","target":["https:\/\/www.expectart.eu\/hu\/elkeszultunk-a-modszertani-gyujtemennyel\/#respond"]}]},{"@type":"WebPage","@id":"https:\/\/www.expectart.eu\/hu\/elkeszultunk-a-modszertani-gyujtemennyel\/","url":"https:\/\/www.expectart.eu\/hu\/elkeszultunk-a-modszertani-gyujtemennyel\/","name":"Elk\u00e9sz\u00fclt\u00fcnk a m\u00f3dszertani gy\u0171jtem\u00e9nnyel - EXPECT_Art","isPartOf":{"@id":"https:\/\/www.expectart.eu\/#website"},"primaryImageOfPage":{"@id":"https:\/\/www.expectart.eu\/hu\/elkeszultunk-a-modszertani-gyujtemennyel\/#primaryimage"},"image":{"@id":"https:\/\/www.expectart.eu\/hu\/elkeszultunk-a-modszertani-gyujtemennyel\/#primaryimage"},"thumbnailUrl":"https:\/\/www.expectart.eu\/wp-content\/uploads\/2024\/09\/3.-novica-landscape.png","datePublished":"2024-09-24T14:06:39+00:00","dateModified":"2024-10-21T13:02:21+00:00","breadcrumb":{"@id":"https:\/\/www.expectart.eu\/hu\/elkeszultunk-a-modszertani-gyujtemennyel\/#breadcrumb"},"inLanguage":"hu","potentialAction":[{"@type":"ReadAction","target":["https:\/\/www.expectart.eu\/hu\/elkeszultunk-a-modszertani-gyujtemennyel\/"]}]},{"@type":"ImageObject","inLanguage":"hu","@id":"https:\/\/www.expectart.eu\/hu\/elkeszultunk-a-modszertani-gyujtemennyel\/#primaryimage","url":"https:\/\/www.expectart.eu\/wp-content\/uploads\/2024\/09\/3.-novica-landscape.png","contentUrl":"https:\/\/www.expectart.eu\/wp-content\/uploads\/2024\/09\/3.-novica-landscape.png","width":497,"height":260,"caption":"3. novica landscape"},{"@type":"BreadcrumbList","@id":"https:\/\/www.expectart.eu\/hu\/elkeszultunk-a-modszertani-gyujtemennyel\/#breadcrumb","itemListElement":[{"@type":"ListItem","position":1,"name":"Home","item":"https:\/\/www.expectart.eu\/"},{"@type":"ListItem","position":2,"name":"Elk\u00e9sz\u00fclt\u00fcnk a m\u00f3dszertani gy\u0171jtem\u00e9nnyel"}]},{"@type":"WebSite","@id":"https:\/\/www.expectart.eu\/#website","url":"https:\/\/www.expectart.eu\/","name":"EXPECT_Art","description":"EU Project","publisher":{"@id":"https:\/\/www.expectart.eu\/#organization"},"potentialAction":[{"@type":"SearchAction","target":{"@type":"EntryPoint","urlTemplate":"https:\/\/www.expectart.eu\/?s={search_term_string}"},"query-input":{"@type":"PropertyValueSpecification","valueRequired":true,"valueName":"search_term_string"}}],"inLanguage":"hu"},{"@type":"Organization","@id":"https:\/\/www.expectart.eu\/#organization","name":"EXPECT_Art","url":"https:\/\/www.expectart.eu\/","logo":{"@type":"ImageObject","inLanguage":"hu","@id":"https:\/\/www.expectart.eu\/#\/schema\/logo\/image\/","url":"https:\/\/www.expectart.eu\/wp-content\/uploads\/2024\/04\/cropped-logo-rgb_without-text-02.png","contentUrl":"https:\/\/www.expectart.eu\/wp-content\/uploads\/2024\/04\/cropped-logo-rgb_without-text-02.png","width":679,"height":139,"caption":"EXPECT_Art"},"image":{"@id":"https:\/\/www.expectart.eu\/#\/schema\/logo\/image\/"},"sameAs":["https:\/\/www.facebook.com\/EXPECTArtEU","https:\/\/www.instagram.com\/expect_art_eu\/"]},{"@type":"Person","@id":"https:\/\/www.expectart.eu\/#\/schema\/person\/b59fb6396df2f83cfe3070336089a595","name":"Julcsi Szabo","image":{"@type":"ImageObject","inLanguage":"hu","@id":"https:\/\/secure.gravatar.com\/avatar\/a53f1ed07d155593278ca0917bc1761d5e3c807d249ce544a78c55907d08bdb8?s=96&d=mm&r=g","url":"https:\/\/secure.gravatar.com\/avatar\/a53f1ed07d155593278ca0917bc1761d5e3c807d249ce544a78c55907d08bdb8?s=96&d=mm&r=g","contentUrl":"https:\/\/secure.gravatar.com\/avatar\/a53f1ed07d155593278ca0917bc1761d5e3c807d249ce544a78c55907d08bdb8?s=96&d=mm&r=g","caption":"Julcsi Szabo"},"url":"https:\/\/www.expectart.eu\/hu\/author\/julcsi\/"}]}},"_links":{"self":[{"href":"https:\/\/www.expectart.eu\/hu\/wp-json\/wp\/v2\/posts\/3894","targetHints":{"allow":["GET"]}}],"collection":[{"href":"https:\/\/www.expectart.eu\/hu\/wp-json\/wp\/v2\/posts"}],"about":[{"href":"https:\/\/www.expectart.eu\/hu\/wp-json\/wp\/v2\/types\/post"}],"author":[{"embeddable":true,"href":"https:\/\/www.expectart.eu\/hu\/wp-json\/wp\/v2\/users\/8"}],"replies":[{"embeddable":true,"href":"https:\/\/www.expectart.eu\/hu\/wp-json\/wp\/v2\/comments?post=3894"}],"version-history":[{"count":1,"href":"https:\/\/www.expectart.eu\/hu\/wp-json\/wp\/v2\/posts\/3894\/revisions"}],"predecessor-version":[{"id":3895,"href":"https:\/\/www.expectart.eu\/hu\/wp-json\/wp\/v2\/posts\/3894\/revisions\/3895"}],"wp:featuredmedia":[{"embeddable":true,"href":"https:\/\/www.expectart.eu\/hu\/wp-json\/wp\/v2\/media\/3432"}],"wp:attachment":[{"href":"https:\/\/www.expectart.eu\/hu\/wp-json\/wp\/v2\/media?parent=3894"}],"wp:term":[{"taxonomy":"category","embeddable":true,"href":"https:\/\/www.expectart.eu\/hu\/wp-json\/wp\/v2\/categories?post=3894"},{"taxonomy":"post_tag","embeddable":true,"href":"https:\/\/www.expectart.eu\/hu\/wp-json\/wp\/v2\/tags?post=3894"}],"curies":[{"name":"wp","href":"https:\/\/api.w.org\/{rel}","templated":true}]}}