{"id":3876,"date":"2024-10-02T11:18:49","date_gmt":"2024-10-02T09:18:49","guid":{"rendered":"https:\/\/www.expectart.eu\/?p=3876"},"modified":"2024-10-21T14:18:43","modified_gmt":"2024-10-21T12:18:43","slug":"expect_art-az-europai-oktatasi-konferencian-ecer-2024","status":"publish","type":"post","link":"https:\/\/www.expectart.eu\/hu\/expect_art-az-europai-oktatasi-konferencian-ecer-2024\/","title":{"rendered":"EXPECT_Art az Eur\u00f3pai Oktat\u00e1si Konferenci\u00e1n &#8211; ECER, 2024"},"content":{"rendered":"\n<p>Az EXPECT_Art kutat\u00f3ik\u00e9nt \u00f6r\u00f6mmel vett\u00fcnk r\u00e9szt az ECER 2024 Eur\u00f3pai Oktat\u00e1si Konferenci\u00e1n, amelyre 2024. augusztus 27-30. k\u00f6z\u00f6tt ker\u00fclt sor a nicosiai Ciprusi Egyetemen. J\u00f3 alkalom volt ez Gro Hellesdatter Jacobsen (AAU), S\u00f8ren Sindberg Jensen (SDU) \u00e9s Lisa Rosen (RPTU) sz\u00e1m\u00e1ra, hogy prezent\u00e1lj\u00e1k a projektben zajl\u00f3 kutat\u00e1si tev\u00e9kenys\u00e9get, valamint Bianca Ba\u00dfler (RPTU) \u00e9s Fenna tom Dieck (RPTU), mint t\u00e1rsszerz\u0151k sz\u00e1m\u00e1ra, hogy megossz\u00e1k el\u0151zetes meg\u00e1llap\u00edt\u00e1saikat \u00e9s gondolataikat a projekt szakirodalmi \u00e1ttekint\u00e9s\u00e9vel kapcsolatban, a n\u00e9met \u00e9s a d\u00e1n kontextusra \u00f6sszpontos\u00edtva.<\/p>\n\n\n\n<p>A konferencia idei t\u00e9m\u00e1ja az \u201eOktat\u00e1s a bizonytalans\u00e1g kor\u00e1ban: eml\u00e9kez\u00e9s \u00e9s rem\u00e9ny a j\u00f6v\u0151re\u201d volt. A konferencia az oktat\u00e1skutat\u00e1s kulcsfontoss\u00e1g\u00fa k\u00e9rd\u00e9seire, trendjeire, sikereire \u00e9s kih\u00edv\u00e1saira f\u00f3kusz\u00e1lt, azzal a c\u00e9llal, hogy megvizsg\u00e1lja, hogyan seg\u00edthetnek ezek a felismer\u00e9sek a jelenlegi \u00e9s j\u00f6v\u0151beli ig\u00e9nyek, kih\u00edv\u00e1sok \u00e9s lehet\u0151s\u00e9gek kezel\u00e9s\u00e9ben.<\/p>\n\n\n\n<p>Az EXPECT_Art projekt tagjaik\u00e9nt \u00f6r\u00f6m\u00fcnkre szolg\u00e1lt, hogy lehet\u0151s\u00e9g\u00fcnk ny\u00edlt arra, hogy kutat\u00e1sunkkal hozz\u00e1j\u00e1ruljunk az oktat\u00e1s fontos t\u00e9m\u00e1j\u00e1nak vizsg\u00e1lat\u00e1hoz. Csapatunk h\u00e1l\u00e1s az \u00e9rt\u00e9kes k\u00e9rd\u00e9sek\u00e9rt \u00e9s \u00e9szrev\u00e9telek\u00e9rt, amelyeket a nemzetk\u00f6zi kutat\u00f3i k\u00f6z\u00f6ss\u00e9gt\u0151l kaptunk.<\/p>\n\n\n\n<p><\/p>\n","protected":false},"excerpt":{"rendered":"<p>Az EXPECT_Art kutat\u00f3ik\u00e9nt \u00f6r\u00f6mmel vett\u00fcnk r\u00e9szt az ECER 2024 Eur\u00f3pai Oktat\u00e1si Konferenci\u00e1n, amelyre 2024. augusztus 27-30. k\u00f6z\u00f6tt ker\u00fclt sor a nicosiai Ciprusi Egyetemen. J\u00f3 alkalom volt ez Gro Hellesdatter Jacobsen (AAU), S\u00f8ren Sindberg Jensen (SDU) \u00e9s Lisa Rosen (RPTU) sz\u00e1m\u00e1ra, hogy prezent\u00e1lj\u00e1k a projektben zajl\u00f3 kutat\u00e1si tev\u00e9kenys\u00e9get, valamint Bianca Ba\u00dfler (RPTU) \u00e9s Fenna tom Dieck [&hellip;]<\/p>\n","protected":false},"author":8,"featured_media":3730,"comment_status":"open","ping_status":"open","sticky":false,"template":"","format":"standard","meta":{"site-sidebar-layout":"default","site-content-layout":"","ast-site-content-layout":"default","site-content-style":"default","site-sidebar-style":"default","ast-global-header-display":"","ast-banner-title-visibility":"","ast-main-header-display":"","ast-hfb-above-header-display":"","ast-hfb-below-header-display":"","ast-hfb-mobile-header-display":"","site-post-title":"","ast-breadcrumbs-content":"","ast-featured-img":"","footer-sml-layout":"","ast-disable-related-posts":"","theme-transparent-header-meta":"","adv-header-id-meta":"","stick-header-meta":"","header-above-stick-meta":"","header-main-stick-meta":"","header-below-stick-meta":"","astra-migrate-meta-layouts":"set","ast-page-background-enabled":"default","ast-page-background-meta":{"desktop":{"background-color":"","background-image":"","background-repeat":"repeat","background-position":"center center","background-size":"auto","background-attachment":"scroll","background-type":"","background-media":"","overlay-type":"","overlay-color":"","overlay-opacity":"","overlay-gradient":""},"tablet":{"background-color":"","background-image":"","background-repeat":"repeat","background-position":"center center","background-size":"auto","background-attachment":"scroll","background-type":"","background-media":"","overlay-type":"","overlay-color":"","overlay-opacity":"","overlay-gradient":""},"mobile":{"background-color":"","background-image":"","background-repeat":"repeat","background-position":"center center","background-size":"auto","background-attachment":"scroll","background-type":"","background-media":"","overlay-type":"","overlay-color":"","overlay-opacity":"","overlay-gradient":""}},"ast-content-background-meta":{"desktop":{"background-color":"var(--ast-global-color-5)","background-image":"","background-repeat":"repeat","background-position":"center center","background-size":"auto","background-attachment":"scroll","background-type":"","background-media":"","overlay-type":"","overlay-color":"","overlay-opacity":"","overlay-gradient":""},"tablet":{"background-color":"var(--ast-global-color-5)","background-image":"","background-repeat":"repeat","background-position":"center center","background-size":"auto","background-attachment":"scroll","background-type":"","background-media":"","overlay-type":"","overlay-color":"","overlay-opacity":"","overlay-gradient":""},"mobile":{"background-color":"var(--ast-global-color-5)","background-image":"","background-repeat":"repeat","background-position":"center center","background-size":"auto","background-attachment":"scroll","background-type":"","background-media":"","overlay-type":"","overlay-color":"","overlay-opacity":"","overlay-gradient":""}},"footnotes":""},"categories":[54],"tags":[],"class_list":["post-3876","post","type-post","status-publish","format-standard","has-post-thumbnail","hentry","category-hirek"],"yoast_head":"<!-- This site is optimized with the Yoast SEO plugin v27.2 - https:\/\/yoast.com\/product\/yoast-seo-wordpress\/ -->\n<title>EXPECT_Art az Eur\u00f3pai Oktat\u00e1si Konferenci\u00e1n - ECER, 2024 - EXPECT_Art<\/title>\n<meta name=\"robots\" content=\"index, follow, max-snippet:-1, max-image-preview:large, max-video-preview:-1\" \/>\n<link rel=\"canonical\" href=\"https:\/\/www.expectart.eu\/hu\/expect_art-az-europai-oktatasi-konferencian-ecer-2024\/\" \/>\n<meta property=\"og:locale\" content=\"hu_HU\" \/>\n<meta property=\"og:type\" content=\"article\" \/>\n<meta property=\"og:title\" content=\"EXPECT_Art az Eur\u00f3pai Oktat\u00e1si Konferenci\u00e1n - ECER, 2024 - EXPECT_Art\" \/>\n<meta property=\"og:description\" content=\"Az EXPECT_Art kutat\u00f3ik\u00e9nt \u00f6r\u00f6mmel vett\u00fcnk r\u00e9szt az ECER 2024 Eur\u00f3pai Oktat\u00e1si Konferenci\u00e1n, amelyre 2024. augusztus 27-30. k\u00f6z\u00f6tt ker\u00fclt sor a nicosiai Ciprusi Egyetemen. J\u00f3 alkalom volt ez Gro Hellesdatter Jacobsen (AAU), S\u00f8ren Sindberg Jensen (SDU) \u00e9s Lisa Rosen (RPTU) sz\u00e1m\u00e1ra, hogy prezent\u00e1lj\u00e1k a projektben zajl\u00f3 kutat\u00e1si tev\u00e9kenys\u00e9get, valamint Bianca Ba\u00dfler (RPTU) \u00e9s Fenna tom Dieck [&hellip;]\" \/>\n<meta property=\"og:url\" content=\"https:\/\/www.expectart.eu\/hu\/expect_art-az-europai-oktatasi-konferencian-ecer-2024\/\" \/>\n<meta property=\"og:site_name\" content=\"EXPECT_Art\" \/>\n<meta property=\"article:publisher\" content=\"https:\/\/www.facebook.com\/EXPECTArtEU\" \/>\n<meta property=\"article:published_time\" content=\"2024-10-02T09:18:49+00:00\" \/>\n<meta property=\"article:modified_time\" content=\"2024-10-21T12:18:43+00:00\" \/>\n<meta property=\"og:image\" content=\"https:\/\/www.expectart.eu\/wp-content\/uploads\/2024\/10\/Expectart-photo-1.jpg\" \/>\n\t<meta property=\"og:image:width\" content=\"865\" \/>\n\t<meta property=\"og:image:height\" content=\"563\" \/>\n\t<meta property=\"og:image:type\" content=\"image\/jpeg\" \/>\n<meta name=\"author\" content=\"Julcsi Szabo\" \/>\n<meta name=\"twitter:card\" content=\"summary_large_image\" \/>\n<meta name=\"twitter:label1\" content=\"Szerz\u0151:\" \/>\n\t<meta name=\"twitter:data1\" content=\"Julcsi Szabo\" \/>\n\t<meta name=\"twitter:label2\" content=\"Becs\u00fclt olvas\u00e1si id\u0151\" \/>\n\t<meta name=\"twitter:data2\" content=\"1 perc\" \/>\n<script type=\"application\/ld+json\" class=\"yoast-schema-graph\">{\"@context\":\"https:\/\/schema.org\",\"@graph\":[{\"@type\":\"Article\",\"@id\":\"https:\/\/www.expectart.eu\/hu\/expect_art-az-europai-oktatasi-konferencian-ecer-2024\/#article\",\"isPartOf\":{\"@id\":\"https:\/\/www.expectart.eu\/hu\/expect_art-az-europai-oktatasi-konferencian-ecer-2024\/\"},\"author\":{\"name\":\"Julcsi Szabo\",\"@id\":\"https:\/\/www.expectart.eu\/#\/schema\/person\/b59fb6396df2f83cfe3070336089a595\"},\"headline\":\"EXPECT_Art az Eur\u00f3pai Oktat\u00e1si Konferenci\u00e1n &#8211; ECER, 2024\",\"datePublished\":\"2024-10-02T09:18:49+00:00\",\"dateModified\":\"2024-10-21T12:18:43+00:00\",\"mainEntityOfPage\":{\"@id\":\"https:\/\/www.expectart.eu\/hu\/expect_art-az-europai-oktatasi-konferencian-ecer-2024\/\"},\"wordCount\":261,\"commentCount\":0,\"publisher\":{\"@id\":\"https:\/\/www.expectart.eu\/#organization\"},\"image\":{\"@id\":\"https:\/\/www.expectart.eu\/hu\/expect_art-az-europai-oktatasi-konferencian-ecer-2024\/#primaryimage\"},\"thumbnailUrl\":\"https:\/\/www.expectart.eu\/wp-content\/uploads\/2024\/10\/Expectart-photo-1.jpg\",\"articleSection\":[\"Hirek\"],\"inLanguage\":\"hu\",\"potentialAction\":[{\"@type\":\"CommentAction\",\"name\":\"Comment\",\"target\":[\"https:\/\/www.expectart.eu\/hu\/expect_art-az-europai-oktatasi-konferencian-ecer-2024\/#respond\"]}]},{\"@type\":\"WebPage\",\"@id\":\"https:\/\/www.expectart.eu\/hu\/expect_art-az-europai-oktatasi-konferencian-ecer-2024\/\",\"url\":\"https:\/\/www.expectart.eu\/hu\/expect_art-az-europai-oktatasi-konferencian-ecer-2024\/\",\"name\":\"EXPECT_Art az Eur\u00f3pai Oktat\u00e1si Konferenci\u00e1n - ECER, 2024 - EXPECT_Art\",\"isPartOf\":{\"@id\":\"https:\/\/www.expectart.eu\/#website\"},\"primaryImageOfPage\":{\"@id\":\"https:\/\/www.expectart.eu\/hu\/expect_art-az-europai-oktatasi-konferencian-ecer-2024\/#primaryimage\"},\"image\":{\"@id\":\"https:\/\/www.expectart.eu\/hu\/expect_art-az-europai-oktatasi-konferencian-ecer-2024\/#primaryimage\"},\"thumbnailUrl\":\"https:\/\/www.expectart.eu\/wp-content\/uploads\/2024\/10\/Expectart-photo-1.jpg\",\"datePublished\":\"2024-10-02T09:18:49+00:00\",\"dateModified\":\"2024-10-21T12:18:43+00:00\",\"breadcrumb\":{\"@id\":\"https:\/\/www.expectart.eu\/hu\/expect_art-az-europai-oktatasi-konferencian-ecer-2024\/#breadcrumb\"},\"inLanguage\":\"hu\",\"potentialAction\":[{\"@type\":\"ReadAction\",\"target\":[\"https:\/\/www.expectart.eu\/hu\/expect_art-az-europai-oktatasi-konferencian-ecer-2024\/\"]}]},{\"@type\":\"ImageObject\",\"inLanguage\":\"hu\",\"@id\":\"https:\/\/www.expectart.eu\/hu\/expect_art-az-europai-oktatasi-konferencian-ecer-2024\/#primaryimage\",\"url\":\"https:\/\/www.expectart.eu\/wp-content\/uploads\/2024\/10\/Expectart-photo-1.jpg\",\"contentUrl\":\"https:\/\/www.expectart.eu\/wp-content\/uploads\/2024\/10\/Expectart-photo-1.jpg\",\"width\":865,\"height\":563,\"caption\":\"Expectart photo 1\"},{\"@type\":\"BreadcrumbList\",\"@id\":\"https:\/\/www.expectart.eu\/hu\/expect_art-az-europai-oktatasi-konferencian-ecer-2024\/#breadcrumb\",\"itemListElement\":[{\"@type\":\"ListItem\",\"position\":1,\"name\":\"Home\",\"item\":\"https:\/\/www.expectart.eu\/\"},{\"@type\":\"ListItem\",\"position\":2,\"name\":\"EXPECT_Art az Eur\u00f3pai Oktat\u00e1si Konferenci\u00e1n &#8211; ECER, 2024\"}]},{\"@type\":\"WebSite\",\"@id\":\"https:\/\/www.expectart.eu\/#website\",\"url\":\"https:\/\/www.expectart.eu\/\",\"name\":\"EXPECT_Art\",\"description\":\"EU Project\",\"publisher\":{\"@id\":\"https:\/\/www.expectart.eu\/#organization\"},\"potentialAction\":[{\"@type\":\"SearchAction\",\"target\":{\"@type\":\"EntryPoint\",\"urlTemplate\":\"https:\/\/www.expectart.eu\/?s={search_term_string}\"},\"query-input\":{\"@type\":\"PropertyValueSpecification\",\"valueRequired\":true,\"valueName\":\"search_term_string\"}}],\"inLanguage\":\"hu\"},{\"@type\":\"Organization\",\"@id\":\"https:\/\/www.expectart.eu\/#organization\",\"name\":\"EXPECT_Art\",\"url\":\"https:\/\/www.expectart.eu\/\",\"logo\":{\"@type\":\"ImageObject\",\"inLanguage\":\"hu\",\"@id\":\"https:\/\/www.expectart.eu\/#\/schema\/logo\/image\/\",\"url\":\"https:\/\/www.expectart.eu\/wp-content\/uploads\/2024\/04\/cropped-logo-rgb_without-text-02.png\",\"contentUrl\":\"https:\/\/www.expectart.eu\/wp-content\/uploads\/2024\/04\/cropped-logo-rgb_without-text-02.png\",\"width\":679,\"height\":139,\"caption\":\"EXPECT_Art\"},\"image\":{\"@id\":\"https:\/\/www.expectart.eu\/#\/schema\/logo\/image\/\"},\"sameAs\":[\"https:\/\/www.facebook.com\/EXPECTArtEU\",\"https:\/\/www.instagram.com\/expect_art_eu\/\"]},{\"@type\":\"Person\",\"@id\":\"https:\/\/www.expectart.eu\/#\/schema\/person\/b59fb6396df2f83cfe3070336089a595\",\"name\":\"Julcsi Szabo\",\"image\":{\"@type\":\"ImageObject\",\"inLanguage\":\"hu\",\"@id\":\"https:\/\/secure.gravatar.com\/avatar\/a53f1ed07d155593278ca0917bc1761d5e3c807d249ce544a78c55907d08bdb8?s=96&d=mm&r=g\",\"url\":\"https:\/\/secure.gravatar.com\/avatar\/a53f1ed07d155593278ca0917bc1761d5e3c807d249ce544a78c55907d08bdb8?s=96&d=mm&r=g\",\"contentUrl\":\"https:\/\/secure.gravatar.com\/avatar\/a53f1ed07d155593278ca0917bc1761d5e3c807d249ce544a78c55907d08bdb8?s=96&d=mm&r=g\",\"caption\":\"Julcsi Szabo\"},\"url\":\"https:\/\/www.expectart.eu\/hu\/author\/julcsi\/\"}]}<\/script>\n<!-- \/ Yoast SEO plugin. -->","yoast_head_json":{"title":"EXPECT_Art az Eur\u00f3pai Oktat\u00e1si Konferenci\u00e1n - ECER, 2024 - EXPECT_Art","robots":{"index":"index","follow":"follow","max-snippet":"max-snippet:-1","max-image-preview":"max-image-preview:large","max-video-preview":"max-video-preview:-1"},"canonical":"https:\/\/www.expectart.eu\/hu\/expect_art-az-europai-oktatasi-konferencian-ecer-2024\/","og_locale":"hu_HU","og_type":"article","og_title":"EXPECT_Art az Eur\u00f3pai Oktat\u00e1si Konferenci\u00e1n - ECER, 2024 - EXPECT_Art","og_description":"Az EXPECT_Art kutat\u00f3ik\u00e9nt \u00f6r\u00f6mmel vett\u00fcnk r\u00e9szt az ECER 2024 Eur\u00f3pai Oktat\u00e1si Konferenci\u00e1n, amelyre 2024. augusztus 27-30. k\u00f6z\u00f6tt ker\u00fclt sor a nicosiai Ciprusi Egyetemen. J\u00f3 alkalom volt ez Gro Hellesdatter Jacobsen (AAU), S\u00f8ren Sindberg Jensen (SDU) \u00e9s Lisa Rosen (RPTU) sz\u00e1m\u00e1ra, hogy prezent\u00e1lj\u00e1k a projektben zajl\u00f3 kutat\u00e1si tev\u00e9kenys\u00e9get, valamint Bianca Ba\u00dfler (RPTU) \u00e9s Fenna tom Dieck [&hellip;]","og_url":"https:\/\/www.expectart.eu\/hu\/expect_art-az-europai-oktatasi-konferencian-ecer-2024\/","og_site_name":"EXPECT_Art","article_publisher":"https:\/\/www.facebook.com\/EXPECTArtEU","article_published_time":"2024-10-02T09:18:49+00:00","article_modified_time":"2024-10-21T12:18:43+00:00","og_image":[{"width":865,"height":563,"url":"https:\/\/www.expectart.eu\/wp-content\/uploads\/2024\/10\/Expectart-photo-1.jpg","type":"image\/jpeg"}],"author":"Julcsi Szabo","twitter_card":"summary_large_image","twitter_misc":{"Szerz\u0151:":"Julcsi Szabo","Becs\u00fclt olvas\u00e1si id\u0151":"1 perc"},"schema":{"@context":"https:\/\/schema.org","@graph":[{"@type":"Article","@id":"https:\/\/www.expectart.eu\/hu\/expect_art-az-europai-oktatasi-konferencian-ecer-2024\/#article","isPartOf":{"@id":"https:\/\/www.expectart.eu\/hu\/expect_art-az-europai-oktatasi-konferencian-ecer-2024\/"},"author":{"name":"Julcsi Szabo","@id":"https:\/\/www.expectart.eu\/#\/schema\/person\/b59fb6396df2f83cfe3070336089a595"},"headline":"EXPECT_Art az Eur\u00f3pai Oktat\u00e1si Konferenci\u00e1n &#8211; ECER, 2024","datePublished":"2024-10-02T09:18:49+00:00","dateModified":"2024-10-21T12:18:43+00:00","mainEntityOfPage":{"@id":"https:\/\/www.expectart.eu\/hu\/expect_art-az-europai-oktatasi-konferencian-ecer-2024\/"},"wordCount":261,"commentCount":0,"publisher":{"@id":"https:\/\/www.expectart.eu\/#organization"},"image":{"@id":"https:\/\/www.expectart.eu\/hu\/expect_art-az-europai-oktatasi-konferencian-ecer-2024\/#primaryimage"},"thumbnailUrl":"https:\/\/www.expectart.eu\/wp-content\/uploads\/2024\/10\/Expectart-photo-1.jpg","articleSection":["Hirek"],"inLanguage":"hu","potentialAction":[{"@type":"CommentAction","name":"Comment","target":["https:\/\/www.expectart.eu\/hu\/expect_art-az-europai-oktatasi-konferencian-ecer-2024\/#respond"]}]},{"@type":"WebPage","@id":"https:\/\/www.expectart.eu\/hu\/expect_art-az-europai-oktatasi-konferencian-ecer-2024\/","url":"https:\/\/www.expectart.eu\/hu\/expect_art-az-europai-oktatasi-konferencian-ecer-2024\/","name":"EXPECT_Art az Eur\u00f3pai Oktat\u00e1si Konferenci\u00e1n - ECER, 2024 - EXPECT_Art","isPartOf":{"@id":"https:\/\/www.expectart.eu\/#website"},"primaryImageOfPage":{"@id":"https:\/\/www.expectart.eu\/hu\/expect_art-az-europai-oktatasi-konferencian-ecer-2024\/#primaryimage"},"image":{"@id":"https:\/\/www.expectart.eu\/hu\/expect_art-az-europai-oktatasi-konferencian-ecer-2024\/#primaryimage"},"thumbnailUrl":"https:\/\/www.expectart.eu\/wp-content\/uploads\/2024\/10\/Expectart-photo-1.jpg","datePublished":"2024-10-02T09:18:49+00:00","dateModified":"2024-10-21T12:18:43+00:00","breadcrumb":{"@id":"https:\/\/www.expectart.eu\/hu\/expect_art-az-europai-oktatasi-konferencian-ecer-2024\/#breadcrumb"},"inLanguage":"hu","potentialAction":[{"@type":"ReadAction","target":["https:\/\/www.expectart.eu\/hu\/expect_art-az-europai-oktatasi-konferencian-ecer-2024\/"]}]},{"@type":"ImageObject","inLanguage":"hu","@id":"https:\/\/www.expectart.eu\/hu\/expect_art-az-europai-oktatasi-konferencian-ecer-2024\/#primaryimage","url":"https:\/\/www.expectart.eu\/wp-content\/uploads\/2024\/10\/Expectart-photo-1.jpg","contentUrl":"https:\/\/www.expectart.eu\/wp-content\/uploads\/2024\/10\/Expectart-photo-1.jpg","width":865,"height":563,"caption":"Expectart photo 1"},{"@type":"BreadcrumbList","@id":"https:\/\/www.expectart.eu\/hu\/expect_art-az-europai-oktatasi-konferencian-ecer-2024\/#breadcrumb","itemListElement":[{"@type":"ListItem","position":1,"name":"Home","item":"https:\/\/www.expectart.eu\/"},{"@type":"ListItem","position":2,"name":"EXPECT_Art az Eur\u00f3pai Oktat\u00e1si Konferenci\u00e1n &#8211; ECER, 2024"}]},{"@type":"WebSite","@id":"https:\/\/www.expectart.eu\/#website","url":"https:\/\/www.expectart.eu\/","name":"EXPECT_Art","description":"EU Project","publisher":{"@id":"https:\/\/www.expectart.eu\/#organization"},"potentialAction":[{"@type":"SearchAction","target":{"@type":"EntryPoint","urlTemplate":"https:\/\/www.expectart.eu\/?s={search_term_string}"},"query-input":{"@type":"PropertyValueSpecification","valueRequired":true,"valueName":"search_term_string"}}],"inLanguage":"hu"},{"@type":"Organization","@id":"https:\/\/www.expectart.eu\/#organization","name":"EXPECT_Art","url":"https:\/\/www.expectart.eu\/","logo":{"@type":"ImageObject","inLanguage":"hu","@id":"https:\/\/www.expectart.eu\/#\/schema\/logo\/image\/","url":"https:\/\/www.expectart.eu\/wp-content\/uploads\/2024\/04\/cropped-logo-rgb_without-text-02.png","contentUrl":"https:\/\/www.expectart.eu\/wp-content\/uploads\/2024\/04\/cropped-logo-rgb_without-text-02.png","width":679,"height":139,"caption":"EXPECT_Art"},"image":{"@id":"https:\/\/www.expectart.eu\/#\/schema\/logo\/image\/"},"sameAs":["https:\/\/www.facebook.com\/EXPECTArtEU","https:\/\/www.instagram.com\/expect_art_eu\/"]},{"@type":"Person","@id":"https:\/\/www.expectart.eu\/#\/schema\/person\/b59fb6396df2f83cfe3070336089a595","name":"Julcsi Szabo","image":{"@type":"ImageObject","inLanguage":"hu","@id":"https:\/\/secure.gravatar.com\/avatar\/a53f1ed07d155593278ca0917bc1761d5e3c807d249ce544a78c55907d08bdb8?s=96&d=mm&r=g","url":"https:\/\/secure.gravatar.com\/avatar\/a53f1ed07d155593278ca0917bc1761d5e3c807d249ce544a78c55907d08bdb8?s=96&d=mm&r=g","contentUrl":"https:\/\/secure.gravatar.com\/avatar\/a53f1ed07d155593278ca0917bc1761d5e3c807d249ce544a78c55907d08bdb8?s=96&d=mm&r=g","caption":"Julcsi Szabo"},"url":"https:\/\/www.expectart.eu\/hu\/author\/julcsi\/"}]}},"_links":{"self":[{"href":"https:\/\/www.expectart.eu\/hu\/wp-json\/wp\/v2\/posts\/3876","targetHints":{"allow":["GET"]}}],"collection":[{"href":"https:\/\/www.expectart.eu\/hu\/wp-json\/wp\/v2\/posts"}],"about":[{"href":"https:\/\/www.expectart.eu\/hu\/wp-json\/wp\/v2\/types\/post"}],"author":[{"embeddable":true,"href":"https:\/\/www.expectart.eu\/hu\/wp-json\/wp\/v2\/users\/8"}],"replies":[{"embeddable":true,"href":"https:\/\/www.expectart.eu\/hu\/wp-json\/wp\/v2\/comments?post=3876"}],"version-history":[{"count":5,"href":"https:\/\/www.expectart.eu\/hu\/wp-json\/wp\/v2\/posts\/3876\/revisions"}],"predecessor-version":[{"id":3881,"href":"https:\/\/www.expectart.eu\/hu\/wp-json\/wp\/v2\/posts\/3876\/revisions\/3881"}],"wp:featuredmedia":[{"embeddable":true,"href":"https:\/\/www.expectart.eu\/hu\/wp-json\/wp\/v2\/media\/3730"}],"wp:attachment":[{"href":"https:\/\/www.expectart.eu\/hu\/wp-json\/wp\/v2\/media?parent=3876"}],"wp:term":[{"taxonomy":"category","embeddable":true,"href":"https:\/\/www.expectart.eu\/hu\/wp-json\/wp\/v2\/categories?post=3876"},{"taxonomy":"post_tag","embeddable":true,"href":"https:\/\/www.expectart.eu\/hu\/wp-json\/wp\/v2\/tags?post=3876"}],"curies":[{"name":"wp","href":"https:\/\/api.w.org\/{rel}","templated":true}]}}