{"id":6559,"date":"2026-02-26T10:27:21","date_gmt":"2026-02-26T09:27:21","guid":{"rendered":"https:\/\/www.expectart.eu\/?p=6559"},"modified":"2026-02-26T17:31:28","modified_gmt":"2026-02-26T16:31:28","slug":"que-nos-dice-el-arts-exploratorium-sobre-la-alfabetizacion-cultural","status":"publish","type":"post","link":"https:\/\/www.expectart.eu\/es\/que-nos-dice-el-arts-exploratorium-sobre-la-alfabetizacion-cultural\/","title":{"rendered":"\u00bfQu\u00e9 nos dice el Arts Exploratorium sobre la alfabetizaci\u00f3n cultural?"},"content":{"rendered":"\n<p>El proyecto EXPECT_Art ha concluido con \u00e9xito su fase de investigaci\u00f3n con el Arts Exploratorium, dise\u00f1ado para generar conocimiento exhaustivo sobre c\u00f3mo se ense\u00f1a y se practica la educaci\u00f3n art\u00edstica en las escuelas y las comunidades locales, y c\u00f3mo mejorar la alfabetizaci\u00f3n cultural. El Arts Exploratorium tuvo lugar en escuelas y comunidades locales de 6 pa\u00edses, combinando observaci\u00f3n participante, pr\u00e1cticas basadas en las artes, entrevistas y encuestas para capturar c\u00f3mo se desarrolla el aprendizaje art\u00edstico en entornos de la vida real. Las conclusiones destacan que el avance de la alfabetizaci\u00f3n cultural cr\u00edtica requiere un cambio de la ense\u00f1anza tradicional hacia pedagog\u00edas m\u00e1s colaborativas y participativas.<\/p>\n\n\n\n<p>En todos los pa\u00edses, muchos docentes ya integran enfoques art\u00edsticos en sus clases, combinando creativamente m\u00e9todos tradicionales e innovadores. Sin embargo, todav\u00eda existen barreras importantes. Los curr\u00edculos r\u00edgidos, presiones temporales, la marginaci\u00f3n de la educaci\u00f3n art\u00edstica, la perspectiva neoliberal que prioriza las asignaturas percibidas como contribuyentes a la futura entrada en el mercado laboral y los marcos culturales nacionales y euroc\u00e9ntricos dominantes a menudo limitan el potencial del aprendizaje basado en las artes para apoyar un compromiso cr\u00edtico m\u00e1s profundo.<\/p>\n\n\n\n<p>Las reflexiones de Eslovenia ilustran esta tensi\u00f3n particularmente bien. Los ni\u00f1os y ni\u00f1as disfrutan participando en actividades art\u00edsticas, pero a menudo las perciben como \u00abs\u00f3lo diversi\u00f3n\u00bb, no estructuradas o ca\u00f3ticas, en vez de experiencias educativas significativas. Incluso cuando los docentes incorporan con \u00e9xito enfoques basados \u200b\u200ben las artes, las restricciones estructurales pueden impedir que \u00e9stos se conviertan en espacios donde las experiencias y perspectivas vividas por ni\u00f1os y ni\u00f1as se exploren de forma significativa. Sin embargo, si se apoyan en una facilitaci\u00f3n experta, las pr\u00e1cticas art\u00edsticas tienen el potencial de convertirse en medios importantes para la participaci\u00f3n cr\u00edtica. Cuando los j\u00f3venes sienten que sus voces realmente no se valoran, es m\u00e1s probable que participen pasivamente en vez de cr\u00edticamente.<\/p>\n\n\n\n<p>Al mismo tiempo, la investigaci\u00f3n ha puesto de relieve un fuerte potencial transformador, especialmente m\u00e1s all\u00e1 del aula. Las comunidades locales eslovenas ofrecen actividades fascinantes, que pueden involucrar a j\u00f3venes y adultos de forma colaborativa y participativa. El equipo ha observado actividades que han implicado resolver problemas identificados por la comunidad en base a la experiencia cultural personal de los participantes, as\u00ed como han contribuido a fomentar la alfabetizaci\u00f3n cultural cr\u00edtica de los participantes. Las actividades comunitarias locales que no est\u00e1n ligadas a los curr\u00edculos escolares r\u00edgidos y a las estructuras educativas ofrecen m\u00e1s posibilidades para desmantelar las relaciones de poder y crear oportunidades significativas para el aprendizaje m\u00e1s all\u00e1 del aula, fomentando espacios inclusivos para la capacidad de acci\u00f3n, permitiendo que las personas, especialmente ni\u00f1os, ni\u00f1as y j\u00f3venes, se conviertan en int\u00e9rpretes y narradores activos de sus propios mundos sociales.<\/p>\n\n\n\n<p>Desde el uso de cuentos de hadas para explorar realidades vividas hasta el redise\u00f1o participativo de los espacios locales y las pr\u00e1cticas que desaf\u00edan a los patrones de consumo dominantes, estas iniciativas han fomentado la capacidad de acci\u00f3n, la conciencia c\u00edvica y la reflexi\u00f3n colectiva. Es importante destacar que estas pr\u00e1cticas comunitarias demuestran que la producci\u00f3n cultural es un vibrante y colaborativo proceso en lugar de un patrimonio est\u00e1tico.<\/p>\n","protected":false},"excerpt":{"rendered":"<p>El proyecto EXPECT_Art ha concluido con \u00e9xito su fase de investigaci\u00f3n con el Arts Exploratorium, dise\u00f1ado para generar conocimiento exhaustivo sobre c\u00f3mo se ense\u00f1a y se practica la educaci\u00f3n art\u00edstica en las escuelas y las comunidades locales, y c\u00f3mo mejorar la alfabetizaci\u00f3n cultural. El Arts Exploratorium tuvo lugar en escuelas y comunidades locales de 6 [&hellip;]<\/p>\n","protected":false},"author":6,"featured_media":6554,"comment_status":"open","ping_status":"open","sticky":false,"template":"","format":"standard","meta":{"site-sidebar-layout":"default","site-content-layout":"","ast-site-content-layout":"default","site-content-style":"default","site-sidebar-style":"default","ast-global-header-display":"","ast-banner-title-visibility":"","ast-main-header-display":"","ast-hfb-above-header-display":"","ast-hfb-below-header-display":"","ast-hfb-mobile-header-display":"","site-post-title":"","ast-breadcrumbs-content":"","ast-featured-img":"","footer-sml-layout":"","ast-disable-related-posts":"","theme-transparent-header-meta":"","adv-header-id-meta":"","stick-header-meta":"","header-above-stick-meta":"","header-main-stick-meta":"","header-below-stick-meta":"","astra-migrate-meta-layouts":"set","ast-page-background-enabled":"default","ast-page-background-meta":{"desktop":{"background-color":"","background-image":"","background-repeat":"repeat","background-position":"center center","background-size":"auto","background-attachment":"scroll","background-type":"","background-media":"","overlay-type":"","overlay-color":"","overlay-opacity":"","overlay-gradient":""},"tablet":{"background-color":"","background-image":"","background-repeat":"repeat","background-position":"center center","background-size":"auto","background-attachment":"scroll","background-type":"","background-media":"","overlay-type":"","overlay-color":"","overlay-opacity":"","overlay-gradient":""},"mobile":{"background-color":"","background-image":"","background-repeat":"repeat","background-position":"center center","background-size":"auto","background-attachment":"scroll","background-type":"","background-media":"","overlay-type":"","overlay-color":"","overlay-opacity":"","overlay-gradient":""}},"ast-content-background-meta":{"desktop":{"background-color":"var(--ast-global-color-5)","background-image":"","background-repeat":"repeat","background-position":"center center","background-size":"auto","background-attachment":"scroll","background-type":"","background-media":"","overlay-type":"","overlay-color":"","overlay-opacity":"","overlay-gradient":""},"tablet":{"background-color":"var(--ast-global-color-5)","background-image":"","background-repeat":"repeat","background-position":"center center","background-size":"auto","background-attachment":"scroll","background-type":"","background-media":"","overlay-type":"","overlay-color":"","overlay-opacity":"","overlay-gradient":""},"mobile":{"background-color":"var(--ast-global-color-5)","background-image":"","background-repeat":"repeat","background-position":"center center","background-size":"auto","background-attachment":"scroll","background-type":"","background-media":"","overlay-type":"","overlay-color":"","overlay-opacity":"","overlay-gradient":""}},"footnotes":""},"categories":[44],"tags":[],"class_list":["post-6559","post","type-post","status-publish","format-standard","has-post-thumbnail","hentry","category-noticias"],"yoast_head":"<!-- This site is optimized with the Yoast SEO plugin v27.5 - https:\/\/yoast.com\/product\/yoast-seo-wordpress\/ -->\n<title>\u00bfQu\u00e9 nos dice el Arts Exploratorium sobre la alfabetizaci\u00f3n cultural? - EXPECT_Art<\/title>\n<meta name=\"robots\" content=\"index, follow, max-snippet:-1, max-image-preview:large, max-video-preview:-1\" \/>\n<link rel=\"canonical\" href=\"https:\/\/www.expectart.eu\/es\/que-nos-dice-el-arts-exploratorium-sobre-la-alfabetizacion-cultural\/\" \/>\n<meta property=\"og:locale\" content=\"es_ES\" \/>\n<meta property=\"og:type\" content=\"article\" \/>\n<meta property=\"og:title\" content=\"\u00bfQu\u00e9 nos dice el Arts Exploratorium sobre la alfabetizaci\u00f3n cultural? - EXPECT_Art\" \/>\n<meta property=\"og:description\" content=\"El proyecto EXPECT_Art ha concluido con \u00e9xito su fase de investigaci\u00f3n con el Arts Exploratorium, dise\u00f1ado para generar conocimiento exhaustivo sobre c\u00f3mo se ense\u00f1a y se practica la educaci\u00f3n art\u00edstica en las escuelas y las comunidades locales, y c\u00f3mo mejorar la alfabetizaci\u00f3n cultural. El Arts Exploratorium tuvo lugar en escuelas y comunidades locales de 6 [&hellip;]\" \/>\n<meta property=\"og:url\" content=\"https:\/\/www.expectart.eu\/es\/que-nos-dice-el-arts-exploratorium-sobre-la-alfabetizacion-cultural\/\" \/>\n<meta property=\"og:site_name\" content=\"EXPECT_Art\" \/>\n<meta property=\"article:publisher\" content=\"https:\/\/www.facebook.com\/EXPECTArtEU\" \/>\n<meta property=\"article:published_time\" content=\"2026-02-26T09:27:21+00:00\" \/>\n<meta property=\"article:modified_time\" content=\"2026-02-26T16:31:28+00:00\" \/>\n<meta property=\"og:image\" content=\"https:\/\/www.expectart.eu\/wp-content\/uploads\/2026\/02\/russn_fckr-krV5aS4jDjA-unsplash-scaled.jpg\" \/>\n\t<meta property=\"og:image:width\" content=\"2560\" \/>\n\t<meta property=\"og:image:height\" content=\"1440\" \/>\n\t<meta property=\"og:image:type\" content=\"image\/jpeg\" \/>\n<meta name=\"author\" content=\"Xavier Gir\u00f3 Gr\u00e0cia\" \/>\n<meta name=\"twitter:card\" content=\"summary_large_image\" \/>\n<meta name=\"twitter:label1\" content=\"Escrito por\" \/>\n\t<meta name=\"twitter:data1\" content=\"Xavier Gir\u00f3 Gr\u00e0cia\" \/>\n\t<meta name=\"twitter:label2\" content=\"Tiempo de lectura\" \/>\n\t<meta name=\"twitter:data2\" content=\"3 minutos\" \/>\n<script type=\"application\/ld+json\" class=\"yoast-schema-graph\">{\"@context\":\"https:\\\/\\\/schema.org\",\"@graph\":[{\"@type\":\"Article\",\"@id\":\"https:\\\/\\\/www.expectart.eu\\\/es\\\/que-nos-dice-el-arts-exploratorium-sobre-la-alfabetizacion-cultural\\\/#article\",\"isPartOf\":{\"@id\":\"https:\\\/\\\/www.expectart.eu\\\/es\\\/que-nos-dice-el-arts-exploratorium-sobre-la-alfabetizacion-cultural\\\/\"},\"author\":{\"name\":\"Xavier Gir\u00f3 Gr\u00e0cia\",\"@id\":\"https:\\\/\\\/www.expectart.eu\\\/#\\\/schema\\\/person\\\/23bfb96483707b6f7e7622a7f8db2f16\"},\"headline\":\"\u00bfQu\u00e9 nos dice el Arts Exploratorium sobre la alfabetizaci\u00f3n cultural?\",\"datePublished\":\"2026-02-26T09:27:21+00:00\",\"dateModified\":\"2026-02-26T16:31:28+00:00\",\"mainEntityOfPage\":{\"@id\":\"https:\\\/\\\/www.expectart.eu\\\/es\\\/que-nos-dice-el-arts-exploratorium-sobre-la-alfabetizacion-cultural\\\/\"},\"wordCount\":596,\"commentCount\":0,\"publisher\":{\"@id\":\"https:\\\/\\\/www.expectart.eu\\\/#organization\"},\"image\":{\"@id\":\"https:\\\/\\\/www.expectart.eu\\\/es\\\/que-nos-dice-el-arts-exploratorium-sobre-la-alfabetizacion-cultural\\\/#primaryimage\"},\"thumbnailUrl\":\"https:\\\/\\\/www.expectart.eu\\\/wp-content\\\/uploads\\\/2026\\\/02\\\/russn_fckr-krV5aS4jDjA-unsplash-scaled.jpg\",\"articleSection\":[\"noticias\"],\"inLanguage\":\"es\",\"potentialAction\":[{\"@type\":\"CommentAction\",\"name\":\"Comment\",\"target\":[\"https:\\\/\\\/www.expectart.eu\\\/es\\\/que-nos-dice-el-arts-exploratorium-sobre-la-alfabetizacion-cultural\\\/#respond\"]}]},{\"@type\":\"WebPage\",\"@id\":\"https:\\\/\\\/www.expectart.eu\\\/es\\\/que-nos-dice-el-arts-exploratorium-sobre-la-alfabetizacion-cultural\\\/\",\"url\":\"https:\\\/\\\/www.expectart.eu\\\/es\\\/que-nos-dice-el-arts-exploratorium-sobre-la-alfabetizacion-cultural\\\/\",\"name\":\"\u00bfQu\u00e9 nos dice el Arts Exploratorium sobre la alfabetizaci\u00f3n cultural? - EXPECT_Art\",\"isPartOf\":{\"@id\":\"https:\\\/\\\/www.expectart.eu\\\/#website\"},\"primaryImageOfPage\":{\"@id\":\"https:\\\/\\\/www.expectart.eu\\\/es\\\/que-nos-dice-el-arts-exploratorium-sobre-la-alfabetizacion-cultural\\\/#primaryimage\"},\"image\":{\"@id\":\"https:\\\/\\\/www.expectart.eu\\\/es\\\/que-nos-dice-el-arts-exploratorium-sobre-la-alfabetizacion-cultural\\\/#primaryimage\"},\"thumbnailUrl\":\"https:\\\/\\\/www.expectart.eu\\\/wp-content\\\/uploads\\\/2026\\\/02\\\/russn_fckr-krV5aS4jDjA-unsplash-scaled.jpg\",\"datePublished\":\"2026-02-26T09:27:21+00:00\",\"dateModified\":\"2026-02-26T16:31:28+00:00\",\"breadcrumb\":{\"@id\":\"https:\\\/\\\/www.expectart.eu\\\/es\\\/que-nos-dice-el-arts-exploratorium-sobre-la-alfabetizacion-cultural\\\/#breadcrumb\"},\"inLanguage\":\"es\",\"potentialAction\":[{\"@type\":\"ReadAction\",\"target\":[\"https:\\\/\\\/www.expectart.eu\\\/es\\\/que-nos-dice-el-arts-exploratorium-sobre-la-alfabetizacion-cultural\\\/\"]}]},{\"@type\":\"ImageObject\",\"inLanguage\":\"es\",\"@id\":\"https:\\\/\\\/www.expectart.eu\\\/es\\\/que-nos-dice-el-arts-exploratorium-sobre-la-alfabetizacion-cultural\\\/#primaryimage\",\"url\":\"https:\\\/\\\/www.expectart.eu\\\/wp-content\\\/uploads\\\/2026\\\/02\\\/russn_fckr-krV5aS4jDjA-unsplash-scaled.jpg\",\"contentUrl\":\"https:\\\/\\\/www.expectart.eu\\\/wp-content\\\/uploads\\\/2026\\\/02\\\/russn_fckr-krV5aS4jDjA-unsplash-scaled.jpg\",\"width\":2560,\"height\":1440},{\"@type\":\"BreadcrumbList\",\"@id\":\"https:\\\/\\\/www.expectart.eu\\\/es\\\/que-nos-dice-el-arts-exploratorium-sobre-la-alfabetizacion-cultural\\\/#breadcrumb\",\"itemListElement\":[{\"@type\":\"ListItem\",\"position\":1,\"name\":\"Home\",\"item\":\"https:\\\/\\\/www.expectart.eu\\\/\"},{\"@type\":\"ListItem\",\"position\":2,\"name\":\"\u00bfQu\u00e9 nos dice el Arts Exploratorium sobre la alfabetizaci\u00f3n cultural?\"}]},{\"@type\":\"WebSite\",\"@id\":\"https:\\\/\\\/www.expectart.eu\\\/#website\",\"url\":\"https:\\\/\\\/www.expectart.eu\\\/\",\"name\":\"EXPECT_Art\",\"description\":\"EU Project\",\"publisher\":{\"@id\":\"https:\\\/\\\/www.expectart.eu\\\/#organization\"},\"potentialAction\":[{\"@type\":\"SearchAction\",\"target\":{\"@type\":\"EntryPoint\",\"urlTemplate\":\"https:\\\/\\\/www.expectart.eu\\\/?s={search_term_string}\"},\"query-input\":{\"@type\":\"PropertyValueSpecification\",\"valueRequired\":true,\"valueName\":\"search_term_string\"}}],\"inLanguage\":\"es\"},{\"@type\":\"Organization\",\"@id\":\"https:\\\/\\\/www.expectart.eu\\\/#organization\",\"name\":\"EXPECT_Art\",\"url\":\"https:\\\/\\\/www.expectart.eu\\\/\",\"logo\":{\"@type\":\"ImageObject\",\"inLanguage\":\"es\",\"@id\":\"https:\\\/\\\/www.expectart.eu\\\/#\\\/schema\\\/logo\\\/image\\\/\",\"url\":\"https:\\\/\\\/www.expectart.eu\\\/wp-content\\\/uploads\\\/2024\\\/04\\\/cropped-logo-rgb_without-text-02.png\",\"contentUrl\":\"https:\\\/\\\/www.expectart.eu\\\/wp-content\\\/uploads\\\/2024\\\/04\\\/cropped-logo-rgb_without-text-02.png\",\"width\":679,\"height\":139,\"caption\":\"EXPECT_Art\"},\"image\":{\"@id\":\"https:\\\/\\\/www.expectart.eu\\\/#\\\/schema\\\/logo\\\/image\\\/\"},\"sameAs\":[\"https:\\\/\\\/www.facebook.com\\\/EXPECTArtEU\",\"https:\\\/\\\/www.instagram.com\\\/expect_art_eu\\\/\"]},{\"@type\":\"Person\",\"@id\":\"https:\\\/\\\/www.expectart.eu\\\/#\\\/schema\\\/person\\\/23bfb96483707b6f7e7622a7f8db2f16\",\"name\":\"Xavier Gir\u00f3 Gr\u00e0cia\",\"image\":{\"@type\":\"ImageObject\",\"inLanguage\":\"es\",\"@id\":\"https:\\\/\\\/secure.gravatar.com\\\/avatar\\\/c16e792998dd5d96a7dd7c52600523e1dab5f4b9696f5b9505b968d08e9fa42f?s=96&d=mm&r=g\",\"url\":\"https:\\\/\\\/secure.gravatar.com\\\/avatar\\\/c16e792998dd5d96a7dd7c52600523e1dab5f4b9696f5b9505b968d08e9fa42f?s=96&d=mm&r=g\",\"contentUrl\":\"https:\\\/\\\/secure.gravatar.com\\\/avatar\\\/c16e792998dd5d96a7dd7c52600523e1dab5f4b9696f5b9505b968d08e9fa42f?s=96&d=mm&r=g\",\"caption\":\"Xavier Gir\u00f3 Gr\u00e0cia\"},\"url\":\"https:\\\/\\\/www.expectart.eu\\\/es\\\/author\\\/xavier\\\/\"}]}<\/script>\n<!-- \/ Yoast SEO plugin. -->","yoast_head_json":{"title":"\u00bfQu\u00e9 nos dice el Arts Exploratorium sobre la alfabetizaci\u00f3n cultural? - EXPECT_Art","robots":{"index":"index","follow":"follow","max-snippet":"max-snippet:-1","max-image-preview":"max-image-preview:large","max-video-preview":"max-video-preview:-1"},"canonical":"https:\/\/www.expectart.eu\/es\/que-nos-dice-el-arts-exploratorium-sobre-la-alfabetizacion-cultural\/","og_locale":"es_ES","og_type":"article","og_title":"\u00bfQu\u00e9 nos dice el Arts Exploratorium sobre la alfabetizaci\u00f3n cultural? - EXPECT_Art","og_description":"El proyecto EXPECT_Art ha concluido con \u00e9xito su fase de investigaci\u00f3n con el Arts Exploratorium, dise\u00f1ado para generar conocimiento exhaustivo sobre c\u00f3mo se ense\u00f1a y se practica la educaci\u00f3n art\u00edstica en las escuelas y las comunidades locales, y c\u00f3mo mejorar la alfabetizaci\u00f3n cultural. El Arts Exploratorium tuvo lugar en escuelas y comunidades locales de 6 [&hellip;]","og_url":"https:\/\/www.expectart.eu\/es\/que-nos-dice-el-arts-exploratorium-sobre-la-alfabetizacion-cultural\/","og_site_name":"EXPECT_Art","article_publisher":"https:\/\/www.facebook.com\/EXPECTArtEU","article_published_time":"2026-02-26T09:27:21+00:00","article_modified_time":"2026-02-26T16:31:28+00:00","og_image":[{"width":2560,"height":1440,"url":"https:\/\/www.expectart.eu\/wp-content\/uploads\/2026\/02\/russn_fckr-krV5aS4jDjA-unsplash-scaled.jpg","type":"image\/jpeg"}],"author":"Xavier Gir\u00f3 Gr\u00e0cia","twitter_card":"summary_large_image","twitter_misc":{"Escrito por":"Xavier Gir\u00f3 Gr\u00e0cia","Tiempo de lectura":"3 minutos"},"schema":{"@context":"https:\/\/schema.org","@graph":[{"@type":"Article","@id":"https:\/\/www.expectart.eu\/es\/que-nos-dice-el-arts-exploratorium-sobre-la-alfabetizacion-cultural\/#article","isPartOf":{"@id":"https:\/\/www.expectart.eu\/es\/que-nos-dice-el-arts-exploratorium-sobre-la-alfabetizacion-cultural\/"},"author":{"name":"Xavier Gir\u00f3 Gr\u00e0cia","@id":"https:\/\/www.expectart.eu\/#\/schema\/person\/23bfb96483707b6f7e7622a7f8db2f16"},"headline":"\u00bfQu\u00e9 nos dice el Arts Exploratorium sobre la alfabetizaci\u00f3n cultural?","datePublished":"2026-02-26T09:27:21+00:00","dateModified":"2026-02-26T16:31:28+00:00","mainEntityOfPage":{"@id":"https:\/\/www.expectart.eu\/es\/que-nos-dice-el-arts-exploratorium-sobre-la-alfabetizacion-cultural\/"},"wordCount":596,"commentCount":0,"publisher":{"@id":"https:\/\/www.expectart.eu\/#organization"},"image":{"@id":"https:\/\/www.expectart.eu\/es\/que-nos-dice-el-arts-exploratorium-sobre-la-alfabetizacion-cultural\/#primaryimage"},"thumbnailUrl":"https:\/\/www.expectart.eu\/wp-content\/uploads\/2026\/02\/russn_fckr-krV5aS4jDjA-unsplash-scaled.jpg","articleSection":["noticias"],"inLanguage":"es","potentialAction":[{"@type":"CommentAction","name":"Comment","target":["https:\/\/www.expectart.eu\/es\/que-nos-dice-el-arts-exploratorium-sobre-la-alfabetizacion-cultural\/#respond"]}]},{"@type":"WebPage","@id":"https:\/\/www.expectart.eu\/es\/que-nos-dice-el-arts-exploratorium-sobre-la-alfabetizacion-cultural\/","url":"https:\/\/www.expectart.eu\/es\/que-nos-dice-el-arts-exploratorium-sobre-la-alfabetizacion-cultural\/","name":"\u00bfQu\u00e9 nos dice el Arts Exploratorium sobre la alfabetizaci\u00f3n cultural? - EXPECT_Art","isPartOf":{"@id":"https:\/\/www.expectart.eu\/#website"},"primaryImageOfPage":{"@id":"https:\/\/www.expectart.eu\/es\/que-nos-dice-el-arts-exploratorium-sobre-la-alfabetizacion-cultural\/#primaryimage"},"image":{"@id":"https:\/\/www.expectart.eu\/es\/que-nos-dice-el-arts-exploratorium-sobre-la-alfabetizacion-cultural\/#primaryimage"},"thumbnailUrl":"https:\/\/www.expectart.eu\/wp-content\/uploads\/2026\/02\/russn_fckr-krV5aS4jDjA-unsplash-scaled.jpg","datePublished":"2026-02-26T09:27:21+00:00","dateModified":"2026-02-26T16:31:28+00:00","breadcrumb":{"@id":"https:\/\/www.expectart.eu\/es\/que-nos-dice-el-arts-exploratorium-sobre-la-alfabetizacion-cultural\/#breadcrumb"},"inLanguage":"es","potentialAction":[{"@type":"ReadAction","target":["https:\/\/www.expectart.eu\/es\/que-nos-dice-el-arts-exploratorium-sobre-la-alfabetizacion-cultural\/"]}]},{"@type":"ImageObject","inLanguage":"es","@id":"https:\/\/www.expectart.eu\/es\/que-nos-dice-el-arts-exploratorium-sobre-la-alfabetizacion-cultural\/#primaryimage","url":"https:\/\/www.expectart.eu\/wp-content\/uploads\/2026\/02\/russn_fckr-krV5aS4jDjA-unsplash-scaled.jpg","contentUrl":"https:\/\/www.expectart.eu\/wp-content\/uploads\/2026\/02\/russn_fckr-krV5aS4jDjA-unsplash-scaled.jpg","width":2560,"height":1440},{"@type":"BreadcrumbList","@id":"https:\/\/www.expectart.eu\/es\/que-nos-dice-el-arts-exploratorium-sobre-la-alfabetizacion-cultural\/#breadcrumb","itemListElement":[{"@type":"ListItem","position":1,"name":"Home","item":"https:\/\/www.expectart.eu\/"},{"@type":"ListItem","position":2,"name":"\u00bfQu\u00e9 nos dice el Arts Exploratorium sobre la alfabetizaci\u00f3n cultural?"}]},{"@type":"WebSite","@id":"https:\/\/www.expectart.eu\/#website","url":"https:\/\/www.expectart.eu\/","name":"EXPECT_Art","description":"EU Project","publisher":{"@id":"https:\/\/www.expectart.eu\/#organization"},"potentialAction":[{"@type":"SearchAction","target":{"@type":"EntryPoint","urlTemplate":"https:\/\/www.expectart.eu\/?s={search_term_string}"},"query-input":{"@type":"PropertyValueSpecification","valueRequired":true,"valueName":"search_term_string"}}],"inLanguage":"es"},{"@type":"Organization","@id":"https:\/\/www.expectart.eu\/#organization","name":"EXPECT_Art","url":"https:\/\/www.expectart.eu\/","logo":{"@type":"ImageObject","inLanguage":"es","@id":"https:\/\/www.expectart.eu\/#\/schema\/logo\/image\/","url":"https:\/\/www.expectart.eu\/wp-content\/uploads\/2024\/04\/cropped-logo-rgb_without-text-02.png","contentUrl":"https:\/\/www.expectart.eu\/wp-content\/uploads\/2024\/04\/cropped-logo-rgb_without-text-02.png","width":679,"height":139,"caption":"EXPECT_Art"},"image":{"@id":"https:\/\/www.expectart.eu\/#\/schema\/logo\/image\/"},"sameAs":["https:\/\/www.facebook.com\/EXPECTArtEU","https:\/\/www.instagram.com\/expect_art_eu\/"]},{"@type":"Person","@id":"https:\/\/www.expectart.eu\/#\/schema\/person\/23bfb96483707b6f7e7622a7f8db2f16","name":"Xavier Gir\u00f3 Gr\u00e0cia","image":{"@type":"ImageObject","inLanguage":"es","@id":"https:\/\/secure.gravatar.com\/avatar\/c16e792998dd5d96a7dd7c52600523e1dab5f4b9696f5b9505b968d08e9fa42f?s=96&d=mm&r=g","url":"https:\/\/secure.gravatar.com\/avatar\/c16e792998dd5d96a7dd7c52600523e1dab5f4b9696f5b9505b968d08e9fa42f?s=96&d=mm&r=g","contentUrl":"https:\/\/secure.gravatar.com\/avatar\/c16e792998dd5d96a7dd7c52600523e1dab5f4b9696f5b9505b968d08e9fa42f?s=96&d=mm&r=g","caption":"Xavier Gir\u00f3 Gr\u00e0cia"},"url":"https:\/\/www.expectart.eu\/es\/author\/xavier\/"}]}},"_links":{"self":[{"href":"https:\/\/www.expectart.eu\/es\/wp-json\/wp\/v2\/posts\/6559","targetHints":{"allow":["GET"]}}],"collection":[{"href":"https:\/\/www.expectart.eu\/es\/wp-json\/wp\/v2\/posts"}],"about":[{"href":"https:\/\/www.expectart.eu\/es\/wp-json\/wp\/v2\/types\/post"}],"author":[{"embeddable":true,"href":"https:\/\/www.expectart.eu\/es\/wp-json\/wp\/v2\/users\/6"}],"replies":[{"embeddable":true,"href":"https:\/\/www.expectart.eu\/es\/wp-json\/wp\/v2\/comments?post=6559"}],"version-history":[{"count":1,"href":"https:\/\/www.expectart.eu\/es\/wp-json\/wp\/v2\/posts\/6559\/revisions"}],"predecessor-version":[{"id":6560,"href":"https:\/\/www.expectart.eu\/es\/wp-json\/wp\/v2\/posts\/6559\/revisions\/6560"}],"wp:featuredmedia":[{"embeddable":true,"href":"https:\/\/www.expectart.eu\/es\/wp-json\/wp\/v2\/media\/6554"}],"wp:attachment":[{"href":"https:\/\/www.expectart.eu\/es\/wp-json\/wp\/v2\/media?parent=6559"}],"wp:term":[{"taxonomy":"category","embeddable":true,"href":"https:\/\/www.expectart.eu\/es\/wp-json\/wp\/v2\/categories?post=6559"},{"taxonomy":"post_tag","embeddable":true,"href":"https:\/\/www.expectart.eu\/es\/wp-json\/wp\/v2\/tags?post=6559"}],"curies":[{"name":"wp","href":"https:\/\/api.w.org\/{rel}","templated":true}]}}