{"id":6128,"date":"2025-09-15T15:00:21","date_gmt":"2025-09-15T13:00:21","guid":{"rendered":"https:\/\/www.expectart.eu\/?p=6128"},"modified":"2025-09-17T11:02:41","modified_gmt":"2025-09-17T09:02:41","slug":"expect_art-en-la-ecer-2025-de-belgrado-sobre-la-decolonizacion-de-los-curriculos-a-traves-de-la-educacion-artistica","status":"publish","type":"post","link":"https:\/\/www.expectart.eu\/es\/expect_art-en-la-ecer-2025-de-belgrado-sobre-la-decolonizacion-de-los-curriculos-a-traves-de-la-educacion-artistica\/","title":{"rendered":"EXPECT_Art en la ECER 2025 de Belgrado sobre la decolonizaci\u00f3n de los curr\u00edculos a trav\u00e9s de la educaci\u00f3n art\u00edstica"},"content":{"rendered":"\n<p>Nuestro consorcio particip\u00f3 en la Conferencia Europea de Investigaci\u00f3n Educativa de 2025, organizada por la Universidad de Belgrado. La comunidad acad\u00e9mica de la ciudad nos impresion\u00f3: estudiantes y profesores, as\u00ed como la comunidad local, est\u00e1n liderando protestas que destacan su esp\u00edritu democr\u00e1tico y su activa participaci\u00f3n en la configuraci\u00f3n de la sociedad. La conferencia tuvo lugar en la segunda semana de septiembre, con m\u00e1s de 2.500 investigadores inscritos y bajo el lema \u00abTrazando el camino a seguir: educaci\u00f3n, investigaci\u00f3n, potenciales y perspectivas\u00bb.<\/p>\n\n\n\n<p>Durante la conferencia, nuestra colega Gro Hellesdatter Jacobsen organiz\u00f3 una animada mesa redonda titulada \u00abDescolonizar los curr\u00edculos a trav\u00e9s de la educaci\u00f3n art\u00edstica: primeros pasos del proyecto EXPECT_Art para afectar y ser afectado por las escuelas\u00bb junto a socios de Dinamarca, Espa\u00f1a, Alemania, Hungr\u00eda y Eslovenia. En una sala llena hasta los topes, la mesa redonda debati\u00f3 y comparti\u00f3 experiencias sobre conceptos y enfoques del trabajo de campo. La discusi\u00f3n reflej\u00f3 un fuerte sentido de cohesi\u00f3n entre los socios e introdujo interesantes perspectivas bajo un marco compartido. Uno de los temas centrales fue c\u00f3mo la decolonialidad informa los m\u00e9todos de investigaci\u00f3n y sus aplicaciones pr\u00e1cticas en el campo. Algunas reflexiones que surgieron incluyeron la idea de que la descolonizaci\u00f3n no est\u00e1 exclusivamente ligada a las historias de nuestros pa\u00edses, sino que es un enfoque aplicable a cualquier contexto en el que existan relaciones de poder en juego. \u00bfC\u00f3mo descolonizamos sin reproducir din\u00e1micas coloniales? Particularmente cuando los investigadores determinan qu\u00e9 es m\u00e1s relevante en una escuela o aula. \u00bfSe corre el riesgo de excluir sus perspectivas culturales al definir estas jerarqu\u00edas entre estudiantes, profesores y personal escolar? Repensar la posici\u00f3n del investigador y garantizar tiempo y espacio para una genuina reflexi\u00f3n colectiva metacr\u00edtica entre los investigadores puede ofrecer un camino hacia la descolonizaci\u00f3n de nuestras pr\u00e1cticas de investigaci\u00f3n.<\/p>\n\n\n\n<p>El panel tambi\u00e9n reflexion\u00f3 sobre el trabajo de los socios culturales, se\u00f1alando que algunos de sus artistas y educadores de arte pertenecen a minor\u00edas o culturas blancas no hegem\u00f3nicas y tienen una amplia experiencia trabajando con varios grupos marginados, destacando otra forma de interactuar con los procesos decoloniales. La decolonialidad no es un concepto fijo o estable; m\u00e1s bien, cambia y resuena de forma distinta seg\u00fan los contextos en los que opera. Sin embargo, el consorcio estuvo de acuerdo en que la descolonizaci\u00f3n implica reconocer la pluralidad de subjetividades presentes en el aula, abrazar la diversidad y resistir la homogeneizaci\u00f3n. Busca interrumpir las estructuras de desigualdad y discriminaci\u00f3n, con especial atenci\u00f3n a las din\u00e1micas de poder en las relaciones adulto-ni\u00f1o, donde tambi\u00e9n existe una presencia importante de colonialidad.<\/p>\n\n\n\n<p>Tambi\u00e9n participamos en un simposio sobre alfabetizaci\u00f3n cultural y educaci\u00f3n art\u00edstica, donde tuvimos una discusi\u00f3n animada junto a nuestros proyectos hermanos <em><a href=\"https:\/\/dialoguingarts.eu\/\">Dialoguing @arts<\/a><\/em> y <em><a href=\"https:\/\/www.clivieproject.eu\/\">Cultural Literacies&#8217; Value in Europe<\/a><\/em>, fortaleciendo los v\u00ednculos entre objetivos compartidos. En esta parte, nos centramos en la investigaci\u00f3n de la alfabetizaci\u00f3n cultural con ni\u00f1os y ni\u00f1as desde una perspectiva comunitaria y decolonial.<\/p>\n","protected":false},"excerpt":{"rendered":"<p>Nuestro consorcio particip\u00f3 en la Conferencia Europea de Investigaci\u00f3n Educativa de 2025, organizada por la Universidad de Belgrado. La comunidad acad\u00e9mica de la ciudad nos impresion\u00f3: estudiantes y profesores, as\u00ed como la comunidad local, est\u00e1n liderando protestas que destacan su esp\u00edritu democr\u00e1tico y su activa participaci\u00f3n en la configuraci\u00f3n de la sociedad. La conferencia tuvo [&hellip;]<\/p>\n","protected":false},"author":6,"featured_media":6107,"comment_status":"open","ping_status":"open","sticky":false,"template":"","format":"standard","meta":{"site-sidebar-layout":"default","site-content-layout":"","ast-site-content-layout":"default","site-content-style":"default","site-sidebar-style":"default","ast-global-header-display":"","ast-banner-title-visibility":"","ast-main-header-display":"","ast-hfb-above-header-display":"","ast-hfb-below-header-display":"","ast-hfb-mobile-header-display":"","site-post-title":"","ast-breadcrumbs-content":"","ast-featured-img":"","footer-sml-layout":"","ast-disable-related-posts":"","theme-transparent-header-meta":"","adv-header-id-meta":"","stick-header-meta":"","header-above-stick-meta":"","header-main-stick-meta":"","header-below-stick-meta":"","astra-migrate-meta-layouts":"set","ast-page-background-enabled":"default","ast-page-background-meta":{"desktop":{"background-color":"","background-image":"","background-repeat":"repeat","background-position":"center center","background-size":"auto","background-attachment":"scroll","background-type":"","background-media":"","overlay-type":"","overlay-color":"","overlay-opacity":"","overlay-gradient":""},"tablet":{"background-color":"","background-image":"","background-repeat":"repeat","background-position":"center center","background-size":"auto","background-attachment":"scroll","background-type":"","background-media":"","overlay-type":"","overlay-color":"","overlay-opacity":"","overlay-gradient":""},"mobile":{"background-color":"","background-image":"","background-repeat":"repeat","background-position":"center center","background-size":"auto","background-attachment":"scroll","background-type":"","background-media":"","overlay-type":"","overlay-color":"","overlay-opacity":"","overlay-gradient":""}},"ast-content-background-meta":{"desktop":{"background-color":"var(--ast-global-color-5)","background-image":"","background-repeat":"repeat","background-position":"center center","background-size":"auto","background-attachment":"scroll","background-type":"","background-media":"","overlay-type":"","overlay-color":"","overlay-opacity":"","overlay-gradient":""},"tablet":{"background-color":"var(--ast-global-color-5)","background-image":"","background-repeat":"repeat","background-position":"center center","background-size":"auto","background-attachment":"scroll","background-type":"","background-media":"","overlay-type":"","overlay-color":"","overlay-opacity":"","overlay-gradient":""},"mobile":{"background-color":"var(--ast-global-color-5)","background-image":"","background-repeat":"repeat","background-position":"center center","background-size":"auto","background-attachment":"scroll","background-type":"","background-media":"","overlay-type":"","overlay-color":"","overlay-opacity":"","overlay-gradient":""}},"footnotes":""},"categories":[44],"tags":[],"class_list":["post-6128","post","type-post","status-publish","format-standard","has-post-thumbnail","hentry","category-noticias"],"yoast_head":"<!-- This site is optimized with the Yoast SEO plugin v27.2 - https:\/\/yoast.com\/product\/yoast-seo-wordpress\/ -->\n<title>EXPECT_Art en la ECER 2025 de Belgrado sobre la decolonizaci\u00f3n de los curr\u00edculos a trav\u00e9s de la educaci\u00f3n art\u00edstica - EXPECT_Art<\/title>\n<meta name=\"robots\" content=\"index, follow, max-snippet:-1, max-image-preview:large, max-video-preview:-1\" \/>\n<link rel=\"canonical\" href=\"https:\/\/www.expectart.eu\/es\/expect_art-en-la-ecer-2025-de-belgrado-sobre-la-decolonizacion-de-los-curriculos-a-traves-de-la-educacion-artistica\/\" \/>\n<meta property=\"og:locale\" content=\"es_ES\" \/>\n<meta property=\"og:type\" content=\"article\" \/>\n<meta property=\"og:title\" content=\"EXPECT_Art en la ECER 2025 de Belgrado sobre la decolonizaci\u00f3n de los curr\u00edculos a trav\u00e9s de la educaci\u00f3n art\u00edstica - EXPECT_Art\" \/>\n<meta property=\"og:description\" content=\"Nuestro consorcio particip\u00f3 en la Conferencia Europea de Investigaci\u00f3n Educativa de 2025, organizada por la Universidad de Belgrado. La comunidad acad\u00e9mica de la ciudad nos impresion\u00f3: estudiantes y profesores, as\u00ed como la comunidad local, est\u00e1n liderando protestas que destacan su esp\u00edritu democr\u00e1tico y su activa participaci\u00f3n en la configuraci\u00f3n de la sociedad. La conferencia tuvo [&hellip;]\" \/>\n<meta property=\"og:url\" content=\"https:\/\/www.expectart.eu\/es\/expect_art-en-la-ecer-2025-de-belgrado-sobre-la-decolonizacion-de-los-curriculos-a-traves-de-la-educacion-artistica\/\" \/>\n<meta property=\"og:site_name\" content=\"EXPECT_Art\" \/>\n<meta property=\"article:publisher\" content=\"https:\/\/www.facebook.com\/EXPECTArtEU\" \/>\n<meta property=\"article:published_time\" content=\"2025-09-15T13:00:21+00:00\" \/>\n<meta property=\"article:modified_time\" content=\"2025-09-17T09:02:41+00:00\" \/>\n<meta property=\"og:image\" content=\"https:\/\/www.expectart.eu\/wp-content\/uploads\/2025\/09\/bafkreibhy37zjaknjqwclp5rfy7a46h2zqfdlkopulgypex7hanj3artw4.jpg\" \/>\n\t<meta property=\"og:image:width\" content=\"2000\" \/>\n\t<meta property=\"og:image:height\" content=\"1500\" \/>\n\t<meta property=\"og:image:type\" content=\"image\/jpeg\" \/>\n<meta name=\"author\" content=\"Xavier Gir\u00f3 Gr\u00e0cia\" \/>\n<meta name=\"twitter:card\" content=\"summary_large_image\" \/>\n<meta name=\"twitter:label1\" content=\"Escrito por\" \/>\n\t<meta name=\"twitter:data1\" content=\"Xavier Gir\u00f3 Gr\u00e0cia\" \/>\n\t<meta name=\"twitter:label2\" content=\"Tiempo de lectura\" \/>\n\t<meta name=\"twitter:data2\" content=\"3 minutos\" \/>\n<script type=\"application\/ld+json\" class=\"yoast-schema-graph\">{\"@context\":\"https:\/\/schema.org\",\"@graph\":[{\"@type\":\"Article\",\"@id\":\"https:\/\/www.expectart.eu\/es\/expect_art-en-la-ecer-2025-de-belgrado-sobre-la-decolonizacion-de-los-curriculos-a-traves-de-la-educacion-artistica\/#article\",\"isPartOf\":{\"@id\":\"https:\/\/www.expectart.eu\/es\/expect_art-en-la-ecer-2025-de-belgrado-sobre-la-decolonizacion-de-los-curriculos-a-traves-de-la-educacion-artistica\/\"},\"author\":{\"name\":\"Xavier Gir\u00f3 Gr\u00e0cia\",\"@id\":\"https:\/\/www.expectart.eu\/#\/schema\/person\/23bfb96483707b6f7e7622a7f8db2f16\"},\"headline\":\"EXPECT_Art en la ECER 2025 de Belgrado sobre la decolonizaci\u00f3n de los curr\u00edculos a trav\u00e9s de la educaci\u00f3n art\u00edstica\",\"datePublished\":\"2025-09-15T13:00:21+00:00\",\"dateModified\":\"2025-09-17T09:02:41+00:00\",\"mainEntityOfPage\":{\"@id\":\"https:\/\/www.expectart.eu\/es\/expect_art-en-la-ecer-2025-de-belgrado-sobre-la-decolonizacion-de-los-curriculos-a-traves-de-la-educacion-artistica\/\"},\"wordCount\":564,\"commentCount\":0,\"publisher\":{\"@id\":\"https:\/\/www.expectart.eu\/#organization\"},\"image\":{\"@id\":\"https:\/\/www.expectart.eu\/es\/expect_art-en-la-ecer-2025-de-belgrado-sobre-la-decolonizacion-de-los-curriculos-a-traves-de-la-educacion-artistica\/#primaryimage\"},\"thumbnailUrl\":\"https:\/\/www.expectart.eu\/wp-content\/uploads\/2025\/09\/bafkreibhy37zjaknjqwclp5rfy7a46h2zqfdlkopulgypex7hanj3artw4.jpg\",\"articleSection\":[\"noticias\"],\"inLanguage\":\"es\",\"potentialAction\":[{\"@type\":\"CommentAction\",\"name\":\"Comment\",\"target\":[\"https:\/\/www.expectart.eu\/es\/expect_art-en-la-ecer-2025-de-belgrado-sobre-la-decolonizacion-de-los-curriculos-a-traves-de-la-educacion-artistica\/#respond\"]}]},{\"@type\":\"WebPage\",\"@id\":\"https:\/\/www.expectart.eu\/es\/expect_art-en-la-ecer-2025-de-belgrado-sobre-la-decolonizacion-de-los-curriculos-a-traves-de-la-educacion-artistica\/\",\"url\":\"https:\/\/www.expectart.eu\/es\/expect_art-en-la-ecer-2025-de-belgrado-sobre-la-decolonizacion-de-los-curriculos-a-traves-de-la-educacion-artistica\/\",\"name\":\"EXPECT_Art en la ECER 2025 de Belgrado sobre la decolonizaci\u00f3n de los curr\u00edculos a trav\u00e9s de la educaci\u00f3n art\u00edstica - EXPECT_Art\",\"isPartOf\":{\"@id\":\"https:\/\/www.expectart.eu\/#website\"},\"primaryImageOfPage\":{\"@id\":\"https:\/\/www.expectart.eu\/es\/expect_art-en-la-ecer-2025-de-belgrado-sobre-la-decolonizacion-de-los-curriculos-a-traves-de-la-educacion-artistica\/#primaryimage\"},\"image\":{\"@id\":\"https:\/\/www.expectart.eu\/es\/expect_art-en-la-ecer-2025-de-belgrado-sobre-la-decolonizacion-de-los-curriculos-a-traves-de-la-educacion-artistica\/#primaryimage\"},\"thumbnailUrl\":\"https:\/\/www.expectart.eu\/wp-content\/uploads\/2025\/09\/bafkreibhy37zjaknjqwclp5rfy7a46h2zqfdlkopulgypex7hanj3artw4.jpg\",\"datePublished\":\"2025-09-15T13:00:21+00:00\",\"dateModified\":\"2025-09-17T09:02:41+00:00\",\"breadcrumb\":{\"@id\":\"https:\/\/www.expectart.eu\/es\/expect_art-en-la-ecer-2025-de-belgrado-sobre-la-decolonizacion-de-los-curriculos-a-traves-de-la-educacion-artistica\/#breadcrumb\"},\"inLanguage\":\"es\",\"potentialAction\":[{\"@type\":\"ReadAction\",\"target\":[\"https:\/\/www.expectart.eu\/es\/expect_art-en-la-ecer-2025-de-belgrado-sobre-la-decolonizacion-de-los-curriculos-a-traves-de-la-educacion-artistica\/\"]}]},{\"@type\":\"ImageObject\",\"inLanguage\":\"es\",\"@id\":\"https:\/\/www.expectart.eu\/es\/expect_art-en-la-ecer-2025-de-belgrado-sobre-la-decolonizacion-de-los-curriculos-a-traves-de-la-educacion-artistica\/#primaryimage\",\"url\":\"https:\/\/www.expectart.eu\/wp-content\/uploads\/2025\/09\/bafkreibhy37zjaknjqwclp5rfy7a46h2zqfdlkopulgypex7hanj3artw4.jpg\",\"contentUrl\":\"https:\/\/www.expectart.eu\/wp-content\/uploads\/2025\/09\/bafkreibhy37zjaknjqwclp5rfy7a46h2zqfdlkopulgypex7hanj3artw4.jpg\",\"width\":2000,\"height\":1500},{\"@type\":\"BreadcrumbList\",\"@id\":\"https:\/\/www.expectart.eu\/es\/expect_art-en-la-ecer-2025-de-belgrado-sobre-la-decolonizacion-de-los-curriculos-a-traves-de-la-educacion-artistica\/#breadcrumb\",\"itemListElement\":[{\"@type\":\"ListItem\",\"position\":1,\"name\":\"Home\",\"item\":\"https:\/\/www.expectart.eu\/\"},{\"@type\":\"ListItem\",\"position\":2,\"name\":\"EXPECT_Art en la ECER 2025 de Belgrado sobre la decolonizaci\u00f3n de los curr\u00edculos a trav\u00e9s de la educaci\u00f3n art\u00edstica\"}]},{\"@type\":\"WebSite\",\"@id\":\"https:\/\/www.expectart.eu\/#website\",\"url\":\"https:\/\/www.expectart.eu\/\",\"name\":\"EXPECT_Art\",\"description\":\"EU Project\",\"publisher\":{\"@id\":\"https:\/\/www.expectart.eu\/#organization\"},\"potentialAction\":[{\"@type\":\"SearchAction\",\"target\":{\"@type\":\"EntryPoint\",\"urlTemplate\":\"https:\/\/www.expectart.eu\/?s={search_term_string}\"},\"query-input\":{\"@type\":\"PropertyValueSpecification\",\"valueRequired\":true,\"valueName\":\"search_term_string\"}}],\"inLanguage\":\"es\"},{\"@type\":\"Organization\",\"@id\":\"https:\/\/www.expectart.eu\/#organization\",\"name\":\"EXPECT_Art\",\"url\":\"https:\/\/www.expectart.eu\/\",\"logo\":{\"@type\":\"ImageObject\",\"inLanguage\":\"es\",\"@id\":\"https:\/\/www.expectart.eu\/#\/schema\/logo\/image\/\",\"url\":\"https:\/\/www.expectart.eu\/wp-content\/uploads\/2024\/04\/cropped-logo-rgb_without-text-02.png\",\"contentUrl\":\"https:\/\/www.expectart.eu\/wp-content\/uploads\/2024\/04\/cropped-logo-rgb_without-text-02.png\",\"width\":679,\"height\":139,\"caption\":\"EXPECT_Art\"},\"image\":{\"@id\":\"https:\/\/www.expectart.eu\/#\/schema\/logo\/image\/\"},\"sameAs\":[\"https:\/\/www.facebook.com\/EXPECTArtEU\",\"https:\/\/www.instagram.com\/expect_art_eu\/\"]},{\"@type\":\"Person\",\"@id\":\"https:\/\/www.expectart.eu\/#\/schema\/person\/23bfb96483707b6f7e7622a7f8db2f16\",\"name\":\"Xavier Gir\u00f3 Gr\u00e0cia\",\"image\":{\"@type\":\"ImageObject\",\"inLanguage\":\"es\",\"@id\":\"https:\/\/secure.gravatar.com\/avatar\/c16e792998dd5d96a7dd7c52600523e1dab5f4b9696f5b9505b968d08e9fa42f?s=96&d=mm&r=g\",\"url\":\"https:\/\/secure.gravatar.com\/avatar\/c16e792998dd5d96a7dd7c52600523e1dab5f4b9696f5b9505b968d08e9fa42f?s=96&d=mm&r=g\",\"contentUrl\":\"https:\/\/secure.gravatar.com\/avatar\/c16e792998dd5d96a7dd7c52600523e1dab5f4b9696f5b9505b968d08e9fa42f?s=96&d=mm&r=g\",\"caption\":\"Xavier Gir\u00f3 Gr\u00e0cia\"},\"url\":\"https:\/\/www.expectart.eu\/es\/author\/xavier\/\"}]}<\/script>\n<!-- \/ Yoast SEO plugin. -->","yoast_head_json":{"title":"EXPECT_Art en la ECER 2025 de Belgrado sobre la decolonizaci\u00f3n de los curr\u00edculos a trav\u00e9s de la educaci\u00f3n art\u00edstica - EXPECT_Art","robots":{"index":"index","follow":"follow","max-snippet":"max-snippet:-1","max-image-preview":"max-image-preview:large","max-video-preview":"max-video-preview:-1"},"canonical":"https:\/\/www.expectart.eu\/es\/expect_art-en-la-ecer-2025-de-belgrado-sobre-la-decolonizacion-de-los-curriculos-a-traves-de-la-educacion-artistica\/","og_locale":"es_ES","og_type":"article","og_title":"EXPECT_Art en la ECER 2025 de Belgrado sobre la decolonizaci\u00f3n de los curr\u00edculos a trav\u00e9s de la educaci\u00f3n art\u00edstica - EXPECT_Art","og_description":"Nuestro consorcio particip\u00f3 en la Conferencia Europea de Investigaci\u00f3n Educativa de 2025, organizada por la Universidad de Belgrado. La comunidad acad\u00e9mica de la ciudad nos impresion\u00f3: estudiantes y profesores, as\u00ed como la comunidad local, est\u00e1n liderando protestas que destacan su esp\u00edritu democr\u00e1tico y su activa participaci\u00f3n en la configuraci\u00f3n de la sociedad. La conferencia tuvo [&hellip;]","og_url":"https:\/\/www.expectart.eu\/es\/expect_art-en-la-ecer-2025-de-belgrado-sobre-la-decolonizacion-de-los-curriculos-a-traves-de-la-educacion-artistica\/","og_site_name":"EXPECT_Art","article_publisher":"https:\/\/www.facebook.com\/EXPECTArtEU","article_published_time":"2025-09-15T13:00:21+00:00","article_modified_time":"2025-09-17T09:02:41+00:00","og_image":[{"width":2000,"height":1500,"url":"https:\/\/www.expectart.eu\/wp-content\/uploads\/2025\/09\/bafkreibhy37zjaknjqwclp5rfy7a46h2zqfdlkopulgypex7hanj3artw4.jpg","type":"image\/jpeg"}],"author":"Xavier Gir\u00f3 Gr\u00e0cia","twitter_card":"summary_large_image","twitter_misc":{"Escrito por":"Xavier Gir\u00f3 Gr\u00e0cia","Tiempo de lectura":"3 minutos"},"schema":{"@context":"https:\/\/schema.org","@graph":[{"@type":"Article","@id":"https:\/\/www.expectart.eu\/es\/expect_art-en-la-ecer-2025-de-belgrado-sobre-la-decolonizacion-de-los-curriculos-a-traves-de-la-educacion-artistica\/#article","isPartOf":{"@id":"https:\/\/www.expectart.eu\/es\/expect_art-en-la-ecer-2025-de-belgrado-sobre-la-decolonizacion-de-los-curriculos-a-traves-de-la-educacion-artistica\/"},"author":{"name":"Xavier Gir\u00f3 Gr\u00e0cia","@id":"https:\/\/www.expectart.eu\/#\/schema\/person\/23bfb96483707b6f7e7622a7f8db2f16"},"headline":"EXPECT_Art en la ECER 2025 de Belgrado sobre la decolonizaci\u00f3n de los curr\u00edculos a trav\u00e9s de la educaci\u00f3n art\u00edstica","datePublished":"2025-09-15T13:00:21+00:00","dateModified":"2025-09-17T09:02:41+00:00","mainEntityOfPage":{"@id":"https:\/\/www.expectart.eu\/es\/expect_art-en-la-ecer-2025-de-belgrado-sobre-la-decolonizacion-de-los-curriculos-a-traves-de-la-educacion-artistica\/"},"wordCount":564,"commentCount":0,"publisher":{"@id":"https:\/\/www.expectart.eu\/#organization"},"image":{"@id":"https:\/\/www.expectart.eu\/es\/expect_art-en-la-ecer-2025-de-belgrado-sobre-la-decolonizacion-de-los-curriculos-a-traves-de-la-educacion-artistica\/#primaryimage"},"thumbnailUrl":"https:\/\/www.expectart.eu\/wp-content\/uploads\/2025\/09\/bafkreibhy37zjaknjqwclp5rfy7a46h2zqfdlkopulgypex7hanj3artw4.jpg","articleSection":["noticias"],"inLanguage":"es","potentialAction":[{"@type":"CommentAction","name":"Comment","target":["https:\/\/www.expectart.eu\/es\/expect_art-en-la-ecer-2025-de-belgrado-sobre-la-decolonizacion-de-los-curriculos-a-traves-de-la-educacion-artistica\/#respond"]}]},{"@type":"WebPage","@id":"https:\/\/www.expectart.eu\/es\/expect_art-en-la-ecer-2025-de-belgrado-sobre-la-decolonizacion-de-los-curriculos-a-traves-de-la-educacion-artistica\/","url":"https:\/\/www.expectart.eu\/es\/expect_art-en-la-ecer-2025-de-belgrado-sobre-la-decolonizacion-de-los-curriculos-a-traves-de-la-educacion-artistica\/","name":"EXPECT_Art en la ECER 2025 de Belgrado sobre la decolonizaci\u00f3n de los curr\u00edculos a trav\u00e9s de la educaci\u00f3n art\u00edstica - EXPECT_Art","isPartOf":{"@id":"https:\/\/www.expectart.eu\/#website"},"primaryImageOfPage":{"@id":"https:\/\/www.expectart.eu\/es\/expect_art-en-la-ecer-2025-de-belgrado-sobre-la-decolonizacion-de-los-curriculos-a-traves-de-la-educacion-artistica\/#primaryimage"},"image":{"@id":"https:\/\/www.expectart.eu\/es\/expect_art-en-la-ecer-2025-de-belgrado-sobre-la-decolonizacion-de-los-curriculos-a-traves-de-la-educacion-artistica\/#primaryimage"},"thumbnailUrl":"https:\/\/www.expectart.eu\/wp-content\/uploads\/2025\/09\/bafkreibhy37zjaknjqwclp5rfy7a46h2zqfdlkopulgypex7hanj3artw4.jpg","datePublished":"2025-09-15T13:00:21+00:00","dateModified":"2025-09-17T09:02:41+00:00","breadcrumb":{"@id":"https:\/\/www.expectart.eu\/es\/expect_art-en-la-ecer-2025-de-belgrado-sobre-la-decolonizacion-de-los-curriculos-a-traves-de-la-educacion-artistica\/#breadcrumb"},"inLanguage":"es","potentialAction":[{"@type":"ReadAction","target":["https:\/\/www.expectart.eu\/es\/expect_art-en-la-ecer-2025-de-belgrado-sobre-la-decolonizacion-de-los-curriculos-a-traves-de-la-educacion-artistica\/"]}]},{"@type":"ImageObject","inLanguage":"es","@id":"https:\/\/www.expectart.eu\/es\/expect_art-en-la-ecer-2025-de-belgrado-sobre-la-decolonizacion-de-los-curriculos-a-traves-de-la-educacion-artistica\/#primaryimage","url":"https:\/\/www.expectart.eu\/wp-content\/uploads\/2025\/09\/bafkreibhy37zjaknjqwclp5rfy7a46h2zqfdlkopulgypex7hanj3artw4.jpg","contentUrl":"https:\/\/www.expectart.eu\/wp-content\/uploads\/2025\/09\/bafkreibhy37zjaknjqwclp5rfy7a46h2zqfdlkopulgypex7hanj3artw4.jpg","width":2000,"height":1500},{"@type":"BreadcrumbList","@id":"https:\/\/www.expectart.eu\/es\/expect_art-en-la-ecer-2025-de-belgrado-sobre-la-decolonizacion-de-los-curriculos-a-traves-de-la-educacion-artistica\/#breadcrumb","itemListElement":[{"@type":"ListItem","position":1,"name":"Home","item":"https:\/\/www.expectart.eu\/"},{"@type":"ListItem","position":2,"name":"EXPECT_Art en la ECER 2025 de Belgrado sobre la decolonizaci\u00f3n de los curr\u00edculos a trav\u00e9s de la educaci\u00f3n art\u00edstica"}]},{"@type":"WebSite","@id":"https:\/\/www.expectart.eu\/#website","url":"https:\/\/www.expectart.eu\/","name":"EXPECT_Art","description":"EU Project","publisher":{"@id":"https:\/\/www.expectart.eu\/#organization"},"potentialAction":[{"@type":"SearchAction","target":{"@type":"EntryPoint","urlTemplate":"https:\/\/www.expectart.eu\/?s={search_term_string}"},"query-input":{"@type":"PropertyValueSpecification","valueRequired":true,"valueName":"search_term_string"}}],"inLanguage":"es"},{"@type":"Organization","@id":"https:\/\/www.expectart.eu\/#organization","name":"EXPECT_Art","url":"https:\/\/www.expectart.eu\/","logo":{"@type":"ImageObject","inLanguage":"es","@id":"https:\/\/www.expectart.eu\/#\/schema\/logo\/image\/","url":"https:\/\/www.expectart.eu\/wp-content\/uploads\/2024\/04\/cropped-logo-rgb_without-text-02.png","contentUrl":"https:\/\/www.expectart.eu\/wp-content\/uploads\/2024\/04\/cropped-logo-rgb_without-text-02.png","width":679,"height":139,"caption":"EXPECT_Art"},"image":{"@id":"https:\/\/www.expectart.eu\/#\/schema\/logo\/image\/"},"sameAs":["https:\/\/www.facebook.com\/EXPECTArtEU","https:\/\/www.instagram.com\/expect_art_eu\/"]},{"@type":"Person","@id":"https:\/\/www.expectart.eu\/#\/schema\/person\/23bfb96483707b6f7e7622a7f8db2f16","name":"Xavier Gir\u00f3 Gr\u00e0cia","image":{"@type":"ImageObject","inLanguage":"es","@id":"https:\/\/secure.gravatar.com\/avatar\/c16e792998dd5d96a7dd7c52600523e1dab5f4b9696f5b9505b968d08e9fa42f?s=96&d=mm&r=g","url":"https:\/\/secure.gravatar.com\/avatar\/c16e792998dd5d96a7dd7c52600523e1dab5f4b9696f5b9505b968d08e9fa42f?s=96&d=mm&r=g","contentUrl":"https:\/\/secure.gravatar.com\/avatar\/c16e792998dd5d96a7dd7c52600523e1dab5f4b9696f5b9505b968d08e9fa42f?s=96&d=mm&r=g","caption":"Xavier Gir\u00f3 Gr\u00e0cia"},"url":"https:\/\/www.expectart.eu\/es\/author\/xavier\/"}]}},"_links":{"self":[{"href":"https:\/\/www.expectart.eu\/es\/wp-json\/wp\/v2\/posts\/6128","targetHints":{"allow":["GET"]}}],"collection":[{"href":"https:\/\/www.expectart.eu\/es\/wp-json\/wp\/v2\/posts"}],"about":[{"href":"https:\/\/www.expectart.eu\/es\/wp-json\/wp\/v2\/types\/post"}],"author":[{"embeddable":true,"href":"https:\/\/www.expectart.eu\/es\/wp-json\/wp\/v2\/users\/6"}],"replies":[{"embeddable":true,"href":"https:\/\/www.expectart.eu\/es\/wp-json\/wp\/v2\/comments?post=6128"}],"version-history":[{"count":4,"href":"https:\/\/www.expectart.eu\/es\/wp-json\/wp\/v2\/posts\/6128\/revisions"}],"predecessor-version":[{"id":6138,"href":"https:\/\/www.expectart.eu\/es\/wp-json\/wp\/v2\/posts\/6128\/revisions\/6138"}],"wp:featuredmedia":[{"embeddable":true,"href":"https:\/\/www.expectart.eu\/es\/wp-json\/wp\/v2\/media\/6107"}],"wp:attachment":[{"href":"https:\/\/www.expectart.eu\/es\/wp-json\/wp\/v2\/media?parent=6128"}],"wp:term":[{"taxonomy":"category","embeddable":true,"href":"https:\/\/www.expectart.eu\/es\/wp-json\/wp\/v2\/categories?post=6128"},{"taxonomy":"post_tag","embeddable":true,"href":"https:\/\/www.expectart.eu\/es\/wp-json\/wp\/v2\/tags?post=6128"}],"curies":[{"name":"wp","href":"https:\/\/api.w.org\/{rel}","templated":true}]}}