{"id":5594,"date":"2025-06-26T10:34:01","date_gmt":"2025-06-26T08:34:01","guid":{"rendered":"https:\/\/www.expectart.eu\/?p=5594"},"modified":"2025-06-26T17:10:24","modified_gmt":"2025-06-26T15:10:24","slug":"arte-en-el-parque-trabajo-de-campo-en-eslovenia","status":"publish","type":"post","link":"https:\/\/www.expectart.eu\/es\/arte-en-el-parque-trabajo-de-campo-en-eslovenia\/","title":{"rendered":"Arte en el parque &#8211; Trabajo de campo en Eslovenia"},"content":{"rendered":"\n<p>El equipo esloveno ha vivido una fant\u00e1stica observaci\u00f3n de campo recientemente. A finales de junio, el tradicional festival de Cuaresma lleva el campamento de arte a la segunda ciudad m\u00e1s grande de Eslovenia: Maribor. All\u00ed, ni\u00f1os, ni\u00f1as,, j\u00f3venes y adultos se re\u00fanen con un esp\u00edritu de creatividad, explorando diversas formas de arte y dejando volar su imaginaci\u00f3n bajo la sombra de los \u00e1rboles del parque de la ciudad.<\/p>\n\n\n\n<p>Desde trabajar con accesorios de circo, juegos de mesa creativos, teatro para ni\u00f1os o ni\u00f1as en luto, ilustraci\u00f3n cosida, t\u00edteres de dedo, conciertos, fabricaci\u00f3n de instrumentos, pintura sobre lienzo, aprendizaje sobre la historia de diversos oficios, hasta pintura en piedra, talla de madera, reparaci\u00f3n de ropa, una biblioteca al aire libre, talleres\u2026 la lista contin\u00faa.<\/p>\n\n\n\n<p>La oficina del equipo esloveno era realmente envidiable, y presenciar c\u00f3mo la comunidad local crea y vive la alfabetizaci\u00f3n cultural fue simplemente inspirador.<\/p>\n\n\n\n<figure class=\"wp-block-image aligncenter size-full\"><img fetchpriority=\"high\" decoding=\"async\" width=\"953\" height=\"1015\" src=\"https:\/\/www.expectart.eu\/wp-content\/uploads\/2025\/06\/510071645_122232300620243865_8095018334775906866_n.jpg\" alt=\"\" class=\"wp-image-5565\" srcset=\"https:\/\/www.expectart.eu\/wp-content\/uploads\/2025\/06\/510071645_122232300620243865_8095018334775906866_n.jpg 953w, https:\/\/www.expectart.eu\/wp-content\/uploads\/2025\/06\/510071645_122232300620243865_8095018334775906866_n-282x300.jpg 282w, https:\/\/www.expectart.eu\/wp-content\/uploads\/2025\/06\/510071645_122232300620243865_8095018334775906866_n-768x818.jpg 768w\" sizes=\"(max-width: 953px) 100vw, 953px\" \/><\/figure>\n","protected":false},"excerpt":{"rendered":"<p>El equipo esloveno ha vivido una fant\u00e1stica observaci\u00f3n de campo recientemente. A finales de junio, el tradicional festival de Cuaresma lleva el campamento de arte a la segunda ciudad m\u00e1s grande de Eslovenia: Maribor. All\u00ed, ni\u00f1os, ni\u00f1as,, j\u00f3venes y adultos se re\u00fanen con un esp\u00edritu de creatividad, explorando diversas formas de arte y dejando volar [&hellip;]<\/p>\n","protected":false},"author":6,"featured_media":5580,"comment_status":"open","ping_status":"open","sticky":false,"template":"","format":"standard","meta":{"site-sidebar-layout":"default","site-content-layout":"","ast-site-content-layout":"default","site-content-style":"default","site-sidebar-style":"default","ast-global-header-display":"","ast-banner-title-visibility":"","ast-main-header-display":"","ast-hfb-above-header-display":"","ast-hfb-below-header-display":"","ast-hfb-mobile-header-display":"","site-post-title":"","ast-breadcrumbs-content":"","ast-featured-img":"","footer-sml-layout":"","ast-disable-related-posts":"","theme-transparent-header-meta":"","adv-header-id-meta":"","stick-header-meta":"","header-above-stick-meta":"","header-main-stick-meta":"","header-below-stick-meta":"","astra-migrate-meta-layouts":"set","ast-page-background-enabled":"default","ast-page-background-meta":{"desktop":{"background-color":"","background-image":"","background-repeat":"repeat","background-position":"center center","background-size":"auto","background-attachment":"scroll","background-type":"","background-media":"","overlay-type":"","overlay-color":"","overlay-opacity":"","overlay-gradient":""},"tablet":{"background-color":"","background-image":"","background-repeat":"repeat","background-position":"center center","background-size":"auto","background-attachment":"scroll","background-type":"","background-media":"","overlay-type":"","overlay-color":"","overlay-opacity":"","overlay-gradient":""},"mobile":{"background-color":"","background-image":"","background-repeat":"repeat","background-position":"center center","background-size":"auto","background-attachment":"scroll","background-type":"","background-media":"","overlay-type":"","overlay-color":"","overlay-opacity":"","overlay-gradient":""}},"ast-content-background-meta":{"desktop":{"background-color":"var(--ast-global-color-5)","background-image":"","background-repeat":"repeat","background-position":"center center","background-size":"auto","background-attachment":"scroll","background-type":"","background-media":"","overlay-type":"","overlay-color":"","overlay-opacity":"","overlay-gradient":""},"tablet":{"background-color":"var(--ast-global-color-5)","background-image":"","background-repeat":"repeat","background-position":"center center","background-size":"auto","background-attachment":"scroll","background-type":"","background-media":"","overlay-type":"","overlay-color":"","overlay-opacity":"","overlay-gradient":""},"mobile":{"background-color":"var(--ast-global-color-5)","background-image":"","background-repeat":"repeat","background-position":"center center","background-size":"auto","background-attachment":"scroll","background-type":"","background-media":"","overlay-type":"","overlay-color":"","overlay-opacity":"","overlay-gradient":""}},"footnotes":""},"categories":[44],"tags":[],"class_list":["post-5594","post","type-post","status-publish","format-standard","has-post-thumbnail","hentry","category-noticias"],"yoast_head":"<!-- This site is optimized with the Yoast SEO plugin v27.2 - https:\/\/yoast.com\/product\/yoast-seo-wordpress\/ -->\n<title>Arte en el parque - Trabajo de campo en Eslovenia - EXPECT_Art<\/title>\n<meta name=\"robots\" content=\"index, follow, max-snippet:-1, max-image-preview:large, max-video-preview:-1\" \/>\n<link rel=\"canonical\" href=\"https:\/\/www.expectart.eu\/es\/arte-en-el-parque-trabajo-de-campo-en-eslovenia\/\" \/>\n<meta property=\"og:locale\" content=\"es_ES\" \/>\n<meta property=\"og:type\" content=\"article\" \/>\n<meta property=\"og:title\" content=\"Arte en el parque - Trabajo de campo en Eslovenia - EXPECT_Art\" \/>\n<meta property=\"og:description\" content=\"El equipo esloveno ha vivido una fant\u00e1stica observaci\u00f3n de campo recientemente. A finales de junio, el tradicional festival de Cuaresma lleva el campamento de arte a la segunda ciudad m\u00e1s grande de Eslovenia: Maribor. All\u00ed, ni\u00f1os, ni\u00f1as,, j\u00f3venes y adultos se re\u00fanen con un esp\u00edritu de creatividad, explorando diversas formas de arte y dejando volar [&hellip;]\" \/>\n<meta property=\"og:url\" content=\"https:\/\/www.expectart.eu\/es\/arte-en-el-parque-trabajo-de-campo-en-eslovenia\/\" \/>\n<meta property=\"og:site_name\" content=\"EXPECT_Art\" \/>\n<meta property=\"article:publisher\" content=\"https:\/\/www.facebook.com\/EXPECTArtEU\" \/>\n<meta property=\"article:published_time\" content=\"2025-06-26T08:34:01+00:00\" \/>\n<meta property=\"article:modified_time\" content=\"2025-06-26T15:10:24+00:00\" \/>\n<meta property=\"og:image\" content=\"https:\/\/www.expectart.eu\/wp-content\/uploads\/2025\/06\/506252982_122232300446243865_5682867910472206441_n.jpg\" \/>\n\t<meta property=\"og:image:width\" content=\"1080\" \/>\n\t<meta property=\"og:image:height\" content=\"1151\" \/>\n\t<meta property=\"og:image:type\" content=\"image\/jpeg\" \/>\n<meta name=\"author\" content=\"Xavier Gir\u00f3 Gr\u00e0cia\" \/>\n<meta name=\"twitter:card\" content=\"summary_large_image\" \/>\n<meta name=\"twitter:label1\" content=\"Escrito por\" \/>\n\t<meta name=\"twitter:data1\" content=\"Xavier Gir\u00f3 Gr\u00e0cia\" \/>\n\t<meta name=\"twitter:label2\" content=\"Tiempo de lectura\" \/>\n\t<meta name=\"twitter:data2\" content=\"1 minuto\" \/>\n<script type=\"application\/ld+json\" class=\"yoast-schema-graph\">{\"@context\":\"https:\/\/schema.org\",\"@graph\":[{\"@type\":\"Article\",\"@id\":\"https:\/\/www.expectart.eu\/es\/arte-en-el-parque-trabajo-de-campo-en-eslovenia\/#article\",\"isPartOf\":{\"@id\":\"https:\/\/www.expectart.eu\/es\/arte-en-el-parque-trabajo-de-campo-en-eslovenia\/\"},\"author\":{\"name\":\"Xavier Gir\u00f3 Gr\u00e0cia\",\"@id\":\"https:\/\/www.expectart.eu\/#\/schema\/person\/23bfb96483707b6f7e7622a7f8db2f16\"},\"headline\":\"Arte en el parque &#8211; Trabajo de campo en Eslovenia\",\"datePublished\":\"2025-06-26T08:34:01+00:00\",\"dateModified\":\"2025-06-26T15:10:24+00:00\",\"mainEntityOfPage\":{\"@id\":\"https:\/\/www.expectart.eu\/es\/arte-en-el-parque-trabajo-de-campo-en-eslovenia\/\"},\"wordCount\":174,\"commentCount\":0,\"publisher\":{\"@id\":\"https:\/\/www.expectart.eu\/#organization\"},\"image\":{\"@id\":\"https:\/\/www.expectart.eu\/es\/arte-en-el-parque-trabajo-de-campo-en-eslovenia\/#primaryimage\"},\"thumbnailUrl\":\"https:\/\/www.expectart.eu\/wp-content\/uploads\/2025\/06\/506252982_122232300446243865_5682867910472206441_n.jpg\",\"articleSection\":[\"noticias\"],\"inLanguage\":\"es\",\"potentialAction\":[{\"@type\":\"CommentAction\",\"name\":\"Comment\",\"target\":[\"https:\/\/www.expectart.eu\/es\/arte-en-el-parque-trabajo-de-campo-en-eslovenia\/#respond\"]}]},{\"@type\":\"WebPage\",\"@id\":\"https:\/\/www.expectart.eu\/es\/arte-en-el-parque-trabajo-de-campo-en-eslovenia\/\",\"url\":\"https:\/\/www.expectart.eu\/es\/arte-en-el-parque-trabajo-de-campo-en-eslovenia\/\",\"name\":\"Arte en el parque - Trabajo de campo en Eslovenia - EXPECT_Art\",\"isPartOf\":{\"@id\":\"https:\/\/www.expectart.eu\/#website\"},\"primaryImageOfPage\":{\"@id\":\"https:\/\/www.expectart.eu\/es\/arte-en-el-parque-trabajo-de-campo-en-eslovenia\/#primaryimage\"},\"image\":{\"@id\":\"https:\/\/www.expectart.eu\/es\/arte-en-el-parque-trabajo-de-campo-en-eslovenia\/#primaryimage\"},\"thumbnailUrl\":\"https:\/\/www.expectart.eu\/wp-content\/uploads\/2025\/06\/506252982_122232300446243865_5682867910472206441_n.jpg\",\"datePublished\":\"2025-06-26T08:34:01+00:00\",\"dateModified\":\"2025-06-26T15:10:24+00:00\",\"breadcrumb\":{\"@id\":\"https:\/\/www.expectart.eu\/es\/arte-en-el-parque-trabajo-de-campo-en-eslovenia\/#breadcrumb\"},\"inLanguage\":\"es\",\"potentialAction\":[{\"@type\":\"ReadAction\",\"target\":[\"https:\/\/www.expectart.eu\/es\/arte-en-el-parque-trabajo-de-campo-en-eslovenia\/\"]}]},{\"@type\":\"ImageObject\",\"inLanguage\":\"es\",\"@id\":\"https:\/\/www.expectart.eu\/es\/arte-en-el-parque-trabajo-de-campo-en-eslovenia\/#primaryimage\",\"url\":\"https:\/\/www.expectart.eu\/wp-content\/uploads\/2025\/06\/506252982_122232300446243865_5682867910472206441_n.jpg\",\"contentUrl\":\"https:\/\/www.expectart.eu\/wp-content\/uploads\/2025\/06\/506252982_122232300446243865_5682867910472206441_n.jpg\",\"width\":1080,\"height\":1151},{\"@type\":\"BreadcrumbList\",\"@id\":\"https:\/\/www.expectart.eu\/es\/arte-en-el-parque-trabajo-de-campo-en-eslovenia\/#breadcrumb\",\"itemListElement\":[{\"@type\":\"ListItem\",\"position\":1,\"name\":\"Home\",\"item\":\"https:\/\/www.expectart.eu\/\"},{\"@type\":\"ListItem\",\"position\":2,\"name\":\"Arte en el parque &#8211; Trabajo de campo en Eslovenia\"}]},{\"@type\":\"WebSite\",\"@id\":\"https:\/\/www.expectart.eu\/#website\",\"url\":\"https:\/\/www.expectart.eu\/\",\"name\":\"EXPECT_Art\",\"description\":\"EU Project\",\"publisher\":{\"@id\":\"https:\/\/www.expectart.eu\/#organization\"},\"potentialAction\":[{\"@type\":\"SearchAction\",\"target\":{\"@type\":\"EntryPoint\",\"urlTemplate\":\"https:\/\/www.expectart.eu\/?s={search_term_string}\"},\"query-input\":{\"@type\":\"PropertyValueSpecification\",\"valueRequired\":true,\"valueName\":\"search_term_string\"}}],\"inLanguage\":\"es\"},{\"@type\":\"Organization\",\"@id\":\"https:\/\/www.expectart.eu\/#organization\",\"name\":\"EXPECT_Art\",\"url\":\"https:\/\/www.expectart.eu\/\",\"logo\":{\"@type\":\"ImageObject\",\"inLanguage\":\"es\",\"@id\":\"https:\/\/www.expectart.eu\/#\/schema\/logo\/image\/\",\"url\":\"https:\/\/www.expectart.eu\/wp-content\/uploads\/2024\/04\/cropped-logo-rgb_without-text-02.png\",\"contentUrl\":\"https:\/\/www.expectart.eu\/wp-content\/uploads\/2024\/04\/cropped-logo-rgb_without-text-02.png\",\"width\":679,\"height\":139,\"caption\":\"EXPECT_Art\"},\"image\":{\"@id\":\"https:\/\/www.expectart.eu\/#\/schema\/logo\/image\/\"},\"sameAs\":[\"https:\/\/www.facebook.com\/EXPECTArtEU\",\"https:\/\/www.instagram.com\/expect_art_eu\/\"]},{\"@type\":\"Person\",\"@id\":\"https:\/\/www.expectart.eu\/#\/schema\/person\/23bfb96483707b6f7e7622a7f8db2f16\",\"name\":\"Xavier Gir\u00f3 Gr\u00e0cia\",\"image\":{\"@type\":\"ImageObject\",\"inLanguage\":\"es\",\"@id\":\"https:\/\/secure.gravatar.com\/avatar\/c16e792998dd5d96a7dd7c52600523e1dab5f4b9696f5b9505b968d08e9fa42f?s=96&d=mm&r=g\",\"url\":\"https:\/\/secure.gravatar.com\/avatar\/c16e792998dd5d96a7dd7c52600523e1dab5f4b9696f5b9505b968d08e9fa42f?s=96&d=mm&r=g\",\"contentUrl\":\"https:\/\/secure.gravatar.com\/avatar\/c16e792998dd5d96a7dd7c52600523e1dab5f4b9696f5b9505b968d08e9fa42f?s=96&d=mm&r=g\",\"caption\":\"Xavier Gir\u00f3 Gr\u00e0cia\"},\"url\":\"https:\/\/www.expectart.eu\/es\/author\/xavier\/\"}]}<\/script>\n<!-- \/ Yoast SEO plugin. -->","yoast_head_json":{"title":"Arte en el parque - Trabajo de campo en Eslovenia - EXPECT_Art","robots":{"index":"index","follow":"follow","max-snippet":"max-snippet:-1","max-image-preview":"max-image-preview:large","max-video-preview":"max-video-preview:-1"},"canonical":"https:\/\/www.expectart.eu\/es\/arte-en-el-parque-trabajo-de-campo-en-eslovenia\/","og_locale":"es_ES","og_type":"article","og_title":"Arte en el parque - Trabajo de campo en Eslovenia - EXPECT_Art","og_description":"El equipo esloveno ha vivido una fant\u00e1stica observaci\u00f3n de campo recientemente. A finales de junio, el tradicional festival de Cuaresma lleva el campamento de arte a la segunda ciudad m\u00e1s grande de Eslovenia: Maribor. All\u00ed, ni\u00f1os, ni\u00f1as,, j\u00f3venes y adultos se re\u00fanen con un esp\u00edritu de creatividad, explorando diversas formas de arte y dejando volar [&hellip;]","og_url":"https:\/\/www.expectart.eu\/es\/arte-en-el-parque-trabajo-de-campo-en-eslovenia\/","og_site_name":"EXPECT_Art","article_publisher":"https:\/\/www.facebook.com\/EXPECTArtEU","article_published_time":"2025-06-26T08:34:01+00:00","article_modified_time":"2025-06-26T15:10:24+00:00","og_image":[{"width":1080,"height":1151,"url":"https:\/\/www.expectart.eu\/wp-content\/uploads\/2025\/06\/506252982_122232300446243865_5682867910472206441_n.jpg","type":"image\/jpeg"}],"author":"Xavier Gir\u00f3 Gr\u00e0cia","twitter_card":"summary_large_image","twitter_misc":{"Escrito por":"Xavier Gir\u00f3 Gr\u00e0cia","Tiempo de lectura":"1 minuto"},"schema":{"@context":"https:\/\/schema.org","@graph":[{"@type":"Article","@id":"https:\/\/www.expectart.eu\/es\/arte-en-el-parque-trabajo-de-campo-en-eslovenia\/#article","isPartOf":{"@id":"https:\/\/www.expectart.eu\/es\/arte-en-el-parque-trabajo-de-campo-en-eslovenia\/"},"author":{"name":"Xavier Gir\u00f3 Gr\u00e0cia","@id":"https:\/\/www.expectart.eu\/#\/schema\/person\/23bfb96483707b6f7e7622a7f8db2f16"},"headline":"Arte en el parque &#8211; Trabajo de campo en Eslovenia","datePublished":"2025-06-26T08:34:01+00:00","dateModified":"2025-06-26T15:10:24+00:00","mainEntityOfPage":{"@id":"https:\/\/www.expectart.eu\/es\/arte-en-el-parque-trabajo-de-campo-en-eslovenia\/"},"wordCount":174,"commentCount":0,"publisher":{"@id":"https:\/\/www.expectart.eu\/#organization"},"image":{"@id":"https:\/\/www.expectart.eu\/es\/arte-en-el-parque-trabajo-de-campo-en-eslovenia\/#primaryimage"},"thumbnailUrl":"https:\/\/www.expectart.eu\/wp-content\/uploads\/2025\/06\/506252982_122232300446243865_5682867910472206441_n.jpg","articleSection":["noticias"],"inLanguage":"es","potentialAction":[{"@type":"CommentAction","name":"Comment","target":["https:\/\/www.expectart.eu\/es\/arte-en-el-parque-trabajo-de-campo-en-eslovenia\/#respond"]}]},{"@type":"WebPage","@id":"https:\/\/www.expectart.eu\/es\/arte-en-el-parque-trabajo-de-campo-en-eslovenia\/","url":"https:\/\/www.expectart.eu\/es\/arte-en-el-parque-trabajo-de-campo-en-eslovenia\/","name":"Arte en el parque - Trabajo de campo en Eslovenia - EXPECT_Art","isPartOf":{"@id":"https:\/\/www.expectart.eu\/#website"},"primaryImageOfPage":{"@id":"https:\/\/www.expectart.eu\/es\/arte-en-el-parque-trabajo-de-campo-en-eslovenia\/#primaryimage"},"image":{"@id":"https:\/\/www.expectart.eu\/es\/arte-en-el-parque-trabajo-de-campo-en-eslovenia\/#primaryimage"},"thumbnailUrl":"https:\/\/www.expectart.eu\/wp-content\/uploads\/2025\/06\/506252982_122232300446243865_5682867910472206441_n.jpg","datePublished":"2025-06-26T08:34:01+00:00","dateModified":"2025-06-26T15:10:24+00:00","breadcrumb":{"@id":"https:\/\/www.expectart.eu\/es\/arte-en-el-parque-trabajo-de-campo-en-eslovenia\/#breadcrumb"},"inLanguage":"es","potentialAction":[{"@type":"ReadAction","target":["https:\/\/www.expectart.eu\/es\/arte-en-el-parque-trabajo-de-campo-en-eslovenia\/"]}]},{"@type":"ImageObject","inLanguage":"es","@id":"https:\/\/www.expectart.eu\/es\/arte-en-el-parque-trabajo-de-campo-en-eslovenia\/#primaryimage","url":"https:\/\/www.expectart.eu\/wp-content\/uploads\/2025\/06\/506252982_122232300446243865_5682867910472206441_n.jpg","contentUrl":"https:\/\/www.expectart.eu\/wp-content\/uploads\/2025\/06\/506252982_122232300446243865_5682867910472206441_n.jpg","width":1080,"height":1151},{"@type":"BreadcrumbList","@id":"https:\/\/www.expectart.eu\/es\/arte-en-el-parque-trabajo-de-campo-en-eslovenia\/#breadcrumb","itemListElement":[{"@type":"ListItem","position":1,"name":"Home","item":"https:\/\/www.expectart.eu\/"},{"@type":"ListItem","position":2,"name":"Arte en el parque &#8211; Trabajo de campo en Eslovenia"}]},{"@type":"WebSite","@id":"https:\/\/www.expectart.eu\/#website","url":"https:\/\/www.expectart.eu\/","name":"EXPECT_Art","description":"EU Project","publisher":{"@id":"https:\/\/www.expectart.eu\/#organization"},"potentialAction":[{"@type":"SearchAction","target":{"@type":"EntryPoint","urlTemplate":"https:\/\/www.expectart.eu\/?s={search_term_string}"},"query-input":{"@type":"PropertyValueSpecification","valueRequired":true,"valueName":"search_term_string"}}],"inLanguage":"es"},{"@type":"Organization","@id":"https:\/\/www.expectart.eu\/#organization","name":"EXPECT_Art","url":"https:\/\/www.expectart.eu\/","logo":{"@type":"ImageObject","inLanguage":"es","@id":"https:\/\/www.expectart.eu\/#\/schema\/logo\/image\/","url":"https:\/\/www.expectart.eu\/wp-content\/uploads\/2024\/04\/cropped-logo-rgb_without-text-02.png","contentUrl":"https:\/\/www.expectart.eu\/wp-content\/uploads\/2024\/04\/cropped-logo-rgb_without-text-02.png","width":679,"height":139,"caption":"EXPECT_Art"},"image":{"@id":"https:\/\/www.expectart.eu\/#\/schema\/logo\/image\/"},"sameAs":["https:\/\/www.facebook.com\/EXPECTArtEU","https:\/\/www.instagram.com\/expect_art_eu\/"]},{"@type":"Person","@id":"https:\/\/www.expectart.eu\/#\/schema\/person\/23bfb96483707b6f7e7622a7f8db2f16","name":"Xavier Gir\u00f3 Gr\u00e0cia","image":{"@type":"ImageObject","inLanguage":"es","@id":"https:\/\/secure.gravatar.com\/avatar\/c16e792998dd5d96a7dd7c52600523e1dab5f4b9696f5b9505b968d08e9fa42f?s=96&d=mm&r=g","url":"https:\/\/secure.gravatar.com\/avatar\/c16e792998dd5d96a7dd7c52600523e1dab5f4b9696f5b9505b968d08e9fa42f?s=96&d=mm&r=g","contentUrl":"https:\/\/secure.gravatar.com\/avatar\/c16e792998dd5d96a7dd7c52600523e1dab5f4b9696f5b9505b968d08e9fa42f?s=96&d=mm&r=g","caption":"Xavier Gir\u00f3 Gr\u00e0cia"},"url":"https:\/\/www.expectart.eu\/es\/author\/xavier\/"}]}},"_links":{"self":[{"href":"https:\/\/www.expectart.eu\/es\/wp-json\/wp\/v2\/posts\/5594","targetHints":{"allow":["GET"]}}],"collection":[{"href":"https:\/\/www.expectart.eu\/es\/wp-json\/wp\/v2\/posts"}],"about":[{"href":"https:\/\/www.expectart.eu\/es\/wp-json\/wp\/v2\/types\/post"}],"author":[{"embeddable":true,"href":"https:\/\/www.expectart.eu\/es\/wp-json\/wp\/v2\/users\/6"}],"replies":[{"embeddable":true,"href":"https:\/\/www.expectart.eu\/es\/wp-json\/wp\/v2\/comments?post=5594"}],"version-history":[{"count":1,"href":"https:\/\/www.expectart.eu\/es\/wp-json\/wp\/v2\/posts\/5594\/revisions"}],"predecessor-version":[{"id":5596,"href":"https:\/\/www.expectart.eu\/es\/wp-json\/wp\/v2\/posts\/5594\/revisions\/5596"}],"wp:featuredmedia":[{"embeddable":true,"href":"https:\/\/www.expectart.eu\/es\/wp-json\/wp\/v2\/media\/5580"}],"wp:attachment":[{"href":"https:\/\/www.expectart.eu\/es\/wp-json\/wp\/v2\/media?parent=5594"}],"wp:term":[{"taxonomy":"category","embeddable":true,"href":"https:\/\/www.expectart.eu\/es\/wp-json\/wp\/v2\/categories?post=5594"},{"taxonomy":"post_tag","embeddable":true,"href":"https:\/\/www.expectart.eu\/es\/wp-json\/wp\/v2\/tags?post=5594"}],"curies":[{"name":"wp","href":"https:\/\/api.w.org\/{rel}","templated":true}]}}