{"id":4977,"date":"2025-03-10T13:59:33","date_gmt":"2025-03-10T12:59:33","guid":{"rendered":"https:\/\/www.expectart.eu\/?p=4977"},"modified":"2025-03-11T16:23:47","modified_gmt":"2025-03-11T15:23:47","slug":"expect_art-y-la-pedagogia-de-la-esperanza","status":"publish","type":"post","link":"https:\/\/www.expectart.eu\/es\/expect_art-y-la-pedagogia-de-la-esperanza\/","title":{"rendered":"EXPECT_Art y la Pedagog\u00eda de la Esperanza"},"content":{"rendered":"\n<p>Estamos muy agradecidos de que se nos haya ofrecido la oportunidad de presentar nuestro proyecto en la conferencia anual de la Nordic Educational Research Association. La conferencia se celebr\u00f3 en marzo de 2025 en la Universidad de Helsinki, Finlandia. La conferencia de este a\u00f1o ten\u00eda el t\u00edtulo <em>Pedagog\u00eda de la esperanza: gratitud, diversidad y sostenibilidad en la educaci\u00f3n<\/em> (m\u00e1s informaci\u00f3n sobre la conferencia <a href=\"https:\/\/www.helsinki.fi\/en\/conferences\/nera-conference-2025?fbclid=IwZXh0bgNhZW0CMTAAAR1v1fGVvz1K79DTzLoc9fslbY-9GnkWbyR-gd8M2SiXFVIZNJmIMzGHH9g_aem_8PF9vVIgj4xCQsRXZB_f2w\">aqu\u00ed<\/a>).<\/p>\n\n\n\n<p>En la conferencia, Karoline Lund Nielsen, Livia Lund Ejdesgaard y S\u00f8ren Sindberg Jensen de la Universidad del Sur de Dinamarca presentaron una comunicaci\u00f3n (escrita en colaboraci\u00f3n con Gro Hellesdatter Jacobsen de la Universidad de Aalborg) donde los investigadores ofrecieron reflexiones preliminares sobre incidentes clave del trabajo de campo en las escuelas de Dinamarca.<\/p>\n\n\n\n<p>Gracias a los compa\u00f1eros de todos los pa\u00edses n\u00f3rdicos por los valiosos comentarios y sugerencias.<\/p>\n\n\n\n<p><\/p>\n","protected":false},"excerpt":{"rendered":"<p>Estamos muy agradecidos de que se nos haya ofrecido la oportunidad de presentar nuestro proyecto en la conferencia anual de la Nordic Educational Research Association. La conferencia se celebr\u00f3 en marzo de 2025 en la Universidad de Helsinki, Finlandia. La conferencia de este a\u00f1o ten\u00eda el t\u00edtulo Pedagog\u00eda de la esperanza: gratitud, diversidad y sostenibilidad [&hellip;]<\/p>\n","protected":false},"author":6,"featured_media":4962,"comment_status":"open","ping_status":"open","sticky":false,"template":"","format":"standard","meta":{"site-sidebar-layout":"default","site-content-layout":"","ast-site-content-layout":"default","site-content-style":"default","site-sidebar-style":"default","ast-global-header-display":"","ast-banner-title-visibility":"","ast-main-header-display":"","ast-hfb-above-header-display":"","ast-hfb-below-header-display":"","ast-hfb-mobile-header-display":"","site-post-title":"","ast-breadcrumbs-content":"","ast-featured-img":"","footer-sml-layout":"","ast-disable-related-posts":"","theme-transparent-header-meta":"","adv-header-id-meta":"","stick-header-meta":"","header-above-stick-meta":"","header-main-stick-meta":"","header-below-stick-meta":"","astra-migrate-meta-layouts":"set","ast-page-background-enabled":"default","ast-page-background-meta":{"desktop":{"background-color":"","background-image":"","background-repeat":"repeat","background-position":"center center","background-size":"auto","background-attachment":"scroll","background-type":"","background-media":"","overlay-type":"","overlay-color":"","overlay-opacity":"","overlay-gradient":""},"tablet":{"background-color":"","background-image":"","background-repeat":"repeat","background-position":"center center","background-size":"auto","background-attachment":"scroll","background-type":"","background-media":"","overlay-type":"","overlay-color":"","overlay-opacity":"","overlay-gradient":""},"mobile":{"background-color":"","background-image":"","background-repeat":"repeat","background-position":"center center","background-size":"auto","background-attachment":"scroll","background-type":"","background-media":"","overlay-type":"","overlay-color":"","overlay-opacity":"","overlay-gradient":""}},"ast-content-background-meta":{"desktop":{"background-color":"var(--ast-global-color-5)","background-image":"","background-repeat":"repeat","background-position":"center center","background-size":"auto","background-attachment":"scroll","background-type":"","background-media":"","overlay-type":"","overlay-color":"","overlay-opacity":"","overlay-gradient":""},"tablet":{"background-color":"var(--ast-global-color-5)","background-image":"","background-repeat":"repeat","background-position":"center center","background-size":"auto","background-attachment":"scroll","background-type":"","background-media":"","overlay-type":"","overlay-color":"","overlay-opacity":"","overlay-gradient":""},"mobile":{"background-color":"var(--ast-global-color-5)","background-image":"","background-repeat":"repeat","background-position":"center center","background-size":"auto","background-attachment":"scroll","background-type":"","background-media":"","overlay-type":"","overlay-color":"","overlay-opacity":"","overlay-gradient":""}},"footnotes":""},"categories":[44],"tags":[],"class_list":["post-4977","post","type-post","status-publish","format-standard","has-post-thumbnail","hentry","category-noticias"],"yoast_head":"<!-- This site is optimized with the Yoast SEO plugin v27.2 - https:\/\/yoast.com\/product\/yoast-seo-wordpress\/ -->\n<title>EXPECT_Art y la Pedagog\u00eda de la Esperanza - EXPECT_Art<\/title>\n<meta name=\"robots\" content=\"index, follow, max-snippet:-1, max-image-preview:large, max-video-preview:-1\" \/>\n<link rel=\"canonical\" href=\"https:\/\/www.expectart.eu\/es\/expect_art-y-la-pedagogia-de-la-esperanza\/\" \/>\n<meta property=\"og:locale\" content=\"es_ES\" \/>\n<meta property=\"og:type\" content=\"article\" \/>\n<meta property=\"og:title\" content=\"EXPECT_Art y la Pedagog\u00eda de la Esperanza - EXPECT_Art\" \/>\n<meta property=\"og:description\" content=\"Estamos muy agradecidos de que se nos haya ofrecido la oportunidad de presentar nuestro proyecto en la conferencia anual de la Nordic Educational Research Association. La conferencia se celebr\u00f3 en marzo de 2025 en la Universidad de Helsinki, Finlandia. La conferencia de este a\u00f1o ten\u00eda el t\u00edtulo Pedagog\u00eda de la esperanza: gratitud, diversidad y sostenibilidad [&hellip;]\" \/>\n<meta property=\"og:url\" content=\"https:\/\/www.expectart.eu\/es\/expect_art-y-la-pedagogia-de-la-esperanza\/\" \/>\n<meta property=\"og:site_name\" content=\"EXPECT_Art\" \/>\n<meta property=\"article:publisher\" content=\"https:\/\/www.facebook.com\/EXPECTArtEU\" \/>\n<meta property=\"article:published_time\" content=\"2025-03-10T12:59:33+00:00\" \/>\n<meta property=\"article:modified_time\" content=\"2025-03-11T15:23:47+00:00\" \/>\n<meta property=\"og:image\" content=\"https:\/\/www.expectart.eu\/wp-content\/uploads\/2025\/03\/482275424_122208514550243865_5331619400308446967_n_enhanced.png\" \/>\n\t<meta property=\"og:image:width\" content=\"1240\" \/>\n\t<meta property=\"og:image:height\" content=\"1600\" \/>\n\t<meta property=\"og:image:type\" content=\"image\/png\" \/>\n<meta name=\"author\" content=\"Xavier Gir\u00f3 Gr\u00e0cia\" \/>\n<meta name=\"twitter:card\" content=\"summary_large_image\" \/>\n<meta name=\"twitter:label1\" content=\"Escrito por\" \/>\n\t<meta name=\"twitter:data1\" content=\"Xavier Gir\u00f3 Gr\u00e0cia\" \/>\n\t<meta name=\"twitter:label2\" content=\"Tiempo de lectura\" \/>\n\t<meta name=\"twitter:data2\" content=\"1 minuto\" \/>\n<script type=\"application\/ld+json\" class=\"yoast-schema-graph\">{\"@context\":\"https:\/\/schema.org\",\"@graph\":[{\"@type\":\"Article\",\"@id\":\"https:\/\/www.expectart.eu\/es\/expect_art-y-la-pedagogia-de-la-esperanza\/#article\",\"isPartOf\":{\"@id\":\"https:\/\/www.expectart.eu\/es\/expect_art-y-la-pedagogia-de-la-esperanza\/\"},\"author\":{\"name\":\"Xavier Gir\u00f3 Gr\u00e0cia\",\"@id\":\"https:\/\/www.expectart.eu\/#\/schema\/person\/23bfb96483707b6f7e7622a7f8db2f16\"},\"headline\":\"EXPECT_Art y la Pedagog\u00eda de la Esperanza\",\"datePublished\":\"2025-03-10T12:59:33+00:00\",\"dateModified\":\"2025-03-11T15:23:47+00:00\",\"mainEntityOfPage\":{\"@id\":\"https:\/\/www.expectart.eu\/es\/expect_art-y-la-pedagogia-de-la-esperanza\/\"},\"wordCount\":153,\"commentCount\":0,\"publisher\":{\"@id\":\"https:\/\/www.expectart.eu\/#organization\"},\"image\":{\"@id\":\"https:\/\/www.expectart.eu\/es\/expect_art-y-la-pedagogia-de-la-esperanza\/#primaryimage\"},\"thumbnailUrl\":\"https:\/\/www.expectart.eu\/wp-content\/uploads\/2025\/03\/482275424_122208514550243865_5331619400308446967_n_enhanced.png\",\"articleSection\":[\"noticias\"],\"inLanguage\":\"es\",\"potentialAction\":[{\"@type\":\"CommentAction\",\"name\":\"Comment\",\"target\":[\"https:\/\/www.expectart.eu\/es\/expect_art-y-la-pedagogia-de-la-esperanza\/#respond\"]}]},{\"@type\":\"WebPage\",\"@id\":\"https:\/\/www.expectart.eu\/es\/expect_art-y-la-pedagogia-de-la-esperanza\/\",\"url\":\"https:\/\/www.expectart.eu\/es\/expect_art-y-la-pedagogia-de-la-esperanza\/\",\"name\":\"EXPECT_Art y la Pedagog\u00eda de la Esperanza - EXPECT_Art\",\"isPartOf\":{\"@id\":\"https:\/\/www.expectart.eu\/#website\"},\"primaryImageOfPage\":{\"@id\":\"https:\/\/www.expectart.eu\/es\/expect_art-y-la-pedagogia-de-la-esperanza\/#primaryimage\"},\"image\":{\"@id\":\"https:\/\/www.expectart.eu\/es\/expect_art-y-la-pedagogia-de-la-esperanza\/#primaryimage\"},\"thumbnailUrl\":\"https:\/\/www.expectart.eu\/wp-content\/uploads\/2025\/03\/482275424_122208514550243865_5331619400308446967_n_enhanced.png\",\"datePublished\":\"2025-03-10T12:59:33+00:00\",\"dateModified\":\"2025-03-11T15:23:47+00:00\",\"breadcrumb\":{\"@id\":\"https:\/\/www.expectart.eu\/es\/expect_art-y-la-pedagogia-de-la-esperanza\/#breadcrumb\"},\"inLanguage\":\"es\",\"potentialAction\":[{\"@type\":\"ReadAction\",\"target\":[\"https:\/\/www.expectart.eu\/es\/expect_art-y-la-pedagogia-de-la-esperanza\/\"]}]},{\"@type\":\"ImageObject\",\"inLanguage\":\"es\",\"@id\":\"https:\/\/www.expectart.eu\/es\/expect_art-y-la-pedagogia-de-la-esperanza\/#primaryimage\",\"url\":\"https:\/\/www.expectart.eu\/wp-content\/uploads\/2025\/03\/482275424_122208514550243865_5331619400308446967_n_enhanced.png\",\"contentUrl\":\"https:\/\/www.expectart.eu\/wp-content\/uploads\/2025\/03\/482275424_122208514550243865_5331619400308446967_n_enhanced.png\",\"width\":1240,\"height\":1600},{\"@type\":\"BreadcrumbList\",\"@id\":\"https:\/\/www.expectart.eu\/es\/expect_art-y-la-pedagogia-de-la-esperanza\/#breadcrumb\",\"itemListElement\":[{\"@type\":\"ListItem\",\"position\":1,\"name\":\"Home\",\"item\":\"https:\/\/www.expectart.eu\/\"},{\"@type\":\"ListItem\",\"position\":2,\"name\":\"EXPECT_Art y la Pedagog\u00eda de la Esperanza\"}]},{\"@type\":\"WebSite\",\"@id\":\"https:\/\/www.expectart.eu\/#website\",\"url\":\"https:\/\/www.expectart.eu\/\",\"name\":\"EXPECT_Art\",\"description\":\"EU Project\",\"publisher\":{\"@id\":\"https:\/\/www.expectart.eu\/#organization\"},\"potentialAction\":[{\"@type\":\"SearchAction\",\"target\":{\"@type\":\"EntryPoint\",\"urlTemplate\":\"https:\/\/www.expectart.eu\/?s={search_term_string}\"},\"query-input\":{\"@type\":\"PropertyValueSpecification\",\"valueRequired\":true,\"valueName\":\"search_term_string\"}}],\"inLanguage\":\"es\"},{\"@type\":\"Organization\",\"@id\":\"https:\/\/www.expectart.eu\/#organization\",\"name\":\"EXPECT_Art\",\"url\":\"https:\/\/www.expectart.eu\/\",\"logo\":{\"@type\":\"ImageObject\",\"inLanguage\":\"es\",\"@id\":\"https:\/\/www.expectart.eu\/#\/schema\/logo\/image\/\",\"url\":\"https:\/\/www.expectart.eu\/wp-content\/uploads\/2024\/04\/cropped-logo-rgb_without-text-02.png\",\"contentUrl\":\"https:\/\/www.expectart.eu\/wp-content\/uploads\/2024\/04\/cropped-logo-rgb_without-text-02.png\",\"width\":679,\"height\":139,\"caption\":\"EXPECT_Art\"},\"image\":{\"@id\":\"https:\/\/www.expectart.eu\/#\/schema\/logo\/image\/\"},\"sameAs\":[\"https:\/\/www.facebook.com\/EXPECTArtEU\",\"https:\/\/www.instagram.com\/expect_art_eu\/\"]},{\"@type\":\"Person\",\"@id\":\"https:\/\/www.expectart.eu\/#\/schema\/person\/23bfb96483707b6f7e7622a7f8db2f16\",\"name\":\"Xavier Gir\u00f3 Gr\u00e0cia\",\"image\":{\"@type\":\"ImageObject\",\"inLanguage\":\"es\",\"@id\":\"https:\/\/secure.gravatar.com\/avatar\/c16e792998dd5d96a7dd7c52600523e1dab5f4b9696f5b9505b968d08e9fa42f?s=96&d=mm&r=g\",\"url\":\"https:\/\/secure.gravatar.com\/avatar\/c16e792998dd5d96a7dd7c52600523e1dab5f4b9696f5b9505b968d08e9fa42f?s=96&d=mm&r=g\",\"contentUrl\":\"https:\/\/secure.gravatar.com\/avatar\/c16e792998dd5d96a7dd7c52600523e1dab5f4b9696f5b9505b968d08e9fa42f?s=96&d=mm&r=g\",\"caption\":\"Xavier Gir\u00f3 Gr\u00e0cia\"},\"url\":\"https:\/\/www.expectart.eu\/es\/author\/xavier\/\"}]}<\/script>\n<!-- \/ Yoast SEO plugin. -->","yoast_head_json":{"title":"EXPECT_Art y la Pedagog\u00eda de la Esperanza - EXPECT_Art","robots":{"index":"index","follow":"follow","max-snippet":"max-snippet:-1","max-image-preview":"max-image-preview:large","max-video-preview":"max-video-preview:-1"},"canonical":"https:\/\/www.expectart.eu\/es\/expect_art-y-la-pedagogia-de-la-esperanza\/","og_locale":"es_ES","og_type":"article","og_title":"EXPECT_Art y la Pedagog\u00eda de la Esperanza - EXPECT_Art","og_description":"Estamos muy agradecidos de que se nos haya ofrecido la oportunidad de presentar nuestro proyecto en la conferencia anual de la Nordic Educational Research Association. La conferencia se celebr\u00f3 en marzo de 2025 en la Universidad de Helsinki, Finlandia. La conferencia de este a\u00f1o ten\u00eda el t\u00edtulo Pedagog\u00eda de la esperanza: gratitud, diversidad y sostenibilidad [&hellip;]","og_url":"https:\/\/www.expectart.eu\/es\/expect_art-y-la-pedagogia-de-la-esperanza\/","og_site_name":"EXPECT_Art","article_publisher":"https:\/\/www.facebook.com\/EXPECTArtEU","article_published_time":"2025-03-10T12:59:33+00:00","article_modified_time":"2025-03-11T15:23:47+00:00","og_image":[{"width":1240,"height":1600,"url":"https:\/\/www.expectart.eu\/wp-content\/uploads\/2025\/03\/482275424_122208514550243865_5331619400308446967_n_enhanced.png","type":"image\/png"}],"author":"Xavier Gir\u00f3 Gr\u00e0cia","twitter_card":"summary_large_image","twitter_misc":{"Escrito por":"Xavier Gir\u00f3 Gr\u00e0cia","Tiempo de lectura":"1 minuto"},"schema":{"@context":"https:\/\/schema.org","@graph":[{"@type":"Article","@id":"https:\/\/www.expectart.eu\/es\/expect_art-y-la-pedagogia-de-la-esperanza\/#article","isPartOf":{"@id":"https:\/\/www.expectart.eu\/es\/expect_art-y-la-pedagogia-de-la-esperanza\/"},"author":{"name":"Xavier Gir\u00f3 Gr\u00e0cia","@id":"https:\/\/www.expectart.eu\/#\/schema\/person\/23bfb96483707b6f7e7622a7f8db2f16"},"headline":"EXPECT_Art y la Pedagog\u00eda de la Esperanza","datePublished":"2025-03-10T12:59:33+00:00","dateModified":"2025-03-11T15:23:47+00:00","mainEntityOfPage":{"@id":"https:\/\/www.expectart.eu\/es\/expect_art-y-la-pedagogia-de-la-esperanza\/"},"wordCount":153,"commentCount":0,"publisher":{"@id":"https:\/\/www.expectart.eu\/#organization"},"image":{"@id":"https:\/\/www.expectart.eu\/es\/expect_art-y-la-pedagogia-de-la-esperanza\/#primaryimage"},"thumbnailUrl":"https:\/\/www.expectart.eu\/wp-content\/uploads\/2025\/03\/482275424_122208514550243865_5331619400308446967_n_enhanced.png","articleSection":["noticias"],"inLanguage":"es","potentialAction":[{"@type":"CommentAction","name":"Comment","target":["https:\/\/www.expectart.eu\/es\/expect_art-y-la-pedagogia-de-la-esperanza\/#respond"]}]},{"@type":"WebPage","@id":"https:\/\/www.expectart.eu\/es\/expect_art-y-la-pedagogia-de-la-esperanza\/","url":"https:\/\/www.expectart.eu\/es\/expect_art-y-la-pedagogia-de-la-esperanza\/","name":"EXPECT_Art y la Pedagog\u00eda de la Esperanza - EXPECT_Art","isPartOf":{"@id":"https:\/\/www.expectart.eu\/#website"},"primaryImageOfPage":{"@id":"https:\/\/www.expectart.eu\/es\/expect_art-y-la-pedagogia-de-la-esperanza\/#primaryimage"},"image":{"@id":"https:\/\/www.expectart.eu\/es\/expect_art-y-la-pedagogia-de-la-esperanza\/#primaryimage"},"thumbnailUrl":"https:\/\/www.expectart.eu\/wp-content\/uploads\/2025\/03\/482275424_122208514550243865_5331619400308446967_n_enhanced.png","datePublished":"2025-03-10T12:59:33+00:00","dateModified":"2025-03-11T15:23:47+00:00","breadcrumb":{"@id":"https:\/\/www.expectart.eu\/es\/expect_art-y-la-pedagogia-de-la-esperanza\/#breadcrumb"},"inLanguage":"es","potentialAction":[{"@type":"ReadAction","target":["https:\/\/www.expectart.eu\/es\/expect_art-y-la-pedagogia-de-la-esperanza\/"]}]},{"@type":"ImageObject","inLanguage":"es","@id":"https:\/\/www.expectart.eu\/es\/expect_art-y-la-pedagogia-de-la-esperanza\/#primaryimage","url":"https:\/\/www.expectart.eu\/wp-content\/uploads\/2025\/03\/482275424_122208514550243865_5331619400308446967_n_enhanced.png","contentUrl":"https:\/\/www.expectart.eu\/wp-content\/uploads\/2025\/03\/482275424_122208514550243865_5331619400308446967_n_enhanced.png","width":1240,"height":1600},{"@type":"BreadcrumbList","@id":"https:\/\/www.expectart.eu\/es\/expect_art-y-la-pedagogia-de-la-esperanza\/#breadcrumb","itemListElement":[{"@type":"ListItem","position":1,"name":"Home","item":"https:\/\/www.expectart.eu\/"},{"@type":"ListItem","position":2,"name":"EXPECT_Art y la Pedagog\u00eda de la Esperanza"}]},{"@type":"WebSite","@id":"https:\/\/www.expectart.eu\/#website","url":"https:\/\/www.expectart.eu\/","name":"EXPECT_Art","description":"EU Project","publisher":{"@id":"https:\/\/www.expectart.eu\/#organization"},"potentialAction":[{"@type":"SearchAction","target":{"@type":"EntryPoint","urlTemplate":"https:\/\/www.expectart.eu\/?s={search_term_string}"},"query-input":{"@type":"PropertyValueSpecification","valueRequired":true,"valueName":"search_term_string"}}],"inLanguage":"es"},{"@type":"Organization","@id":"https:\/\/www.expectart.eu\/#organization","name":"EXPECT_Art","url":"https:\/\/www.expectart.eu\/","logo":{"@type":"ImageObject","inLanguage":"es","@id":"https:\/\/www.expectart.eu\/#\/schema\/logo\/image\/","url":"https:\/\/www.expectart.eu\/wp-content\/uploads\/2024\/04\/cropped-logo-rgb_without-text-02.png","contentUrl":"https:\/\/www.expectart.eu\/wp-content\/uploads\/2024\/04\/cropped-logo-rgb_without-text-02.png","width":679,"height":139,"caption":"EXPECT_Art"},"image":{"@id":"https:\/\/www.expectart.eu\/#\/schema\/logo\/image\/"},"sameAs":["https:\/\/www.facebook.com\/EXPECTArtEU","https:\/\/www.instagram.com\/expect_art_eu\/"]},{"@type":"Person","@id":"https:\/\/www.expectart.eu\/#\/schema\/person\/23bfb96483707b6f7e7622a7f8db2f16","name":"Xavier Gir\u00f3 Gr\u00e0cia","image":{"@type":"ImageObject","inLanguage":"es","@id":"https:\/\/secure.gravatar.com\/avatar\/c16e792998dd5d96a7dd7c52600523e1dab5f4b9696f5b9505b968d08e9fa42f?s=96&d=mm&r=g","url":"https:\/\/secure.gravatar.com\/avatar\/c16e792998dd5d96a7dd7c52600523e1dab5f4b9696f5b9505b968d08e9fa42f?s=96&d=mm&r=g","contentUrl":"https:\/\/secure.gravatar.com\/avatar\/c16e792998dd5d96a7dd7c52600523e1dab5f4b9696f5b9505b968d08e9fa42f?s=96&d=mm&r=g","caption":"Xavier Gir\u00f3 Gr\u00e0cia"},"url":"https:\/\/www.expectart.eu\/es\/author\/xavier\/"}]}},"_links":{"self":[{"href":"https:\/\/www.expectart.eu\/es\/wp-json\/wp\/v2\/posts\/4977","targetHints":{"allow":["GET"]}}],"collection":[{"href":"https:\/\/www.expectart.eu\/es\/wp-json\/wp\/v2\/posts"}],"about":[{"href":"https:\/\/www.expectart.eu\/es\/wp-json\/wp\/v2\/types\/post"}],"author":[{"embeddable":true,"href":"https:\/\/www.expectart.eu\/es\/wp-json\/wp\/v2\/users\/6"}],"replies":[{"embeddable":true,"href":"https:\/\/www.expectart.eu\/es\/wp-json\/wp\/v2\/comments?post=4977"}],"version-history":[{"count":1,"href":"https:\/\/www.expectart.eu\/es\/wp-json\/wp\/v2\/posts\/4977\/revisions"}],"predecessor-version":[{"id":4980,"href":"https:\/\/www.expectart.eu\/es\/wp-json\/wp\/v2\/posts\/4977\/revisions\/4980"}],"wp:featuredmedia":[{"embeddable":true,"href":"https:\/\/www.expectart.eu\/es\/wp-json\/wp\/v2\/media\/4962"}],"wp:attachment":[{"href":"https:\/\/www.expectart.eu\/es\/wp-json\/wp\/v2\/media?parent=4977"}],"wp:term":[{"taxonomy":"category","embeddable":true,"href":"https:\/\/www.expectart.eu\/es\/wp-json\/wp\/v2\/categories?post=4977"},{"taxonomy":"post_tag","embeddable":true,"href":"https:\/\/www.expectart.eu\/es\/wp-json\/wp\/v2\/tags?post=4977"}],"curies":[{"name":"wp","href":"https:\/\/api.w.org\/{rel}","templated":true}]}}