{"id":4715,"date":"2025-02-10T09:56:40","date_gmt":"2025-02-10T08:56:40","guid":{"rendered":"https:\/\/www.expectart.eu\/?p=4715"},"modified":"2025-02-10T11:43:49","modified_gmt":"2025-02-10T10:43:49","slug":"convocatoria-de-comunicaciones-community-based-research-decolonial-theory-and-education-challenges-and-opportunites","status":"publish","type":"post","link":"https:\/\/www.expectart.eu\/es\/convocatoria-de-comunicaciones-community-based-research-decolonial-theory-and-education-challenges-and-opportunites\/","title":{"rendered":"Convocatoria de comunicaciones: Community-Based Research, Decolonial Theory and Education &#8211; Challenges and Opportunites"},"content":{"rendered":"\n<p class=\"wp-block-paragraph\">En la teor\u00eda decolonial, la colonialidad se considera un proceso hist\u00f3rico que (re)aparece continuamente en mentalidades, instituciones y pr\u00e1cticas, mientras que la investigaci\u00f3n basada en la comunidad pretende resolver problemas definidos por la comunidad mediante colaboraciones entre investigadores y comunidades o grupos. Tanto la investigaci\u00f3n decolonial como la basada en la comunidad est\u00e1n atentas a las cuestiones relacionadas con la posicionalidad y el poder, y piden un alto grado de (meta)reflexividad que pueda dar cabida a las complejas implicaciones te\u00f3ricas, metodol\u00f3gicas y \u00e9ticas de la investigaci\u00f3n participativa.<\/p>\n\n\n\n<p class=\"wp-block-paragraph\">El congreso invita a presentar comunicaciones sobre perspectivas metodol\u00f3gicas y\/o te\u00f3ricas dentro de los campos de la decolonalidad y la investigaci\u00f3n basada en la comunidad, relacionadas con la educaci\u00f3n. En particular, ser\u00e1n bienvenidas las aportaciones que examinen las potencialidades y los retos de las perspectivas utilizadas en proyectos de investigaci\u00f3n terminados o en curso.<\/p>\n\n\n\n<p class=\"wp-block-paragraph\"><strong>La conferencia se celebrar\u00e1 en Budapest en las instalaciones del Centro de Ciencias Sociales HUN-REN del 4 al 5 de junio de 2025.<\/strong><\/p>\n\n\n\n<p class=\"wp-block-paragraph\">La fecha l\u00edmite para enviar res\u00famenes es <strong>7 de marzo de 2025.<\/strong><\/p>\n\n\n\n<p class=\"wp-block-paragraph\">Las propuestas deben entregarse <a href=\"https:\/\/event.sdu.dk\/expectart2025\/conference\">a trav\u00e9s del sitio web de la conferencia<\/a>. Las propuestas de comunicaci\u00f3n deben escribirse (y presentarse) en ingl\u00e9s. De acuerdo con la perspectiva decolonial y comunitaria, la conferencia est\u00e1 abierta a una variedad de perspectivas y formatos de sesiones, por ejemplo:\u00a0<strong>presentaciones de comunicaciones,\u00a0talleres metodol\u00f3gicos,\u00a0mesas de discusi\u00f3n,\u00a0presentaciones de p\u00f3sters<\/strong>\u00a0y otros formatos.<\/p>\n\n\n\n<p class=\"wp-block-paragraph\">Contacto para la conferencia:\u00a0<a href=\"mailto:expect_art@sdu.dk\">expect_art@sdu.dk<\/a><\/p>\n\n\n\n<p class=\"wp-block-paragraph\"><\/p>\n\n\n\n<p class=\"wp-block-paragraph\"><\/p>\n","protected":false},"excerpt":{"rendered":"<p>En la teor\u00eda decolonial, la colonialidad se considera un proceso hist\u00f3rico que (re)aparece continuamente en mentalidades, instituciones y pr\u00e1cticas, mientras que la investigaci\u00f3n basada en la comunidad pretende resolver problemas definidos por la comunidad mediante colaboraciones entre investigadores y comunidades o grupos. Tanto la investigaci\u00f3n decolonial como la basada en la comunidad est\u00e1n atentas a [&hellip;]<\/p>\n","protected":false},"author":6,"featured_media":2425,"comment_status":"open","ping_status":"open","sticky":false,"template":"","format":"standard","meta":{"site-sidebar-layout":"default","site-content-layout":"","ast-site-content-layout":"default","site-content-style":"default","site-sidebar-style":"default","ast-global-header-display":"","ast-banner-title-visibility":"","ast-main-header-display":"","ast-hfb-above-header-display":"","ast-hfb-below-header-display":"","ast-hfb-mobile-header-display":"","site-post-title":"","ast-breadcrumbs-content":"","ast-featured-img":"","footer-sml-layout":"","ast-disable-related-posts":"","theme-transparent-header-meta":"","adv-header-id-meta":"","stick-header-meta":"","header-above-stick-meta":"","header-main-stick-meta":"","header-below-stick-meta":"","astra-migrate-meta-layouts":"set","ast-page-background-enabled":"default","ast-page-background-meta":{"desktop":{"background-color":"","background-image":"","background-repeat":"repeat","background-position":"center center","background-size":"auto","background-attachment":"scroll","background-type":"","background-media":"","overlay-type":"","overlay-color":"","overlay-opacity":"","overlay-gradient":""},"tablet":{"background-color":"","background-image":"","background-repeat":"repeat","background-position":"center center","background-size":"auto","background-attachment":"scroll","background-type":"","background-media":"","overlay-type":"","overlay-color":"","overlay-opacity":"","overlay-gradient":""},"mobile":{"background-color":"","background-image":"","background-repeat":"repeat","background-position":"center center","background-size":"auto","background-attachment":"scroll","background-type":"","background-media":"","overlay-type":"","overlay-color":"","overlay-opacity":"","overlay-gradient":""}},"ast-content-background-meta":{"desktop":{"background-color":"var(--ast-global-color-5)","background-image":"","background-repeat":"repeat","background-position":"center center","background-size":"auto","background-attachment":"scroll","background-type":"","background-media":"","overlay-type":"","overlay-color":"","overlay-opacity":"","overlay-gradient":""},"tablet":{"background-color":"var(--ast-global-color-5)","background-image":"","background-repeat":"repeat","background-position":"center center","background-size":"auto","background-attachment":"scroll","background-type":"","background-media":"","overlay-type":"","overlay-color":"","overlay-opacity":"","overlay-gradient":""},"mobile":{"background-color":"var(--ast-global-color-5)","background-image":"","background-repeat":"repeat","background-position":"center center","background-size":"auto","background-attachment":"scroll","background-type":"","background-media":"","overlay-type":"","overlay-color":"","overlay-opacity":"","overlay-gradient":""}},"footnotes":""},"categories":[44,6],"tags":[],"class_list":["post-4715","post","type-post","status-publish","format-standard","has-post-thumbnail","hentry","category-noticias","category-sin-categorizar"],"yoast_head":"<!-- This site is optimized with the Yoast SEO plugin v28.1 - https:\/\/yoast.com\/product\/yoast-seo-wordpress\/ -->\n<title>Convocatoria de comunicaciones: Community-Based Research, Decolonial Theory and Education - Challenges and Opportunites - EXPECT_Art<\/title>\n<meta name=\"description\" content=\"El congreso invita a presentar comunicaciones sobre perspectivas metodol\u00f3gicas y\/o te\u00f3ricas dentro de los campos de la decolonalidad y la investigaci\u00f3n basada en la comunidad, relacionadas con la educaci\u00f3n.\" \/>\n<meta name=\"robots\" content=\"index, follow, max-snippet:-1, max-image-preview:large, max-video-preview:-1\" \/>\n<link rel=\"canonical\" href=\"https:\/\/www.expectart.eu\/es\/convocatoria-de-comunicaciones-community-based-research-decolonial-theory-and-education-challenges-and-opportunites\/\" \/>\n<meta property=\"og:locale\" content=\"es_ES\" \/>\n<meta property=\"og:type\" content=\"article\" \/>\n<meta property=\"og:title\" content=\"Convocatoria de comunicaciones: Community-Based Research, Decolonial Theory and Education - Challenges and Opportunites - EXPECT_Art\" \/>\n<meta property=\"og:description\" content=\"El congreso invita a presentar comunicaciones sobre perspectivas metodol\u00f3gicas y\/o te\u00f3ricas dentro de los campos de la decolonalidad y la investigaci\u00f3n basada en la comunidad, relacionadas con la educaci\u00f3n.\" \/>\n<meta property=\"og:url\" content=\"https:\/\/www.expectart.eu\/es\/convocatoria-de-comunicaciones-community-based-research-decolonial-theory-and-education-challenges-and-opportunites\/\" \/>\n<meta property=\"og:site_name\" content=\"EXPECT_Art\" \/>\n<meta property=\"article:publisher\" content=\"https:\/\/www.facebook.com\/EXPECTArtEU\" \/>\n<meta property=\"article:published_time\" content=\"2025-02-10T08:56:40+00:00\" \/>\n<meta property=\"article:modified_time\" content=\"2025-02-10T10:43:49+00:00\" \/>\n<meta property=\"og:image\" content=\"https:\/\/www.expectart.eu\/wp-content\/uploads\/2024\/04\/yunus-tug-5yHHtrUqLnU-unsplash.jpg\" \/>\n\t<meta property=\"og:image:width\" content=\"1920\" \/>\n\t<meta property=\"og:image:height\" content=\"1280\" \/>\n\t<meta property=\"og:image:type\" content=\"image\/jpeg\" \/>\n<meta name=\"author\" content=\"Xavier Gir\u00f3 Gr\u00e0cia\" \/>\n<meta name=\"twitter:card\" content=\"summary_large_image\" \/>\n<meta name=\"twitter:label1\" content=\"Escrito por\" \/>\n\t<meta name=\"twitter:data1\" content=\"Xavier Gir\u00f3 Gr\u00e0cia\" \/>\n\t<meta name=\"twitter:label2\" content=\"Tiempo de lectura\" \/>\n\t<meta name=\"twitter:data2\" content=\"2 minutos\" \/>\n<script type=\"application\/ld+json\" class=\"yoast-schema-graph\">{\"@context\":\"https:\\\/\\\/schema.org\",\"@graph\":[{\"@type\":\"Article\",\"@id\":\"https:\\\/\\\/www.expectart.eu\\\/es\\\/convocatoria-de-comunicaciones-community-based-research-decolonial-theory-and-education-challenges-and-opportunites\\\/#article\",\"isPartOf\":{\"@id\":\"https:\\\/\\\/www.expectart.eu\\\/es\\\/convocatoria-de-comunicaciones-community-based-research-decolonial-theory-and-education-challenges-and-opportunites\\\/\"},\"author\":{\"name\":\"Xavier Gir\u00f3 Gr\u00e0cia\",\"@id\":\"https:\\\/\\\/www.expectart.eu\\\/#\\\/schema\\\/person\\\/23bfb96483707b6f7e7622a7f8db2f16\"},\"headline\":\"Convocatoria de comunicaciones: Community-Based Research, Decolonial Theory and Education &#8211; Challenges and Opportunites\",\"datePublished\":\"2025-02-10T08:56:40+00:00\",\"dateModified\":\"2025-02-10T10:43:49+00:00\",\"mainEntityOfPage\":{\"@id\":\"https:\\\/\\\/www.expectart.eu\\\/es\\\/convocatoria-de-comunicaciones-community-based-research-decolonial-theory-and-education-challenges-and-opportunites\\\/\"},\"wordCount\":277,\"commentCount\":0,\"publisher\":{\"@id\":\"https:\\\/\\\/www.expectart.eu\\\/#organization\"},\"image\":{\"@id\":\"https:\\\/\\\/www.expectart.eu\\\/es\\\/convocatoria-de-comunicaciones-community-based-research-decolonial-theory-and-education-challenges-and-opportunites\\\/#primaryimage\"},\"thumbnailUrl\":\"https:\\\/\\\/www.expectart.eu\\\/wp-content\\\/uploads\\\/2024\\\/04\\\/yunus-tug-5yHHtrUqLnU-unsplash.jpg\",\"articleSection\":[\"noticias\",\"Sin categorizar\"],\"inLanguage\":\"es\",\"potentialAction\":[{\"@type\":\"CommentAction\",\"name\":\"Comment\",\"target\":[\"https:\\\/\\\/www.expectart.eu\\\/es\\\/convocatoria-de-comunicaciones-community-based-research-decolonial-theory-and-education-challenges-and-opportunites\\\/#respond\"]}]},{\"@type\":\"WebPage\",\"@id\":\"https:\\\/\\\/www.expectart.eu\\\/es\\\/convocatoria-de-comunicaciones-community-based-research-decolonial-theory-and-education-challenges-and-opportunites\\\/\",\"url\":\"https:\\\/\\\/www.expectart.eu\\\/es\\\/convocatoria-de-comunicaciones-community-based-research-decolonial-theory-and-education-challenges-and-opportunites\\\/\",\"name\":\"Convocatoria de comunicaciones: Community-Based Research, Decolonial Theory and Education - Challenges and Opportunites - EXPECT_Art\",\"isPartOf\":{\"@id\":\"https:\\\/\\\/www.expectart.eu\\\/#website\"},\"primaryImageOfPage\":{\"@id\":\"https:\\\/\\\/www.expectart.eu\\\/es\\\/convocatoria-de-comunicaciones-community-based-research-decolonial-theory-and-education-challenges-and-opportunites\\\/#primaryimage\"},\"image\":{\"@id\":\"https:\\\/\\\/www.expectart.eu\\\/es\\\/convocatoria-de-comunicaciones-community-based-research-decolonial-theory-and-education-challenges-and-opportunites\\\/#primaryimage\"},\"thumbnailUrl\":\"https:\\\/\\\/www.expectart.eu\\\/wp-content\\\/uploads\\\/2024\\\/04\\\/yunus-tug-5yHHtrUqLnU-unsplash.jpg\",\"datePublished\":\"2025-02-10T08:56:40+00:00\",\"dateModified\":\"2025-02-10T10:43:49+00:00\",\"description\":\"El congreso invita a presentar comunicaciones sobre perspectivas metodol\u00f3gicas y\\\/o te\u00f3ricas dentro de los campos de la decolonalidad y la investigaci\u00f3n basada en la comunidad, relacionadas con la educaci\u00f3n.\",\"breadcrumb\":{\"@id\":\"https:\\\/\\\/www.expectart.eu\\\/es\\\/convocatoria-de-comunicaciones-community-based-research-decolonial-theory-and-education-challenges-and-opportunites\\\/#breadcrumb\"},\"inLanguage\":\"es\",\"potentialAction\":[{\"@type\":\"ReadAction\",\"target\":[\"https:\\\/\\\/www.expectart.eu\\\/es\\\/convocatoria-de-comunicaciones-community-based-research-decolonial-theory-and-education-challenges-and-opportunites\\\/\"]}]},{\"@type\":\"ImageObject\",\"inLanguage\":\"es\",\"@id\":\"https:\\\/\\\/www.expectart.eu\\\/es\\\/convocatoria-de-comunicaciones-community-based-research-decolonial-theory-and-education-challenges-and-opportunites\\\/#primaryimage\",\"url\":\"https:\\\/\\\/www.expectart.eu\\\/wp-content\\\/uploads\\\/2024\\\/04\\\/yunus-tug-5yHHtrUqLnU-unsplash.jpg\",\"contentUrl\":\"https:\\\/\\\/www.expectart.eu\\\/wp-content\\\/uploads\\\/2024\\\/04\\\/yunus-tug-5yHHtrUqLnU-unsplash.jpg\",\"width\":1920,\"height\":1280,\"caption\":\"yunus-tug-5yHHtrUqLnU-unsplash\"},{\"@type\":\"BreadcrumbList\",\"@id\":\"https:\\\/\\\/www.expectart.eu\\\/es\\\/convocatoria-de-comunicaciones-community-based-research-decolonial-theory-and-education-challenges-and-opportunites\\\/#breadcrumb\",\"itemListElement\":[{\"@type\":\"ListItem\",\"position\":1,\"name\":\"Home\",\"item\":\"https:\\\/\\\/www.expectart.eu\\\/\"},{\"@type\":\"ListItem\",\"position\":2,\"name\":\"Convocatoria de comunicaciones: Community-Based Research, Decolonial Theory and Education &#8211; Challenges and Opportunites\"}]},{\"@type\":\"WebSite\",\"@id\":\"https:\\\/\\\/www.expectart.eu\\\/#website\",\"url\":\"https:\\\/\\\/www.expectart.eu\\\/\",\"name\":\"EXPECT_Art\",\"description\":\"EU Project\",\"publisher\":{\"@id\":\"https:\\\/\\\/www.expectart.eu\\\/#organization\"},\"potentialAction\":[{\"@type\":\"SearchAction\",\"target\":{\"@type\":\"EntryPoint\",\"urlTemplate\":\"https:\\\/\\\/www.expectart.eu\\\/?s={search_term_string}\"},\"query-input\":{\"@type\":\"PropertyValueSpecification\",\"valueRequired\":true,\"valueName\":\"search_term_string\"}}],\"inLanguage\":\"es\"},{\"@type\":\"Organization\",\"@id\":\"https:\\\/\\\/www.expectart.eu\\\/#organization\",\"name\":\"EXPECT_Art\",\"url\":\"https:\\\/\\\/www.expectart.eu\\\/\",\"logo\":{\"@type\":\"ImageObject\",\"inLanguage\":\"es\",\"@id\":\"https:\\\/\\\/www.expectart.eu\\\/#\\\/schema\\\/logo\\\/image\\\/\",\"url\":\"https:\\\/\\\/www.expectart.eu\\\/wp-content\\\/uploads\\\/2024\\\/04\\\/cropped-logo-rgb_without-text-02.png\",\"contentUrl\":\"https:\\\/\\\/www.expectart.eu\\\/wp-content\\\/uploads\\\/2024\\\/04\\\/cropped-logo-rgb_without-text-02.png\",\"width\":679,\"height\":139,\"caption\":\"EXPECT_Art\"},\"image\":{\"@id\":\"https:\\\/\\\/www.expectart.eu\\\/#\\\/schema\\\/logo\\\/image\\\/\"},\"sameAs\":[\"https:\\\/\\\/www.facebook.com\\\/EXPECTArtEU\",\"https:\\\/\\\/www.instagram.com\\\/expect_art_eu\\\/\"]},{\"@type\":\"Person\",\"@id\":\"https:\\\/\\\/www.expectart.eu\\\/#\\\/schema\\\/person\\\/23bfb96483707b6f7e7622a7f8db2f16\",\"name\":\"Xavier Gir\u00f3 Gr\u00e0cia\",\"image\":{\"@type\":\"ImageObject\",\"inLanguage\":\"es\",\"@id\":\"https:\\\/\\\/secure.gravatar.com\\\/avatar\\\/c16e792998dd5d96a7dd7c52600523e1dab5f4b9696f5b9505b968d08e9fa42f?s=96&d=mm&r=g\",\"url\":\"https:\\\/\\\/secure.gravatar.com\\\/avatar\\\/c16e792998dd5d96a7dd7c52600523e1dab5f4b9696f5b9505b968d08e9fa42f?s=96&d=mm&r=g\",\"contentUrl\":\"https:\\\/\\\/secure.gravatar.com\\\/avatar\\\/c16e792998dd5d96a7dd7c52600523e1dab5f4b9696f5b9505b968d08e9fa42f?s=96&d=mm&r=g\",\"caption\":\"Xavier Gir\u00f3 Gr\u00e0cia\"},\"url\":\"https:\\\/\\\/www.expectart.eu\\\/es\\\/author\\\/xavier\\\/\"}]}<\/script>\n<!-- \/ Yoast SEO plugin. -->","yoast_head_json":{"title":"Convocatoria de comunicaciones: Community-Based Research, Decolonial Theory and Education - Challenges and Opportunites - EXPECT_Art","description":"El congreso invita a presentar comunicaciones sobre perspectivas metodol\u00f3gicas y\/o te\u00f3ricas dentro de los campos de la decolonalidad y la investigaci\u00f3n basada en la comunidad, relacionadas con la educaci\u00f3n.","robots":{"index":"index","follow":"follow","max-snippet":"max-snippet:-1","max-image-preview":"max-image-preview:large","max-video-preview":"max-video-preview:-1"},"canonical":"https:\/\/www.expectart.eu\/es\/convocatoria-de-comunicaciones-community-based-research-decolonial-theory-and-education-challenges-and-opportunites\/","og_locale":"es_ES","og_type":"article","og_title":"Convocatoria de comunicaciones: Community-Based Research, Decolonial Theory and Education - Challenges and Opportunites - EXPECT_Art","og_description":"El congreso invita a presentar comunicaciones sobre perspectivas metodol\u00f3gicas y\/o te\u00f3ricas dentro de los campos de la decolonalidad y la investigaci\u00f3n basada en la comunidad, relacionadas con la educaci\u00f3n.","og_url":"https:\/\/www.expectart.eu\/es\/convocatoria-de-comunicaciones-community-based-research-decolonial-theory-and-education-challenges-and-opportunites\/","og_site_name":"EXPECT_Art","article_publisher":"https:\/\/www.facebook.com\/EXPECTArtEU","article_published_time":"2025-02-10T08:56:40+00:00","article_modified_time":"2025-02-10T10:43:49+00:00","og_image":[{"width":1920,"height":1280,"url":"https:\/\/www.expectart.eu\/wp-content\/uploads\/2024\/04\/yunus-tug-5yHHtrUqLnU-unsplash.jpg","type":"image\/jpeg"}],"author":"Xavier Gir\u00f3 Gr\u00e0cia","twitter_card":"summary_large_image","twitter_misc":{"Escrito por":"Xavier Gir\u00f3 Gr\u00e0cia","Tiempo de lectura":"2 minutos"},"schema":{"@context":"https:\/\/schema.org","@graph":[{"@type":"Article","@id":"https:\/\/www.expectart.eu\/es\/convocatoria-de-comunicaciones-community-based-research-decolonial-theory-and-education-challenges-and-opportunites\/#article","isPartOf":{"@id":"https:\/\/www.expectart.eu\/es\/convocatoria-de-comunicaciones-community-based-research-decolonial-theory-and-education-challenges-and-opportunites\/"},"author":{"name":"Xavier Gir\u00f3 Gr\u00e0cia","@id":"https:\/\/www.expectart.eu\/#\/schema\/person\/23bfb96483707b6f7e7622a7f8db2f16"},"headline":"Convocatoria de comunicaciones: Community-Based Research, Decolonial Theory and Education &#8211; Challenges and Opportunites","datePublished":"2025-02-10T08:56:40+00:00","dateModified":"2025-02-10T10:43:49+00:00","mainEntityOfPage":{"@id":"https:\/\/www.expectart.eu\/es\/convocatoria-de-comunicaciones-community-based-research-decolonial-theory-and-education-challenges-and-opportunites\/"},"wordCount":277,"commentCount":0,"publisher":{"@id":"https:\/\/www.expectart.eu\/#organization"},"image":{"@id":"https:\/\/www.expectart.eu\/es\/convocatoria-de-comunicaciones-community-based-research-decolonial-theory-and-education-challenges-and-opportunites\/#primaryimage"},"thumbnailUrl":"https:\/\/www.expectart.eu\/wp-content\/uploads\/2024\/04\/yunus-tug-5yHHtrUqLnU-unsplash.jpg","articleSection":["noticias","Sin categorizar"],"inLanguage":"es","potentialAction":[{"@type":"CommentAction","name":"Comment","target":["https:\/\/www.expectart.eu\/es\/convocatoria-de-comunicaciones-community-based-research-decolonial-theory-and-education-challenges-and-opportunites\/#respond"]}]},{"@type":"WebPage","@id":"https:\/\/www.expectart.eu\/es\/convocatoria-de-comunicaciones-community-based-research-decolonial-theory-and-education-challenges-and-opportunites\/","url":"https:\/\/www.expectart.eu\/es\/convocatoria-de-comunicaciones-community-based-research-decolonial-theory-and-education-challenges-and-opportunites\/","name":"Convocatoria de comunicaciones: Community-Based Research, Decolonial Theory and Education - Challenges and Opportunites - EXPECT_Art","isPartOf":{"@id":"https:\/\/www.expectart.eu\/#website"},"primaryImageOfPage":{"@id":"https:\/\/www.expectart.eu\/es\/convocatoria-de-comunicaciones-community-based-research-decolonial-theory-and-education-challenges-and-opportunites\/#primaryimage"},"image":{"@id":"https:\/\/www.expectart.eu\/es\/convocatoria-de-comunicaciones-community-based-research-decolonial-theory-and-education-challenges-and-opportunites\/#primaryimage"},"thumbnailUrl":"https:\/\/www.expectart.eu\/wp-content\/uploads\/2024\/04\/yunus-tug-5yHHtrUqLnU-unsplash.jpg","datePublished":"2025-02-10T08:56:40+00:00","dateModified":"2025-02-10T10:43:49+00:00","description":"El congreso invita a presentar comunicaciones sobre perspectivas metodol\u00f3gicas y\/o te\u00f3ricas dentro de los campos de la decolonalidad y la investigaci\u00f3n basada en la comunidad, relacionadas con la educaci\u00f3n.","breadcrumb":{"@id":"https:\/\/www.expectart.eu\/es\/convocatoria-de-comunicaciones-community-based-research-decolonial-theory-and-education-challenges-and-opportunites\/#breadcrumb"},"inLanguage":"es","potentialAction":[{"@type":"ReadAction","target":["https:\/\/www.expectart.eu\/es\/convocatoria-de-comunicaciones-community-based-research-decolonial-theory-and-education-challenges-and-opportunites\/"]}]},{"@type":"ImageObject","inLanguage":"es","@id":"https:\/\/www.expectart.eu\/es\/convocatoria-de-comunicaciones-community-based-research-decolonial-theory-and-education-challenges-and-opportunites\/#primaryimage","url":"https:\/\/www.expectart.eu\/wp-content\/uploads\/2024\/04\/yunus-tug-5yHHtrUqLnU-unsplash.jpg","contentUrl":"https:\/\/www.expectart.eu\/wp-content\/uploads\/2024\/04\/yunus-tug-5yHHtrUqLnU-unsplash.jpg","width":1920,"height":1280,"caption":"yunus-tug-5yHHtrUqLnU-unsplash"},{"@type":"BreadcrumbList","@id":"https:\/\/www.expectart.eu\/es\/convocatoria-de-comunicaciones-community-based-research-decolonial-theory-and-education-challenges-and-opportunites\/#breadcrumb","itemListElement":[{"@type":"ListItem","position":1,"name":"Home","item":"https:\/\/www.expectart.eu\/"},{"@type":"ListItem","position":2,"name":"Convocatoria de comunicaciones: Community-Based Research, Decolonial Theory and Education &#8211; Challenges and Opportunites"}]},{"@type":"WebSite","@id":"https:\/\/www.expectart.eu\/#website","url":"https:\/\/www.expectart.eu\/","name":"EXPECT_Art","description":"EU Project","publisher":{"@id":"https:\/\/www.expectart.eu\/#organization"},"potentialAction":[{"@type":"SearchAction","target":{"@type":"EntryPoint","urlTemplate":"https:\/\/www.expectart.eu\/?s={search_term_string}"},"query-input":{"@type":"PropertyValueSpecification","valueRequired":true,"valueName":"search_term_string"}}],"inLanguage":"es"},{"@type":"Organization","@id":"https:\/\/www.expectart.eu\/#organization","name":"EXPECT_Art","url":"https:\/\/www.expectart.eu\/","logo":{"@type":"ImageObject","inLanguage":"es","@id":"https:\/\/www.expectart.eu\/#\/schema\/logo\/image\/","url":"https:\/\/www.expectart.eu\/wp-content\/uploads\/2024\/04\/cropped-logo-rgb_without-text-02.png","contentUrl":"https:\/\/www.expectart.eu\/wp-content\/uploads\/2024\/04\/cropped-logo-rgb_without-text-02.png","width":679,"height":139,"caption":"EXPECT_Art"},"image":{"@id":"https:\/\/www.expectart.eu\/#\/schema\/logo\/image\/"},"sameAs":["https:\/\/www.facebook.com\/EXPECTArtEU","https:\/\/www.instagram.com\/expect_art_eu\/"]},{"@type":"Person","@id":"https:\/\/www.expectart.eu\/#\/schema\/person\/23bfb96483707b6f7e7622a7f8db2f16","name":"Xavier Gir\u00f3 Gr\u00e0cia","image":{"@type":"ImageObject","inLanguage":"es","@id":"https:\/\/secure.gravatar.com\/avatar\/c16e792998dd5d96a7dd7c52600523e1dab5f4b9696f5b9505b968d08e9fa42f?s=96&d=mm&r=g","url":"https:\/\/secure.gravatar.com\/avatar\/c16e792998dd5d96a7dd7c52600523e1dab5f4b9696f5b9505b968d08e9fa42f?s=96&d=mm&r=g","contentUrl":"https:\/\/secure.gravatar.com\/avatar\/c16e792998dd5d96a7dd7c52600523e1dab5f4b9696f5b9505b968d08e9fa42f?s=96&d=mm&r=g","caption":"Xavier Gir\u00f3 Gr\u00e0cia"},"url":"https:\/\/www.expectart.eu\/es\/author\/xavier\/"}]}},"_links":{"self":[{"href":"https:\/\/www.expectart.eu\/es\/wp-json\/wp\/v2\/posts\/4715","targetHints":{"allow":["GET"]}}],"collection":[{"href":"https:\/\/www.expectart.eu\/es\/wp-json\/wp\/v2\/posts"}],"about":[{"href":"https:\/\/www.expectart.eu\/es\/wp-json\/wp\/v2\/types\/post"}],"author":[{"embeddable":true,"href":"https:\/\/www.expectart.eu\/es\/wp-json\/wp\/v2\/users\/6"}],"replies":[{"embeddable":true,"href":"https:\/\/www.expectart.eu\/es\/wp-json\/wp\/v2\/comments?post=4715"}],"version-history":[{"count":1,"href":"https:\/\/www.expectart.eu\/es\/wp-json\/wp\/v2\/posts\/4715\/revisions"}],"predecessor-version":[{"id":4717,"href":"https:\/\/www.expectart.eu\/es\/wp-json\/wp\/v2\/posts\/4715\/revisions\/4717"}],"wp:featuredmedia":[{"embeddable":true,"href":"https:\/\/www.expectart.eu\/es\/wp-json\/wp\/v2\/media\/2425"}],"wp:attachment":[{"href":"https:\/\/www.expectart.eu\/es\/wp-json\/wp\/v2\/media?parent=4715"}],"wp:term":[{"taxonomy":"category","embeddable":true,"href":"https:\/\/www.expectart.eu\/es\/wp-json\/wp\/v2\/categories?post=4715"},{"taxonomy":"post_tag","embeddable":true,"href":"https:\/\/www.expectart.eu\/es\/wp-json\/wp\/v2\/tags?post=4715"}],"curies":[{"name":"wp","href":"https:\/\/api.w.org\/{rel}","templated":true}]}}