{"id":3832,"date":"2024-09-24T16:03:42","date_gmt":"2024-09-24T14:03:42","guid":{"rendered":"https:\/\/www.expectart.eu\/?p=3832"},"modified":"2024-10-11T15:40:43","modified_gmt":"2024-10-11T13:40:43","slug":"creatividad-en-nuestro-equipo-esloveno","status":"publish","type":"post","link":"https:\/\/www.expectart.eu\/es\/creatividad-en-nuestro-equipo-esloveno\/","title":{"rendered":"Creatividad en nuestro equipo esloveno"},"content":{"rendered":"\n<p>Un equipo esloveno de investigadores del Centro de Ciencia e Investigaci\u00f3n de Koper y el socio art\u00edstico Portret celebraron una reuni\u00f3n sobre el trabajo de campo y la colaboraci\u00f3n con ni\u00f1os y su relaci\u00f3n con la alfabetizaci\u00f3n cultural cr\u00edtica. Hablaron sobre las escuelas en las que se realizar\u00e1 el trabajo de campo, las diferentes expresiones art\u00edsticas que incluir\u00e1n en su trabajo y los temas de investigaci\u00f3n relevantes para el proyecto. El trabajo de campo esloveno se realizar\u00e1 en Koper y Maribor y ya estamos esperando con ilusi\u00f3n la primera experiencia de su trabajo de campo.<\/p>\n\n\n\n<div style=\"height:50px\" aria-hidden=\"true\" class=\"wp-block-spacer\"><\/div>\n","protected":false},"excerpt":{"rendered":"<p>Un equipo esloveno de investigadores del Centro de Ciencia e Investigaci\u00f3n de Koper y el socio art\u00edstico Portret celebraron una reuni\u00f3n sobre el trabajo de campo y la colaboraci\u00f3n con ni\u00f1os y su relaci\u00f3n con la alfabetizaci\u00f3n cultural cr\u00edtica. Hablaron sobre las escuelas en las que se realizar\u00e1 el trabajo de campo, las diferentes expresiones [&hellip;]<\/p>\n","protected":false},"author":6,"featured_media":3424,"comment_status":"open","ping_status":"open","sticky":false,"template":"","format":"standard","meta":{"site-sidebar-layout":"default","site-content-layout":"","ast-site-content-layout":"default","site-content-style":"default","site-sidebar-style":"default","ast-global-header-display":"","ast-banner-title-visibility":"","ast-main-header-display":"","ast-hfb-above-header-display":"","ast-hfb-below-header-display":"","ast-hfb-mobile-header-display":"","site-post-title":"","ast-breadcrumbs-content":"","ast-featured-img":"","footer-sml-layout":"","ast-disable-related-posts":"","theme-transparent-header-meta":"","adv-header-id-meta":"","stick-header-meta":"","header-above-stick-meta":"","header-main-stick-meta":"","header-below-stick-meta":"","astra-migrate-meta-layouts":"set","ast-page-background-enabled":"default","ast-page-background-meta":{"desktop":{"background-color":"","background-image":"","background-repeat":"repeat","background-position":"center center","background-size":"auto","background-attachment":"scroll","background-type":"","background-media":"","overlay-type":"","overlay-color":"","overlay-opacity":"","overlay-gradient":""},"tablet":{"background-color":"","background-image":"","background-repeat":"repeat","background-position":"center center","background-size":"auto","background-attachment":"scroll","background-type":"","background-media":"","overlay-type":"","overlay-color":"","overlay-opacity":"","overlay-gradient":""},"mobile":{"background-color":"","background-image":"","background-repeat":"repeat","background-position":"center center","background-size":"auto","background-attachment":"scroll","background-type":"","background-media":"","overlay-type":"","overlay-color":"","overlay-opacity":"","overlay-gradient":""}},"ast-content-background-meta":{"desktop":{"background-color":"var(--ast-global-color-5)","background-image":"","background-repeat":"repeat","background-position":"center center","background-size":"auto","background-attachment":"scroll","background-type":"","background-media":"","overlay-type":"","overlay-color":"","overlay-opacity":"","overlay-gradient":""},"tablet":{"background-color":"var(--ast-global-color-5)","background-image":"","background-repeat":"repeat","background-position":"center center","background-size":"auto","background-attachment":"scroll","background-type":"","background-media":"","overlay-type":"","overlay-color":"","overlay-opacity":"","overlay-gradient":""},"mobile":{"background-color":"var(--ast-global-color-5)","background-image":"","background-repeat":"repeat","background-position":"center center","background-size":"auto","background-attachment":"scroll","background-type":"","background-media":"","overlay-type":"","overlay-color":"","overlay-opacity":"","overlay-gradient":""}},"footnotes":""},"categories":[44],"tags":[],"class_list":["post-3832","post","type-post","status-publish","format-standard","has-post-thumbnail","hentry","category-noticias"],"yoast_head":"<!-- This site is optimized with the Yoast SEO plugin v27.2 - https:\/\/yoast.com\/product\/yoast-seo-wordpress\/ -->\n<title>Creatividad en nuestro equipo esloveno - EXPECT_Art<\/title>\n<meta name=\"description\" content=\"Un equipo esloveno de investigadores del Centro de Ciencia e Investigaci\u00f3n de Koper y el socio art\u00edstico Portret celebraron una reuni\u00f3n sobre el trabajo de campo y la colaboraci\u00f3n con ni\u00f1os y su relaci\u00f3n con la alfabetizaci\u00f3n cultural cr\u00edtica.\" \/>\n<meta name=\"robots\" content=\"index, follow, max-snippet:-1, max-image-preview:large, max-video-preview:-1\" \/>\n<link rel=\"canonical\" href=\"https:\/\/www.expectart.eu\/es\/creatividad-en-nuestro-equipo-esloveno\/\" \/>\n<meta property=\"og:locale\" content=\"es_ES\" \/>\n<meta property=\"og:type\" content=\"article\" \/>\n<meta property=\"og:title\" content=\"Creatividad en nuestro equipo esloveno - EXPECT_Art\" \/>\n<meta property=\"og:description\" content=\"Un equipo esloveno de investigadores del Centro de Ciencia e Investigaci\u00f3n de Koper y el socio art\u00edstico Portret celebraron una reuni\u00f3n sobre el trabajo de campo y la colaboraci\u00f3n con ni\u00f1os y su relaci\u00f3n con la alfabetizaci\u00f3n cultural cr\u00edtica.\" \/>\n<meta property=\"og:url\" content=\"https:\/\/www.expectart.eu\/es\/creatividad-en-nuestro-equipo-esloveno\/\" \/>\n<meta property=\"og:site_name\" content=\"EXPECT_Art\" \/>\n<meta property=\"article:publisher\" content=\"https:\/\/www.facebook.com\/EXPECTArtEU\" \/>\n<meta property=\"article:published_time\" content=\"2024-09-24T14:03:42+00:00\" \/>\n<meta property=\"article:modified_time\" content=\"2024-10-11T13:40:43+00:00\" \/>\n<meta property=\"og:image\" content=\"https:\/\/www.expectart.eu\/wp-content\/uploads\/2024\/09\/4.-novica.jpg\" \/>\n\t<meta property=\"og:image:width\" content=\"1200\" \/>\n\t<meta property=\"og:image:height\" content=\"900\" \/>\n\t<meta property=\"og:image:type\" content=\"image\/jpeg\" \/>\n<meta name=\"author\" content=\"Xavier Gir\u00f3 Gr\u00e0cia\" \/>\n<meta name=\"twitter:card\" content=\"summary_large_image\" \/>\n<meta name=\"twitter:label1\" content=\"Escrito por\" \/>\n\t<meta name=\"twitter:data1\" content=\"Xavier Gir\u00f3 Gr\u00e0cia\" \/>\n\t<meta name=\"twitter:label2\" content=\"Tiempo de lectura\" \/>\n\t<meta name=\"twitter:data2\" content=\"1 minuto\" \/>\n<script type=\"application\/ld+json\" class=\"yoast-schema-graph\">{\"@context\":\"https:\/\/schema.org\",\"@graph\":[{\"@type\":\"Article\",\"@id\":\"https:\/\/www.expectart.eu\/es\/creatividad-en-nuestro-equipo-esloveno\/#article\",\"isPartOf\":{\"@id\":\"https:\/\/www.expectart.eu\/es\/creatividad-en-nuestro-equipo-esloveno\/\"},\"author\":{\"name\":\"Xavier Gir\u00f3 Gr\u00e0cia\",\"@id\":\"https:\/\/www.expectart.eu\/#\/schema\/person\/23bfb96483707b6f7e7622a7f8db2f16\"},\"headline\":\"Creatividad en nuestro equipo esloveno\",\"datePublished\":\"2024-09-24T14:03:42+00:00\",\"dateModified\":\"2024-10-11T13:40:43+00:00\",\"mainEntityOfPage\":{\"@id\":\"https:\/\/www.expectart.eu\/es\/creatividad-en-nuestro-equipo-esloveno\/\"},\"wordCount\":112,\"commentCount\":0,\"publisher\":{\"@id\":\"https:\/\/www.expectart.eu\/#organization\"},\"image\":{\"@id\":\"https:\/\/www.expectart.eu\/es\/creatividad-en-nuestro-equipo-esloveno\/#primaryimage\"},\"thumbnailUrl\":\"https:\/\/www.expectart.eu\/wp-content\/uploads\/2024\/09\/4.-novica.jpg\",\"articleSection\":[\"noticias\"],\"inLanguage\":\"es\",\"potentialAction\":[{\"@type\":\"CommentAction\",\"name\":\"Comment\",\"target\":[\"https:\/\/www.expectart.eu\/es\/creatividad-en-nuestro-equipo-esloveno\/#respond\"]}]},{\"@type\":\"WebPage\",\"@id\":\"https:\/\/www.expectart.eu\/es\/creatividad-en-nuestro-equipo-esloveno\/\",\"url\":\"https:\/\/www.expectart.eu\/es\/creatividad-en-nuestro-equipo-esloveno\/\",\"name\":\"Creatividad en nuestro equipo esloveno - EXPECT_Art\",\"isPartOf\":{\"@id\":\"https:\/\/www.expectart.eu\/#website\"},\"primaryImageOfPage\":{\"@id\":\"https:\/\/www.expectart.eu\/es\/creatividad-en-nuestro-equipo-esloveno\/#primaryimage\"},\"image\":{\"@id\":\"https:\/\/www.expectart.eu\/es\/creatividad-en-nuestro-equipo-esloveno\/#primaryimage\"},\"thumbnailUrl\":\"https:\/\/www.expectart.eu\/wp-content\/uploads\/2024\/09\/4.-novica.jpg\",\"datePublished\":\"2024-09-24T14:03:42+00:00\",\"dateModified\":\"2024-10-11T13:40:43+00:00\",\"description\":\"Un equipo esloveno de investigadores del Centro de Ciencia e Investigaci\u00f3n de Koper y el socio art\u00edstico Portret celebraron una reuni\u00f3n sobre el trabajo de campo y la colaboraci\u00f3n con ni\u00f1os y su relaci\u00f3n con la alfabetizaci\u00f3n cultural cr\u00edtica.\",\"breadcrumb\":{\"@id\":\"https:\/\/www.expectart.eu\/es\/creatividad-en-nuestro-equipo-esloveno\/#breadcrumb\"},\"inLanguage\":\"es\",\"potentialAction\":[{\"@type\":\"ReadAction\",\"target\":[\"https:\/\/www.expectart.eu\/es\/creatividad-en-nuestro-equipo-esloveno\/\"]}]},{\"@type\":\"ImageObject\",\"inLanguage\":\"es\",\"@id\":\"https:\/\/www.expectart.eu\/es\/creatividad-en-nuestro-equipo-esloveno\/#primaryimage\",\"url\":\"https:\/\/www.expectart.eu\/wp-content\/uploads\/2024\/09\/4.-novica.jpg\",\"contentUrl\":\"https:\/\/www.expectart.eu\/wp-content\/uploads\/2024\/09\/4.-novica.jpg\",\"width\":1200,\"height\":900,\"caption\":\"4. novica Expectart\"},{\"@type\":\"BreadcrumbList\",\"@id\":\"https:\/\/www.expectart.eu\/es\/creatividad-en-nuestro-equipo-esloveno\/#breadcrumb\",\"itemListElement\":[{\"@type\":\"ListItem\",\"position\":1,\"name\":\"Home\",\"item\":\"https:\/\/www.expectart.eu\/\"},{\"@type\":\"ListItem\",\"position\":2,\"name\":\"Creatividad en nuestro equipo esloveno\"}]},{\"@type\":\"WebSite\",\"@id\":\"https:\/\/www.expectart.eu\/#website\",\"url\":\"https:\/\/www.expectart.eu\/\",\"name\":\"EXPECT_Art\",\"description\":\"EU Project\",\"publisher\":{\"@id\":\"https:\/\/www.expectart.eu\/#organization\"},\"potentialAction\":[{\"@type\":\"SearchAction\",\"target\":{\"@type\":\"EntryPoint\",\"urlTemplate\":\"https:\/\/www.expectart.eu\/?s={search_term_string}\"},\"query-input\":{\"@type\":\"PropertyValueSpecification\",\"valueRequired\":true,\"valueName\":\"search_term_string\"}}],\"inLanguage\":\"es\"},{\"@type\":\"Organization\",\"@id\":\"https:\/\/www.expectart.eu\/#organization\",\"name\":\"EXPECT_Art\",\"url\":\"https:\/\/www.expectart.eu\/\",\"logo\":{\"@type\":\"ImageObject\",\"inLanguage\":\"es\",\"@id\":\"https:\/\/www.expectart.eu\/#\/schema\/logo\/image\/\",\"url\":\"https:\/\/www.expectart.eu\/wp-content\/uploads\/2024\/04\/cropped-logo-rgb_without-text-02.png\",\"contentUrl\":\"https:\/\/www.expectart.eu\/wp-content\/uploads\/2024\/04\/cropped-logo-rgb_without-text-02.png\",\"width\":679,\"height\":139,\"caption\":\"EXPECT_Art\"},\"image\":{\"@id\":\"https:\/\/www.expectart.eu\/#\/schema\/logo\/image\/\"},\"sameAs\":[\"https:\/\/www.facebook.com\/EXPECTArtEU\",\"https:\/\/www.instagram.com\/expect_art_eu\/\"]},{\"@type\":\"Person\",\"@id\":\"https:\/\/www.expectart.eu\/#\/schema\/person\/23bfb96483707b6f7e7622a7f8db2f16\",\"name\":\"Xavier Gir\u00f3 Gr\u00e0cia\",\"image\":{\"@type\":\"ImageObject\",\"inLanguage\":\"es\",\"@id\":\"https:\/\/secure.gravatar.com\/avatar\/c16e792998dd5d96a7dd7c52600523e1dab5f4b9696f5b9505b968d08e9fa42f?s=96&d=mm&r=g\",\"url\":\"https:\/\/secure.gravatar.com\/avatar\/c16e792998dd5d96a7dd7c52600523e1dab5f4b9696f5b9505b968d08e9fa42f?s=96&d=mm&r=g\",\"contentUrl\":\"https:\/\/secure.gravatar.com\/avatar\/c16e792998dd5d96a7dd7c52600523e1dab5f4b9696f5b9505b968d08e9fa42f?s=96&d=mm&r=g\",\"caption\":\"Xavier Gir\u00f3 Gr\u00e0cia\"},\"url\":\"https:\/\/www.expectart.eu\/es\/author\/xavier\/\"}]}<\/script>\n<!-- \/ Yoast SEO plugin. -->","yoast_head_json":{"title":"Creatividad en nuestro equipo esloveno - EXPECT_Art","description":"Un equipo esloveno de investigadores del Centro de Ciencia e Investigaci\u00f3n de Koper y el socio art\u00edstico Portret celebraron una reuni\u00f3n sobre el trabajo de campo y la colaboraci\u00f3n con ni\u00f1os y su relaci\u00f3n con la alfabetizaci\u00f3n cultural cr\u00edtica.","robots":{"index":"index","follow":"follow","max-snippet":"max-snippet:-1","max-image-preview":"max-image-preview:large","max-video-preview":"max-video-preview:-1"},"canonical":"https:\/\/www.expectart.eu\/es\/creatividad-en-nuestro-equipo-esloveno\/","og_locale":"es_ES","og_type":"article","og_title":"Creatividad en nuestro equipo esloveno - EXPECT_Art","og_description":"Un equipo esloveno de investigadores del Centro de Ciencia e Investigaci\u00f3n de Koper y el socio art\u00edstico Portret celebraron una reuni\u00f3n sobre el trabajo de campo y la colaboraci\u00f3n con ni\u00f1os y su relaci\u00f3n con la alfabetizaci\u00f3n cultural cr\u00edtica.","og_url":"https:\/\/www.expectart.eu\/es\/creatividad-en-nuestro-equipo-esloveno\/","og_site_name":"EXPECT_Art","article_publisher":"https:\/\/www.facebook.com\/EXPECTArtEU","article_published_time":"2024-09-24T14:03:42+00:00","article_modified_time":"2024-10-11T13:40:43+00:00","og_image":[{"width":1200,"height":900,"url":"https:\/\/www.expectart.eu\/wp-content\/uploads\/2024\/09\/4.-novica.jpg","type":"image\/jpeg"}],"author":"Xavier Gir\u00f3 Gr\u00e0cia","twitter_card":"summary_large_image","twitter_misc":{"Escrito por":"Xavier Gir\u00f3 Gr\u00e0cia","Tiempo de lectura":"1 minuto"},"schema":{"@context":"https:\/\/schema.org","@graph":[{"@type":"Article","@id":"https:\/\/www.expectart.eu\/es\/creatividad-en-nuestro-equipo-esloveno\/#article","isPartOf":{"@id":"https:\/\/www.expectart.eu\/es\/creatividad-en-nuestro-equipo-esloveno\/"},"author":{"name":"Xavier Gir\u00f3 Gr\u00e0cia","@id":"https:\/\/www.expectart.eu\/#\/schema\/person\/23bfb96483707b6f7e7622a7f8db2f16"},"headline":"Creatividad en nuestro equipo esloveno","datePublished":"2024-09-24T14:03:42+00:00","dateModified":"2024-10-11T13:40:43+00:00","mainEntityOfPage":{"@id":"https:\/\/www.expectart.eu\/es\/creatividad-en-nuestro-equipo-esloveno\/"},"wordCount":112,"commentCount":0,"publisher":{"@id":"https:\/\/www.expectart.eu\/#organization"},"image":{"@id":"https:\/\/www.expectart.eu\/es\/creatividad-en-nuestro-equipo-esloveno\/#primaryimage"},"thumbnailUrl":"https:\/\/www.expectart.eu\/wp-content\/uploads\/2024\/09\/4.-novica.jpg","articleSection":["noticias"],"inLanguage":"es","potentialAction":[{"@type":"CommentAction","name":"Comment","target":["https:\/\/www.expectart.eu\/es\/creatividad-en-nuestro-equipo-esloveno\/#respond"]}]},{"@type":"WebPage","@id":"https:\/\/www.expectart.eu\/es\/creatividad-en-nuestro-equipo-esloveno\/","url":"https:\/\/www.expectart.eu\/es\/creatividad-en-nuestro-equipo-esloveno\/","name":"Creatividad en nuestro equipo esloveno - EXPECT_Art","isPartOf":{"@id":"https:\/\/www.expectart.eu\/#website"},"primaryImageOfPage":{"@id":"https:\/\/www.expectart.eu\/es\/creatividad-en-nuestro-equipo-esloveno\/#primaryimage"},"image":{"@id":"https:\/\/www.expectart.eu\/es\/creatividad-en-nuestro-equipo-esloveno\/#primaryimage"},"thumbnailUrl":"https:\/\/www.expectart.eu\/wp-content\/uploads\/2024\/09\/4.-novica.jpg","datePublished":"2024-09-24T14:03:42+00:00","dateModified":"2024-10-11T13:40:43+00:00","description":"Un equipo esloveno de investigadores del Centro de Ciencia e Investigaci\u00f3n de Koper y el socio art\u00edstico Portret celebraron una reuni\u00f3n sobre el trabajo de campo y la colaboraci\u00f3n con ni\u00f1os y su relaci\u00f3n con la alfabetizaci\u00f3n cultural cr\u00edtica.","breadcrumb":{"@id":"https:\/\/www.expectart.eu\/es\/creatividad-en-nuestro-equipo-esloveno\/#breadcrumb"},"inLanguage":"es","potentialAction":[{"@type":"ReadAction","target":["https:\/\/www.expectart.eu\/es\/creatividad-en-nuestro-equipo-esloveno\/"]}]},{"@type":"ImageObject","inLanguage":"es","@id":"https:\/\/www.expectart.eu\/es\/creatividad-en-nuestro-equipo-esloveno\/#primaryimage","url":"https:\/\/www.expectart.eu\/wp-content\/uploads\/2024\/09\/4.-novica.jpg","contentUrl":"https:\/\/www.expectart.eu\/wp-content\/uploads\/2024\/09\/4.-novica.jpg","width":1200,"height":900,"caption":"4. novica Expectart"},{"@type":"BreadcrumbList","@id":"https:\/\/www.expectart.eu\/es\/creatividad-en-nuestro-equipo-esloveno\/#breadcrumb","itemListElement":[{"@type":"ListItem","position":1,"name":"Home","item":"https:\/\/www.expectart.eu\/"},{"@type":"ListItem","position":2,"name":"Creatividad en nuestro equipo esloveno"}]},{"@type":"WebSite","@id":"https:\/\/www.expectart.eu\/#website","url":"https:\/\/www.expectart.eu\/","name":"EXPECT_Art","description":"EU Project","publisher":{"@id":"https:\/\/www.expectart.eu\/#organization"},"potentialAction":[{"@type":"SearchAction","target":{"@type":"EntryPoint","urlTemplate":"https:\/\/www.expectart.eu\/?s={search_term_string}"},"query-input":{"@type":"PropertyValueSpecification","valueRequired":true,"valueName":"search_term_string"}}],"inLanguage":"es"},{"@type":"Organization","@id":"https:\/\/www.expectart.eu\/#organization","name":"EXPECT_Art","url":"https:\/\/www.expectart.eu\/","logo":{"@type":"ImageObject","inLanguage":"es","@id":"https:\/\/www.expectart.eu\/#\/schema\/logo\/image\/","url":"https:\/\/www.expectart.eu\/wp-content\/uploads\/2024\/04\/cropped-logo-rgb_without-text-02.png","contentUrl":"https:\/\/www.expectart.eu\/wp-content\/uploads\/2024\/04\/cropped-logo-rgb_without-text-02.png","width":679,"height":139,"caption":"EXPECT_Art"},"image":{"@id":"https:\/\/www.expectart.eu\/#\/schema\/logo\/image\/"},"sameAs":["https:\/\/www.facebook.com\/EXPECTArtEU","https:\/\/www.instagram.com\/expect_art_eu\/"]},{"@type":"Person","@id":"https:\/\/www.expectart.eu\/#\/schema\/person\/23bfb96483707b6f7e7622a7f8db2f16","name":"Xavier Gir\u00f3 Gr\u00e0cia","image":{"@type":"ImageObject","inLanguage":"es","@id":"https:\/\/secure.gravatar.com\/avatar\/c16e792998dd5d96a7dd7c52600523e1dab5f4b9696f5b9505b968d08e9fa42f?s=96&d=mm&r=g","url":"https:\/\/secure.gravatar.com\/avatar\/c16e792998dd5d96a7dd7c52600523e1dab5f4b9696f5b9505b968d08e9fa42f?s=96&d=mm&r=g","contentUrl":"https:\/\/secure.gravatar.com\/avatar\/c16e792998dd5d96a7dd7c52600523e1dab5f4b9696f5b9505b968d08e9fa42f?s=96&d=mm&r=g","caption":"Xavier Gir\u00f3 Gr\u00e0cia"},"url":"https:\/\/www.expectart.eu\/es\/author\/xavier\/"}]}},"_links":{"self":[{"href":"https:\/\/www.expectart.eu\/es\/wp-json\/wp\/v2\/posts\/3832","targetHints":{"allow":["GET"]}}],"collection":[{"href":"https:\/\/www.expectart.eu\/es\/wp-json\/wp\/v2\/posts"}],"about":[{"href":"https:\/\/www.expectart.eu\/es\/wp-json\/wp\/v2\/types\/post"}],"author":[{"embeddable":true,"href":"https:\/\/www.expectart.eu\/es\/wp-json\/wp\/v2\/users\/6"}],"replies":[{"embeddable":true,"href":"https:\/\/www.expectart.eu\/es\/wp-json\/wp\/v2\/comments?post=3832"}],"version-history":[{"count":1,"href":"https:\/\/www.expectart.eu\/es\/wp-json\/wp\/v2\/posts\/3832\/revisions"}],"predecessor-version":[{"id":3834,"href":"https:\/\/www.expectart.eu\/es\/wp-json\/wp\/v2\/posts\/3832\/revisions\/3834"}],"wp:featuredmedia":[{"embeddable":true,"href":"https:\/\/www.expectart.eu\/es\/wp-json\/wp\/v2\/media\/3424"}],"wp:attachment":[{"href":"https:\/\/www.expectart.eu\/es\/wp-json\/wp\/v2\/media?parent=3832"}],"wp:term":[{"taxonomy":"category","embeddable":true,"href":"https:\/\/www.expectart.eu\/es\/wp-json\/wp\/v2\/categories?post=3832"},{"taxonomy":"post_tag","embeddable":true,"href":"https:\/\/www.expectart.eu\/es\/wp-json\/wp\/v2\/tags?post=3832"}],"curies":[{"name":"wp","href":"https:\/\/api.w.org\/{rel}","templated":true}]}}