{"id":6127,"date":"2025-09-15T15:00:21","date_gmt":"2025-09-15T13:00:21","guid":{"rendered":"https:\/\/www.expectart.eu\/?p=6127"},"modified":"2025-09-17T10:58:36","modified_gmt":"2025-09-17T08:58:36","slug":"expect_art-a-lecer-2025-de-belgrad-sobre-la-descolonitzacio-dels-curriculums-a-traves-de-leducacio-artistica","status":"publish","type":"post","link":"https:\/\/www.expectart.eu\/ca\/expect_art-a-lecer-2025-de-belgrad-sobre-la-descolonitzacio-dels-curriculums-a-traves-de-leducacio-artistica\/","title":{"rendered":"EXPECT_Art a l&#8217;ECER 2025 de Belgrad sobre la descolonitzaci\u00f3 dels curr\u00edculums a trav\u00e9s de l&#8217;educaci\u00f3 art\u00edstica"},"content":{"rendered":"\n<p>El nostre consorci va participar a la Confer\u00e8ncia Europea de Recerca Educativa de 2025, organitzada per la Universitat de Belgrad. La comunitat acad\u00e8mica de la ciutat ens va impressionar: estudiants i professors, aix\u00ed com la comunitat local, estan liderant protestes que destaquen el seu esperit democr\u00e0tic i la seva participaci\u00f3 activa en la configuraci\u00f3 de la societat. La confer\u00e8ncia va tenir lloc la segona setmana de setembre, amb m\u00e9s de 2.500 investigadors inscrits i sota el lema &#8220;Tra\u00e7ant el cam\u00ed a seguir: educaci\u00f3, recerca, potencials i perspectives&#8221;.<\/p>\n\n\n\n<p>Durant la confer\u00e8ncia, la nostra col\u00b7lega Gro Hellesdatter Jacobsen va organitzar una animada taula rodona titulada &#8220;Descolonitzar els curr\u00edculums a trav\u00e9s de l&#8217;educaci\u00f3 art\u00edstica: primers passos del projecte EXPECT_Art per afectar i ser afectat per les escoles&#8221; juntament amb socis de Dinamarca, Espanya, Alemanya, Hongria i Eslov\u00e8nia. En una sala plena de gom a gom, la taula rodona va debatre i compartir experi\u00e8ncies sobre conceptes i enfocaments del treball de camp. La discussi\u00f3 va reflectir un fort sentit de cohesi\u00f3 entre els socis i va introduir perspectives interessants sota un marc compartit. Un dels temes centrals va ser com la decolonialitat informa els m\u00e8todes de recerca i les seves aplicacions pr\u00e0ctiques en el camp. Algunes reflexions que van sorgir van incloure la idea que la descolonitzaci\u00f3 no est\u00e0 exclusivament lligada a les hist\u00f2ries dels nostres pa\u00efsos, sin\u00f3 que \u00e9s un enfocament aplicable a qualsevol context on hi hagi relacions de poder en joc. Com descolonitzem sense reproduir din\u00e0miques colonials? Particularment quan els investigadors determinen qu\u00e8 \u00e9s m\u00e9s rellevant en una escola o una aula. Es corre el risc d&#8217;excloure les seves perspectives culturals al definir aquestes jerarquies entre estudiants, professors i personal escolar? Repensar la posici\u00f3 de l&#8217;investigador i garantir temps i espai per a una reflexi\u00f3 col\u00b7lectiva metacr\u00edtica genu\u00efna entre els investigadors pot oferir un cam\u00ed cap a la descolonitzaci\u00f3 de les nostres pr\u00e0ctiques de recerca.<\/p>\n\n\n\n<p>El panell tamb\u00e9 va reflexionar sobre el treball dels socis culturals, assenyalant que alguns dels seus artistes i educadors d&#8217;art pertanyen a minories o cultures blanques no hegem\u00f2niques i tenen una \u00e0mplia experi\u00e8ncia treballant amb diversos grups marginats, destacant una altra manera d&#8217;interactuar amb els processos decolonials. La decolonialitat no \u00e9s un concepte fix o estable; m\u00e9s aviat, canvia i ressona de manera diferent segons els contextos en qu\u00e8 opera. No obstant aix\u00f2, el consorci va estar d&#8217;acord que la descolonitzaci\u00f3 implica recon\u00e8ixer la pluralitat de subjectivitats presents a l&#8217;aula, abra\u00e7ar la diversitat i resistir l&#8217;homogene\u00eftzaci\u00f3. Busca interrompre les estructures de desigualtat i discriminaci\u00f3, amb especial atenci\u00f3 a les din\u00e0miques de poder en les relacions adult-infant, on tamb\u00e9 hi ha una pres\u00e8ncia important de colonialitat.<\/p>\n\n\n\n<p>Tamb\u00e9 vam participar en un simposi sobre alfabetitzaci\u00f3 cultural i educaci\u00f3 art\u00edstica, on vam tenir una discussi\u00f3 animada juntament amb els nostres projectes germans <em><a href=\"https:\/\/dialoguingarts.eu\/\">Dialoguing @arts<\/a><\/em> i <em><a href=\"https:\/\/www.clivieproject.eu\/\">Cultural Literacies&#8217; Value in Europe<\/a><\/em>, enfortint els vincles entre objectius compartits. En aquesta part, ens vam centrar en la investigaci\u00f3 de l&#8217;alfabetitzaci\u00f3 cultural amb infants des d&#8217;una perspectiva comunit\u00e0ria i decolonial.<\/p>\n\n\n\n<p><\/p>\n","protected":false},"excerpt":{"rendered":"<p>El nostre consorci va participar a la Confer\u00e8ncia Europea de Recerca Educativa de 2025, organitzada per la Universitat de Belgrad. La comunitat acad\u00e8mica de la ciutat ens va impressionar: estudiants i professors, aix\u00ed com la comunitat local, estan liderant protestes que destaquen el seu esperit democr\u00e0tic i la seva participaci\u00f3 activa en la configuraci\u00f3 de [&hellip;]<\/p>\n","protected":false},"author":6,"featured_media":6101,"comment_status":"open","ping_status":"open","sticky":false,"template":"","format":"standard","meta":{"site-sidebar-layout":"default","site-content-layout":"","ast-site-content-layout":"default","site-content-style":"default","site-sidebar-style":"default","ast-global-header-display":"","ast-banner-title-visibility":"","ast-main-header-display":"","ast-hfb-above-header-display":"","ast-hfb-below-header-display":"","ast-hfb-mobile-header-display":"","site-post-title":"","ast-breadcrumbs-content":"","ast-featured-img":"","footer-sml-layout":"","ast-disable-related-posts":"","theme-transparent-header-meta":"","adv-header-id-meta":"","stick-header-meta":"","header-above-stick-meta":"","header-main-stick-meta":"","header-below-stick-meta":"","astra-migrate-meta-layouts":"set","ast-page-background-enabled":"default","ast-page-background-meta":{"desktop":{"background-color":"","background-image":"","background-repeat":"repeat","background-position":"center center","background-size":"auto","background-attachment":"scroll","background-type":"","background-media":"","overlay-type":"","overlay-color":"","overlay-opacity":"","overlay-gradient":""},"tablet":{"background-color":"","background-image":"","background-repeat":"repeat","background-position":"center center","background-size":"auto","background-attachment":"scroll","background-type":"","background-media":"","overlay-type":"","overlay-color":"","overlay-opacity":"","overlay-gradient":""},"mobile":{"background-color":"","background-image":"","background-repeat":"repeat","background-position":"center center","background-size":"auto","background-attachment":"scroll","background-type":"","background-media":"","overlay-type":"","overlay-color":"","overlay-opacity":"","overlay-gradient":""}},"ast-content-background-meta":{"desktop":{"background-color":"var(--ast-global-color-5)","background-image":"","background-repeat":"repeat","background-position":"center center","background-size":"auto","background-attachment":"scroll","background-type":"","background-media":"","overlay-type":"","overlay-color":"","overlay-opacity":"","overlay-gradient":""},"tablet":{"background-color":"var(--ast-global-color-5)","background-image":"","background-repeat":"repeat","background-position":"center center","background-size":"auto","background-attachment":"scroll","background-type":"","background-media":"","overlay-type":"","overlay-color":"","overlay-opacity":"","overlay-gradient":""},"mobile":{"background-color":"var(--ast-global-color-5)","background-image":"","background-repeat":"repeat","background-position":"center center","background-size":"auto","background-attachment":"scroll","background-type":"","background-media":"","overlay-type":"","overlay-color":"","overlay-opacity":"","overlay-gradient":""}},"footnotes":""},"categories":[48],"tags":[],"class_list":["post-6127","post","type-post","status-publish","format-standard","has-post-thumbnail","hentry","category-noticies"],"yoast_head":"<!-- This site is optimized with the Yoast SEO plugin v27.2 - https:\/\/yoast.com\/product\/yoast-seo-wordpress\/ -->\n<title>EXPECT_Art a l&#039;ECER 2025 de Belgrad sobre la descolonitzaci\u00f3 dels curr\u00edculums a trav\u00e9s de l&#039;educaci\u00f3 art\u00edstica - EXPECT_Art<\/title>\n<meta name=\"robots\" content=\"index, follow, max-snippet:-1, max-image-preview:large, max-video-preview:-1\" \/>\n<link rel=\"canonical\" href=\"https:\/\/www.expectart.eu\/ca\/expect_art-a-lecer-2025-de-belgrad-sobre-la-descolonitzacio-dels-curriculums-a-traves-de-leducacio-artistica\/\" \/>\n<meta property=\"og:locale\" content=\"ca_ES\" \/>\n<meta property=\"og:type\" content=\"article\" \/>\n<meta property=\"og:title\" content=\"EXPECT_Art a l&#039;ECER 2025 de Belgrad sobre la descolonitzaci\u00f3 dels curr\u00edculums a trav\u00e9s de l&#039;educaci\u00f3 art\u00edstica - EXPECT_Art\" \/>\n<meta property=\"og:description\" content=\"El nostre consorci va participar a la Confer\u00e8ncia Europea de Recerca Educativa de 2025, organitzada per la Universitat de Belgrad. La comunitat acad\u00e8mica de la ciutat ens va impressionar: estudiants i professors, aix\u00ed com la comunitat local, estan liderant protestes que destaquen el seu esperit democr\u00e0tic i la seva participaci\u00f3 activa en la configuraci\u00f3 de [&hellip;]\" \/>\n<meta property=\"og:url\" content=\"https:\/\/www.expectart.eu\/ca\/expect_art-a-lecer-2025-de-belgrad-sobre-la-descolonitzacio-dels-curriculums-a-traves-de-leducacio-artistica\/\" \/>\n<meta property=\"og:site_name\" content=\"EXPECT_Art\" \/>\n<meta property=\"article:publisher\" content=\"https:\/\/www.facebook.com\/EXPECTArtEU\" \/>\n<meta property=\"article:published_time\" content=\"2025-09-15T13:00:21+00:00\" \/>\n<meta property=\"article:modified_time\" content=\"2025-09-17T08:58:36+00:00\" \/>\n<meta property=\"og:image\" content=\"https:\/\/www.expectart.eu\/wp-content\/uploads\/2025\/09\/bafkreibhy37zjaknjqwclp5rfy7a46h2zqfdlkopulgypex7hanj3artw4.jpg\" \/>\n\t<meta property=\"og:image:width\" content=\"2000\" \/>\n\t<meta property=\"og:image:height\" content=\"1500\" \/>\n\t<meta property=\"og:image:type\" content=\"image\/jpeg\" \/>\n<meta name=\"author\" content=\"Xavier Gir\u00f3 Gr\u00e0cia\" \/>\n<meta name=\"twitter:card\" content=\"summary_large_image\" \/>\n<meta name=\"twitter:label1\" content=\"Escrit per\" \/>\n\t<meta name=\"twitter:data1\" content=\"Xavier Gir\u00f3 Gr\u00e0cia\" \/>\n\t<meta name=\"twitter:label2\" content=\"Temps estimat de lectura\" \/>\n\t<meta name=\"twitter:data2\" content=\"3 minuts\" \/>\n<script type=\"application\/ld+json\" class=\"yoast-schema-graph\">{\"@context\":\"https:\/\/schema.org\",\"@graph\":[{\"@type\":\"Article\",\"@id\":\"https:\/\/www.expectart.eu\/ca\/expect_art-a-lecer-2025-de-belgrad-sobre-la-descolonitzacio-dels-curriculums-a-traves-de-leducacio-artistica\/#article\",\"isPartOf\":{\"@id\":\"https:\/\/www.expectart.eu\/ca\/expect_art-a-lecer-2025-de-belgrad-sobre-la-descolonitzacio-dels-curriculums-a-traves-de-leducacio-artistica\/\"},\"author\":{\"name\":\"Xavier Gir\u00f3 Gr\u00e0cia\",\"@id\":\"https:\/\/www.expectart.eu\/#\/schema\/person\/23bfb96483707b6f7e7622a7f8db2f16\"},\"headline\":\"EXPECT_Art a l&#8217;ECER 2025 de Belgrad sobre la descolonitzaci\u00f3 dels curr\u00edculums a trav\u00e9s de l&#8217;educaci\u00f3 art\u00edstica\",\"datePublished\":\"2025-09-15T13:00:21+00:00\",\"dateModified\":\"2025-09-17T08:58:36+00:00\",\"mainEntityOfPage\":{\"@id\":\"https:\/\/www.expectart.eu\/ca\/expect_art-a-lecer-2025-de-belgrad-sobre-la-descolonitzacio-dels-curriculums-a-traves-de-leducacio-artistica\/\"},\"wordCount\":560,\"commentCount\":0,\"publisher\":{\"@id\":\"https:\/\/www.expectart.eu\/#organization\"},\"image\":{\"@id\":\"https:\/\/www.expectart.eu\/ca\/expect_art-a-lecer-2025-de-belgrad-sobre-la-descolonitzacio-dels-curriculums-a-traves-de-leducacio-artistica\/#primaryimage\"},\"thumbnailUrl\":\"https:\/\/www.expectart.eu\/wp-content\/uploads\/2025\/09\/bafkreibhy37zjaknjqwclp5rfy7a46h2zqfdlkopulgypex7hanj3artw4.jpg\",\"articleSection\":[\"Noticies\"],\"inLanguage\":\"ca\",\"potentialAction\":[{\"@type\":\"CommentAction\",\"name\":\"Comment\",\"target\":[\"https:\/\/www.expectart.eu\/ca\/expect_art-a-lecer-2025-de-belgrad-sobre-la-descolonitzacio-dels-curriculums-a-traves-de-leducacio-artistica\/#respond\"]}]},{\"@type\":\"WebPage\",\"@id\":\"https:\/\/www.expectart.eu\/ca\/expect_art-a-lecer-2025-de-belgrad-sobre-la-descolonitzacio-dels-curriculums-a-traves-de-leducacio-artistica\/\",\"url\":\"https:\/\/www.expectart.eu\/ca\/expect_art-a-lecer-2025-de-belgrad-sobre-la-descolonitzacio-dels-curriculums-a-traves-de-leducacio-artistica\/\",\"name\":\"EXPECT_Art a l'ECER 2025 de Belgrad sobre la descolonitzaci\u00f3 dels curr\u00edculums a trav\u00e9s de l'educaci\u00f3 art\u00edstica - EXPECT_Art\",\"isPartOf\":{\"@id\":\"https:\/\/www.expectart.eu\/#website\"},\"primaryImageOfPage\":{\"@id\":\"https:\/\/www.expectart.eu\/ca\/expect_art-a-lecer-2025-de-belgrad-sobre-la-descolonitzacio-dels-curriculums-a-traves-de-leducacio-artistica\/#primaryimage\"},\"image\":{\"@id\":\"https:\/\/www.expectart.eu\/ca\/expect_art-a-lecer-2025-de-belgrad-sobre-la-descolonitzacio-dels-curriculums-a-traves-de-leducacio-artistica\/#primaryimage\"},\"thumbnailUrl\":\"https:\/\/www.expectart.eu\/wp-content\/uploads\/2025\/09\/bafkreibhy37zjaknjqwclp5rfy7a46h2zqfdlkopulgypex7hanj3artw4.jpg\",\"datePublished\":\"2025-09-15T13:00:21+00:00\",\"dateModified\":\"2025-09-17T08:58:36+00:00\",\"breadcrumb\":{\"@id\":\"https:\/\/www.expectart.eu\/ca\/expect_art-a-lecer-2025-de-belgrad-sobre-la-descolonitzacio-dels-curriculums-a-traves-de-leducacio-artistica\/#breadcrumb\"},\"inLanguage\":\"ca\",\"potentialAction\":[{\"@type\":\"ReadAction\",\"target\":[\"https:\/\/www.expectart.eu\/ca\/expect_art-a-lecer-2025-de-belgrad-sobre-la-descolonitzacio-dels-curriculums-a-traves-de-leducacio-artistica\/\"]}]},{\"@type\":\"ImageObject\",\"inLanguage\":\"ca\",\"@id\":\"https:\/\/www.expectart.eu\/ca\/expect_art-a-lecer-2025-de-belgrad-sobre-la-descolonitzacio-dels-curriculums-a-traves-de-leducacio-artistica\/#primaryimage\",\"url\":\"https:\/\/www.expectart.eu\/wp-content\/uploads\/2025\/09\/bafkreibhy37zjaknjqwclp5rfy7a46h2zqfdlkopulgypex7hanj3artw4.jpg\",\"contentUrl\":\"https:\/\/www.expectart.eu\/wp-content\/uploads\/2025\/09\/bafkreibhy37zjaknjqwclp5rfy7a46h2zqfdlkopulgypex7hanj3artw4.jpg\",\"width\":2000,\"height\":1500},{\"@type\":\"BreadcrumbList\",\"@id\":\"https:\/\/www.expectart.eu\/ca\/expect_art-a-lecer-2025-de-belgrad-sobre-la-descolonitzacio-dels-curriculums-a-traves-de-leducacio-artistica\/#breadcrumb\",\"itemListElement\":[{\"@type\":\"ListItem\",\"position\":1,\"name\":\"Home\",\"item\":\"https:\/\/www.expectart.eu\/\"},{\"@type\":\"ListItem\",\"position\":2,\"name\":\"EXPECT_Art a l&#8217;ECER 2025 de Belgrad sobre la descolonitzaci\u00f3 dels curr\u00edculums a trav\u00e9s de l&#8217;educaci\u00f3 art\u00edstica\"}]},{\"@type\":\"WebSite\",\"@id\":\"https:\/\/www.expectart.eu\/#website\",\"url\":\"https:\/\/www.expectart.eu\/\",\"name\":\"EXPECT_Art\",\"description\":\"EU Project\",\"publisher\":{\"@id\":\"https:\/\/www.expectart.eu\/#organization\"},\"potentialAction\":[{\"@type\":\"SearchAction\",\"target\":{\"@type\":\"EntryPoint\",\"urlTemplate\":\"https:\/\/www.expectart.eu\/?s={search_term_string}\"},\"query-input\":{\"@type\":\"PropertyValueSpecification\",\"valueRequired\":true,\"valueName\":\"search_term_string\"}}],\"inLanguage\":\"ca\"},{\"@type\":\"Organization\",\"@id\":\"https:\/\/www.expectart.eu\/#organization\",\"name\":\"EXPECT_Art\",\"url\":\"https:\/\/www.expectart.eu\/\",\"logo\":{\"@type\":\"ImageObject\",\"inLanguage\":\"ca\",\"@id\":\"https:\/\/www.expectart.eu\/#\/schema\/logo\/image\/\",\"url\":\"https:\/\/www.expectart.eu\/wp-content\/uploads\/2024\/04\/cropped-logo-rgb_without-text-02.png\",\"contentUrl\":\"https:\/\/www.expectart.eu\/wp-content\/uploads\/2024\/04\/cropped-logo-rgb_without-text-02.png\",\"width\":679,\"height\":139,\"caption\":\"EXPECT_Art\"},\"image\":{\"@id\":\"https:\/\/www.expectart.eu\/#\/schema\/logo\/image\/\"},\"sameAs\":[\"https:\/\/www.facebook.com\/EXPECTArtEU\",\"https:\/\/www.instagram.com\/expect_art_eu\/\"]},{\"@type\":\"Person\",\"@id\":\"https:\/\/www.expectart.eu\/#\/schema\/person\/23bfb96483707b6f7e7622a7f8db2f16\",\"name\":\"Xavier Gir\u00f3 Gr\u00e0cia\",\"image\":{\"@type\":\"ImageObject\",\"inLanguage\":\"ca\",\"@id\":\"https:\/\/secure.gravatar.com\/avatar\/c16e792998dd5d96a7dd7c52600523e1dab5f4b9696f5b9505b968d08e9fa42f?s=96&d=mm&r=g\",\"url\":\"https:\/\/secure.gravatar.com\/avatar\/c16e792998dd5d96a7dd7c52600523e1dab5f4b9696f5b9505b968d08e9fa42f?s=96&d=mm&r=g\",\"contentUrl\":\"https:\/\/secure.gravatar.com\/avatar\/c16e792998dd5d96a7dd7c52600523e1dab5f4b9696f5b9505b968d08e9fa42f?s=96&d=mm&r=g\",\"caption\":\"Xavier Gir\u00f3 Gr\u00e0cia\"},\"url\":\"https:\/\/www.expectart.eu\/ca\/author\/xavier\/\"}]}<\/script>\n<!-- \/ Yoast SEO plugin. -->","yoast_head_json":{"title":"EXPECT_Art a l'ECER 2025 de Belgrad sobre la descolonitzaci\u00f3 dels curr\u00edculums a trav\u00e9s de l'educaci\u00f3 art\u00edstica - EXPECT_Art","robots":{"index":"index","follow":"follow","max-snippet":"max-snippet:-1","max-image-preview":"max-image-preview:large","max-video-preview":"max-video-preview:-1"},"canonical":"https:\/\/www.expectart.eu\/ca\/expect_art-a-lecer-2025-de-belgrad-sobre-la-descolonitzacio-dels-curriculums-a-traves-de-leducacio-artistica\/","og_locale":"ca_ES","og_type":"article","og_title":"EXPECT_Art a l'ECER 2025 de Belgrad sobre la descolonitzaci\u00f3 dels curr\u00edculums a trav\u00e9s de l'educaci\u00f3 art\u00edstica - EXPECT_Art","og_description":"El nostre consorci va participar a la Confer\u00e8ncia Europea de Recerca Educativa de 2025, organitzada per la Universitat de Belgrad. La comunitat acad\u00e8mica de la ciutat ens va impressionar: estudiants i professors, aix\u00ed com la comunitat local, estan liderant protestes que destaquen el seu esperit democr\u00e0tic i la seva participaci\u00f3 activa en la configuraci\u00f3 de [&hellip;]","og_url":"https:\/\/www.expectart.eu\/ca\/expect_art-a-lecer-2025-de-belgrad-sobre-la-descolonitzacio-dels-curriculums-a-traves-de-leducacio-artistica\/","og_site_name":"EXPECT_Art","article_publisher":"https:\/\/www.facebook.com\/EXPECTArtEU","article_published_time":"2025-09-15T13:00:21+00:00","article_modified_time":"2025-09-17T08:58:36+00:00","og_image":[{"width":2000,"height":1500,"url":"https:\/\/www.expectart.eu\/wp-content\/uploads\/2025\/09\/bafkreibhy37zjaknjqwclp5rfy7a46h2zqfdlkopulgypex7hanj3artw4.jpg","type":"image\/jpeg"}],"author":"Xavier Gir\u00f3 Gr\u00e0cia","twitter_card":"summary_large_image","twitter_misc":{"Escrit per":"Xavier Gir\u00f3 Gr\u00e0cia","Temps estimat de lectura":"3 minuts"},"schema":{"@context":"https:\/\/schema.org","@graph":[{"@type":"Article","@id":"https:\/\/www.expectart.eu\/ca\/expect_art-a-lecer-2025-de-belgrad-sobre-la-descolonitzacio-dels-curriculums-a-traves-de-leducacio-artistica\/#article","isPartOf":{"@id":"https:\/\/www.expectart.eu\/ca\/expect_art-a-lecer-2025-de-belgrad-sobre-la-descolonitzacio-dels-curriculums-a-traves-de-leducacio-artistica\/"},"author":{"name":"Xavier Gir\u00f3 Gr\u00e0cia","@id":"https:\/\/www.expectart.eu\/#\/schema\/person\/23bfb96483707b6f7e7622a7f8db2f16"},"headline":"EXPECT_Art a l&#8217;ECER 2025 de Belgrad sobre la descolonitzaci\u00f3 dels curr\u00edculums a trav\u00e9s de l&#8217;educaci\u00f3 art\u00edstica","datePublished":"2025-09-15T13:00:21+00:00","dateModified":"2025-09-17T08:58:36+00:00","mainEntityOfPage":{"@id":"https:\/\/www.expectart.eu\/ca\/expect_art-a-lecer-2025-de-belgrad-sobre-la-descolonitzacio-dels-curriculums-a-traves-de-leducacio-artistica\/"},"wordCount":560,"commentCount":0,"publisher":{"@id":"https:\/\/www.expectart.eu\/#organization"},"image":{"@id":"https:\/\/www.expectart.eu\/ca\/expect_art-a-lecer-2025-de-belgrad-sobre-la-descolonitzacio-dels-curriculums-a-traves-de-leducacio-artistica\/#primaryimage"},"thumbnailUrl":"https:\/\/www.expectart.eu\/wp-content\/uploads\/2025\/09\/bafkreibhy37zjaknjqwclp5rfy7a46h2zqfdlkopulgypex7hanj3artw4.jpg","articleSection":["Noticies"],"inLanguage":"ca","potentialAction":[{"@type":"CommentAction","name":"Comment","target":["https:\/\/www.expectart.eu\/ca\/expect_art-a-lecer-2025-de-belgrad-sobre-la-descolonitzacio-dels-curriculums-a-traves-de-leducacio-artistica\/#respond"]}]},{"@type":"WebPage","@id":"https:\/\/www.expectart.eu\/ca\/expect_art-a-lecer-2025-de-belgrad-sobre-la-descolonitzacio-dels-curriculums-a-traves-de-leducacio-artistica\/","url":"https:\/\/www.expectart.eu\/ca\/expect_art-a-lecer-2025-de-belgrad-sobre-la-descolonitzacio-dels-curriculums-a-traves-de-leducacio-artistica\/","name":"EXPECT_Art a l'ECER 2025 de Belgrad sobre la descolonitzaci\u00f3 dels curr\u00edculums a trav\u00e9s de l'educaci\u00f3 art\u00edstica - EXPECT_Art","isPartOf":{"@id":"https:\/\/www.expectart.eu\/#website"},"primaryImageOfPage":{"@id":"https:\/\/www.expectart.eu\/ca\/expect_art-a-lecer-2025-de-belgrad-sobre-la-descolonitzacio-dels-curriculums-a-traves-de-leducacio-artistica\/#primaryimage"},"image":{"@id":"https:\/\/www.expectart.eu\/ca\/expect_art-a-lecer-2025-de-belgrad-sobre-la-descolonitzacio-dels-curriculums-a-traves-de-leducacio-artistica\/#primaryimage"},"thumbnailUrl":"https:\/\/www.expectart.eu\/wp-content\/uploads\/2025\/09\/bafkreibhy37zjaknjqwclp5rfy7a46h2zqfdlkopulgypex7hanj3artw4.jpg","datePublished":"2025-09-15T13:00:21+00:00","dateModified":"2025-09-17T08:58:36+00:00","breadcrumb":{"@id":"https:\/\/www.expectart.eu\/ca\/expect_art-a-lecer-2025-de-belgrad-sobre-la-descolonitzacio-dels-curriculums-a-traves-de-leducacio-artistica\/#breadcrumb"},"inLanguage":"ca","potentialAction":[{"@type":"ReadAction","target":["https:\/\/www.expectart.eu\/ca\/expect_art-a-lecer-2025-de-belgrad-sobre-la-descolonitzacio-dels-curriculums-a-traves-de-leducacio-artistica\/"]}]},{"@type":"ImageObject","inLanguage":"ca","@id":"https:\/\/www.expectart.eu\/ca\/expect_art-a-lecer-2025-de-belgrad-sobre-la-descolonitzacio-dels-curriculums-a-traves-de-leducacio-artistica\/#primaryimage","url":"https:\/\/www.expectart.eu\/wp-content\/uploads\/2025\/09\/bafkreibhy37zjaknjqwclp5rfy7a46h2zqfdlkopulgypex7hanj3artw4.jpg","contentUrl":"https:\/\/www.expectart.eu\/wp-content\/uploads\/2025\/09\/bafkreibhy37zjaknjqwclp5rfy7a46h2zqfdlkopulgypex7hanj3artw4.jpg","width":2000,"height":1500},{"@type":"BreadcrumbList","@id":"https:\/\/www.expectart.eu\/ca\/expect_art-a-lecer-2025-de-belgrad-sobre-la-descolonitzacio-dels-curriculums-a-traves-de-leducacio-artistica\/#breadcrumb","itemListElement":[{"@type":"ListItem","position":1,"name":"Home","item":"https:\/\/www.expectart.eu\/"},{"@type":"ListItem","position":2,"name":"EXPECT_Art a l&#8217;ECER 2025 de Belgrad sobre la descolonitzaci\u00f3 dels curr\u00edculums a trav\u00e9s de l&#8217;educaci\u00f3 art\u00edstica"}]},{"@type":"WebSite","@id":"https:\/\/www.expectart.eu\/#website","url":"https:\/\/www.expectart.eu\/","name":"EXPECT_Art","description":"EU Project","publisher":{"@id":"https:\/\/www.expectart.eu\/#organization"},"potentialAction":[{"@type":"SearchAction","target":{"@type":"EntryPoint","urlTemplate":"https:\/\/www.expectart.eu\/?s={search_term_string}"},"query-input":{"@type":"PropertyValueSpecification","valueRequired":true,"valueName":"search_term_string"}}],"inLanguage":"ca"},{"@type":"Organization","@id":"https:\/\/www.expectart.eu\/#organization","name":"EXPECT_Art","url":"https:\/\/www.expectart.eu\/","logo":{"@type":"ImageObject","inLanguage":"ca","@id":"https:\/\/www.expectart.eu\/#\/schema\/logo\/image\/","url":"https:\/\/www.expectart.eu\/wp-content\/uploads\/2024\/04\/cropped-logo-rgb_without-text-02.png","contentUrl":"https:\/\/www.expectart.eu\/wp-content\/uploads\/2024\/04\/cropped-logo-rgb_without-text-02.png","width":679,"height":139,"caption":"EXPECT_Art"},"image":{"@id":"https:\/\/www.expectart.eu\/#\/schema\/logo\/image\/"},"sameAs":["https:\/\/www.facebook.com\/EXPECTArtEU","https:\/\/www.instagram.com\/expect_art_eu\/"]},{"@type":"Person","@id":"https:\/\/www.expectart.eu\/#\/schema\/person\/23bfb96483707b6f7e7622a7f8db2f16","name":"Xavier Gir\u00f3 Gr\u00e0cia","image":{"@type":"ImageObject","inLanguage":"ca","@id":"https:\/\/secure.gravatar.com\/avatar\/c16e792998dd5d96a7dd7c52600523e1dab5f4b9696f5b9505b968d08e9fa42f?s=96&d=mm&r=g","url":"https:\/\/secure.gravatar.com\/avatar\/c16e792998dd5d96a7dd7c52600523e1dab5f4b9696f5b9505b968d08e9fa42f?s=96&d=mm&r=g","contentUrl":"https:\/\/secure.gravatar.com\/avatar\/c16e792998dd5d96a7dd7c52600523e1dab5f4b9696f5b9505b968d08e9fa42f?s=96&d=mm&r=g","caption":"Xavier Gir\u00f3 Gr\u00e0cia"},"url":"https:\/\/www.expectart.eu\/ca\/author\/xavier\/"}]}},"_links":{"self":[{"href":"https:\/\/www.expectart.eu\/ca\/wp-json\/wp\/v2\/posts\/6127","targetHints":{"allow":["GET"]}}],"collection":[{"href":"https:\/\/www.expectart.eu\/ca\/wp-json\/wp\/v2\/posts"}],"about":[{"href":"https:\/\/www.expectart.eu\/ca\/wp-json\/wp\/v2\/types\/post"}],"author":[{"embeddable":true,"href":"https:\/\/www.expectart.eu\/ca\/wp-json\/wp\/v2\/users\/6"}],"replies":[{"embeddable":true,"href":"https:\/\/www.expectart.eu\/ca\/wp-json\/wp\/v2\/comments?post=6127"}],"version-history":[{"count":2,"href":"https:\/\/www.expectart.eu\/ca\/wp-json\/wp\/v2\/posts\/6127\/revisions"}],"predecessor-version":[{"id":6135,"href":"https:\/\/www.expectart.eu\/ca\/wp-json\/wp\/v2\/posts\/6127\/revisions\/6135"}],"wp:featuredmedia":[{"embeddable":true,"href":"https:\/\/www.expectart.eu\/ca\/wp-json\/wp\/v2\/media\/6101"}],"wp:attachment":[{"href":"https:\/\/www.expectart.eu\/ca\/wp-json\/wp\/v2\/media?parent=6127"}],"wp:term":[{"taxonomy":"category","embeddable":true,"href":"https:\/\/www.expectart.eu\/ca\/wp-json\/wp\/v2\/categories?post=6127"},{"taxonomy":"post_tag","embeddable":true,"href":"https:\/\/www.expectart.eu\/ca\/wp-json\/wp\/v2\/tags?post=6127"}],"curies":[{"name":"wp","href":"https:\/\/api.w.org\/{rel}","templated":true}]}}