{"id":5264,"date":"2025-04-28T13:07:53","date_gmt":"2025-04-28T11:07:53","guid":{"rendered":"https:\/\/www.expectart.eu\/?p=5264"},"modified":"2025-04-29T12:22:16","modified_gmt":"2025-04-29T10:22:16","slug":"seminari-web-epistemological-tensions-in-the-integration-of-arts-education-practices-in-schools","status":"publish","type":"post","link":"https:\/\/www.expectart.eu\/ca\/seminari-web-epistemological-tensions-in-the-integration-of-arts-education-practices-in-schools\/","title":{"rendered":"Seminari web: Epistemological tensions in the integration of arts education practices in schools"},"content":{"rendered":"\n<p>El grup de recerca Esbrina de la Universitat de Barcelona organitza un interessant seminari web que pret\u00e9n localitzar, observar i destacar les pr\u00e0ctiques d&#8217;educaci\u00f3 art\u00edstica, educaci\u00f3 a trav\u00e9s de les arts i l&#8217;\u00fas de les arts en l&#8217;educaci\u00f3 en dues escoles de Barcelona que participen en el nostre projecte. Els nostres col\u00b7laboradors, Aurelio Castro Varela (investigador principal del projecte EXPECT_Art a la Universitat de Barcelona) i Fernando Hern\u00e1ndez-Hern\u00e1ndez (professor em\u00e8rit i investigador del projecte) tamb\u00e9 destacaran les tensions epist\u00e8miques que habiten les pr\u00e0ctiques d&#8217;educaci\u00f3 art\u00edstica i com s&#8217;hi enfronten els docents.<\/p>\n\n\n\n<p>El seminari web tindr\u00e0 lloc el 5 de maig de 2025 a les 16h.<\/p>\n\n\n\n<p>Podeu participar en el seminari <a href=\"https:\/\/meet.google.com\/kth-fkcs-pwr\">a trav\u00e9s d&#8217;aquest enlla\u00e7<\/a>.<\/p>\n\n\n\n<figure class=\"wp-block-image aligncenter size-large\"><img decoding=\"async\" src=\"https:\/\/www.expectart.eu\/wp-content\/uploads\/2025\/04\/Screenshot-2025-04-28-130441-1024x651.png\" alt=\"\" class=\"wp-image-5255\"\/><\/figure>\n","protected":false},"excerpt":{"rendered":"<p>El grup de recerca Esbrina de la Universitat de Barcelona organitza un interessant seminari web que pret\u00e9n localitzar, observar i destacar les pr\u00e0ctiques d&#8217;educaci\u00f3 art\u00edstica, educaci\u00f3 a trav\u00e9s de les arts i l&#8217;\u00fas de les arts en l&#8217;educaci\u00f3 en dues escoles de Barcelona que participen en el nostre projecte. Els nostres col\u00b7laboradors, Aurelio Castro Varela [&hellip;]<\/p>\n","protected":false},"author":6,"featured_media":5256,"comment_status":"open","ping_status":"open","sticky":false,"template":"","format":"standard","meta":{"site-sidebar-layout":"default","site-content-layout":"","ast-site-content-layout":"default","site-content-style":"default","site-sidebar-style":"default","ast-global-header-display":"","ast-banner-title-visibility":"","ast-main-header-display":"","ast-hfb-above-header-display":"","ast-hfb-below-header-display":"","ast-hfb-mobile-header-display":"","site-post-title":"","ast-breadcrumbs-content":"","ast-featured-img":"","footer-sml-layout":"","ast-disable-related-posts":"","theme-transparent-header-meta":"","adv-header-id-meta":"","stick-header-meta":"","header-above-stick-meta":"","header-main-stick-meta":"","header-below-stick-meta":"","astra-migrate-meta-layouts":"set","ast-page-background-enabled":"default","ast-page-background-meta":{"desktop":{"background-color":"","background-image":"","background-repeat":"repeat","background-position":"center center","background-size":"auto","background-attachment":"scroll","background-type":"","background-media":"","overlay-type":"","overlay-color":"","overlay-opacity":"","overlay-gradient":""},"tablet":{"background-color":"","background-image":"","background-repeat":"repeat","background-position":"center center","background-size":"auto","background-attachment":"scroll","background-type":"","background-media":"","overlay-type":"","overlay-color":"","overlay-opacity":"","overlay-gradient":""},"mobile":{"background-color":"","background-image":"","background-repeat":"repeat","background-position":"center center","background-size":"auto","background-attachment":"scroll","background-type":"","background-media":"","overlay-type":"","overlay-color":"","overlay-opacity":"","overlay-gradient":""}},"ast-content-background-meta":{"desktop":{"background-color":"var(--ast-global-color-5)","background-image":"","background-repeat":"repeat","background-position":"center center","background-size":"auto","background-attachment":"scroll","background-type":"","background-media":"","overlay-type":"","overlay-color":"","overlay-opacity":"","overlay-gradient":""},"tablet":{"background-color":"var(--ast-global-color-5)","background-image":"","background-repeat":"repeat","background-position":"center center","background-size":"auto","background-attachment":"scroll","background-type":"","background-media":"","overlay-type":"","overlay-color":"","overlay-opacity":"","overlay-gradient":""},"mobile":{"background-color":"var(--ast-global-color-5)","background-image":"","background-repeat":"repeat","background-position":"center center","background-size":"auto","background-attachment":"scroll","background-type":"","background-media":"","overlay-type":"","overlay-color":"","overlay-opacity":"","overlay-gradient":""}},"footnotes":""},"categories":[48],"tags":[],"class_list":["post-5264","post","type-post","status-publish","format-standard","has-post-thumbnail","hentry","category-noticies"],"yoast_head":"<!-- This site is optimized with the Yoast SEO plugin v27.2 - https:\/\/yoast.com\/product\/yoast-seo-wordpress\/ -->\n<title>Seminari web: Epistemological tensions in the integration of arts education practices in schools - EXPECT_Art<\/title>\n<meta name=\"robots\" content=\"index, follow, max-snippet:-1, max-image-preview:large, max-video-preview:-1\" \/>\n<link rel=\"canonical\" href=\"https:\/\/www.expectart.eu\/ca\/seminari-web-epistemological-tensions-in-the-integration-of-arts-education-practices-in-schools\/\" \/>\n<meta property=\"og:locale\" content=\"ca_ES\" \/>\n<meta property=\"og:type\" content=\"article\" \/>\n<meta property=\"og:title\" content=\"Seminari web: Epistemological tensions in the integration of arts education practices in schools - EXPECT_Art\" \/>\n<meta property=\"og:description\" content=\"El grup de recerca Esbrina de la Universitat de Barcelona organitza un interessant seminari web que pret\u00e9n localitzar, observar i destacar les pr\u00e0ctiques d&#8217;educaci\u00f3 art\u00edstica, educaci\u00f3 a trav\u00e9s de les arts i l&#8217;\u00fas de les arts en l&#8217;educaci\u00f3 en dues escoles de Barcelona que participen en el nostre projecte. Els nostres col\u00b7laboradors, Aurelio Castro Varela [&hellip;]\" \/>\n<meta property=\"og:url\" content=\"https:\/\/www.expectart.eu\/ca\/seminari-web-epistemological-tensions-in-the-integration-of-arts-education-practices-in-schools\/\" \/>\n<meta property=\"og:site_name\" content=\"EXPECT_Art\" \/>\n<meta property=\"article:publisher\" content=\"https:\/\/www.facebook.com\/EXPECTArtEU\" \/>\n<meta property=\"article:published_time\" content=\"2025-04-28T11:07:53+00:00\" \/>\n<meta property=\"article:modified_time\" content=\"2025-04-29T10:22:16+00:00\" \/>\n<meta property=\"og:image\" content=\"https:\/\/www.expectart.eu\/wp-content\/uploads\/2025\/04\/Screenshot-2025-04-28-130441-e1745838345443.png\" \/>\n\t<meta property=\"og:image:width\" content=\"1027\" \/>\n\t<meta property=\"og:image:height\" content=\"653\" \/>\n\t<meta property=\"og:image:type\" content=\"image\/png\" \/>\n<meta name=\"author\" content=\"Xavier Gir\u00f3 Gr\u00e0cia\" \/>\n<meta name=\"twitter:card\" content=\"summary_large_image\" \/>\n<meta name=\"twitter:label1\" content=\"Escrit per\" \/>\n\t<meta name=\"twitter:data1\" content=\"Xavier Gir\u00f3 Gr\u00e0cia\" \/>\n\t<meta name=\"twitter:label2\" content=\"Temps estimat de lectura\" \/>\n\t<meta name=\"twitter:data2\" content=\"1 minut\" \/>\n<script type=\"application\/ld+json\" class=\"yoast-schema-graph\">{\"@context\":\"https:\/\/schema.org\",\"@graph\":[{\"@type\":\"Article\",\"@id\":\"https:\/\/www.expectart.eu\/ca\/seminari-web-epistemological-tensions-in-the-integration-of-arts-education-practices-in-schools\/#article\",\"isPartOf\":{\"@id\":\"https:\/\/www.expectart.eu\/ca\/seminari-web-epistemological-tensions-in-the-integration-of-arts-education-practices-in-schools\/\"},\"author\":{\"name\":\"Xavier Gir\u00f3 Gr\u00e0cia\",\"@id\":\"https:\/\/www.expectart.eu\/#\/schema\/person\/23bfb96483707b6f7e7622a7f8db2f16\"},\"headline\":\"Seminari web: Epistemological tensions in the integration of arts education practices in schools\",\"datePublished\":\"2025-04-28T11:07:53+00:00\",\"dateModified\":\"2025-04-29T10:22:16+00:00\",\"mainEntityOfPage\":{\"@id\":\"https:\/\/www.expectart.eu\/ca\/seminari-web-epistemological-tensions-in-the-integration-of-arts-education-practices-in-schools\/\"},\"wordCount\":144,\"commentCount\":0,\"publisher\":{\"@id\":\"https:\/\/www.expectart.eu\/#organization\"},\"image\":{\"@id\":\"https:\/\/www.expectart.eu\/ca\/seminari-web-epistemological-tensions-in-the-integration-of-arts-education-practices-in-schools\/#primaryimage\"},\"thumbnailUrl\":\"https:\/\/www.expectart.eu\/wp-content\/uploads\/2025\/04\/Screenshot-2025-04-28-130441-e1745838345443.png\",\"articleSection\":[\"Noticies\"],\"inLanguage\":\"ca\",\"potentialAction\":[{\"@type\":\"CommentAction\",\"name\":\"Comment\",\"target\":[\"https:\/\/www.expectart.eu\/ca\/seminari-web-epistemological-tensions-in-the-integration-of-arts-education-practices-in-schools\/#respond\"]}]},{\"@type\":\"WebPage\",\"@id\":\"https:\/\/www.expectart.eu\/ca\/seminari-web-epistemological-tensions-in-the-integration-of-arts-education-practices-in-schools\/\",\"url\":\"https:\/\/www.expectart.eu\/ca\/seminari-web-epistemological-tensions-in-the-integration-of-arts-education-practices-in-schools\/\",\"name\":\"Seminari web: Epistemological tensions in the integration of arts education practices in schools - EXPECT_Art\",\"isPartOf\":{\"@id\":\"https:\/\/www.expectart.eu\/#website\"},\"primaryImageOfPage\":{\"@id\":\"https:\/\/www.expectart.eu\/ca\/seminari-web-epistemological-tensions-in-the-integration-of-arts-education-practices-in-schools\/#primaryimage\"},\"image\":{\"@id\":\"https:\/\/www.expectart.eu\/ca\/seminari-web-epistemological-tensions-in-the-integration-of-arts-education-practices-in-schools\/#primaryimage\"},\"thumbnailUrl\":\"https:\/\/www.expectart.eu\/wp-content\/uploads\/2025\/04\/Screenshot-2025-04-28-130441-e1745838345443.png\",\"datePublished\":\"2025-04-28T11:07:53+00:00\",\"dateModified\":\"2025-04-29T10:22:16+00:00\",\"breadcrumb\":{\"@id\":\"https:\/\/www.expectart.eu\/ca\/seminari-web-epistemological-tensions-in-the-integration-of-arts-education-practices-in-schools\/#breadcrumb\"},\"inLanguage\":\"ca\",\"potentialAction\":[{\"@type\":\"ReadAction\",\"target\":[\"https:\/\/www.expectart.eu\/ca\/seminari-web-epistemological-tensions-in-the-integration-of-arts-education-practices-in-schools\/\"]}]},{\"@type\":\"ImageObject\",\"inLanguage\":\"ca\",\"@id\":\"https:\/\/www.expectart.eu\/ca\/seminari-web-epistemological-tensions-in-the-integration-of-arts-education-practices-in-schools\/#primaryimage\",\"url\":\"https:\/\/www.expectart.eu\/wp-content\/uploads\/2025\/04\/Screenshot-2025-04-28-130441-e1745838345443.png\",\"contentUrl\":\"https:\/\/www.expectart.eu\/wp-content\/uploads\/2025\/04\/Screenshot-2025-04-28-130441-e1745838345443.png\",\"width\":1027,\"height\":653},{\"@type\":\"BreadcrumbList\",\"@id\":\"https:\/\/www.expectart.eu\/ca\/seminari-web-epistemological-tensions-in-the-integration-of-arts-education-practices-in-schools\/#breadcrumb\",\"itemListElement\":[{\"@type\":\"ListItem\",\"position\":1,\"name\":\"Home\",\"item\":\"https:\/\/www.expectart.eu\/\"},{\"@type\":\"ListItem\",\"position\":2,\"name\":\"Seminari web: Epistemological tensions in the integration of arts education practices in schools\"}]},{\"@type\":\"WebSite\",\"@id\":\"https:\/\/www.expectart.eu\/#website\",\"url\":\"https:\/\/www.expectart.eu\/\",\"name\":\"EXPECT_Art\",\"description\":\"EU Project\",\"publisher\":{\"@id\":\"https:\/\/www.expectart.eu\/#organization\"},\"potentialAction\":[{\"@type\":\"SearchAction\",\"target\":{\"@type\":\"EntryPoint\",\"urlTemplate\":\"https:\/\/www.expectart.eu\/?s={search_term_string}\"},\"query-input\":{\"@type\":\"PropertyValueSpecification\",\"valueRequired\":true,\"valueName\":\"search_term_string\"}}],\"inLanguage\":\"ca\"},{\"@type\":\"Organization\",\"@id\":\"https:\/\/www.expectart.eu\/#organization\",\"name\":\"EXPECT_Art\",\"url\":\"https:\/\/www.expectart.eu\/\",\"logo\":{\"@type\":\"ImageObject\",\"inLanguage\":\"ca\",\"@id\":\"https:\/\/www.expectart.eu\/#\/schema\/logo\/image\/\",\"url\":\"https:\/\/www.expectart.eu\/wp-content\/uploads\/2024\/04\/cropped-logo-rgb_without-text-02.png\",\"contentUrl\":\"https:\/\/www.expectart.eu\/wp-content\/uploads\/2024\/04\/cropped-logo-rgb_without-text-02.png\",\"width\":679,\"height\":139,\"caption\":\"EXPECT_Art\"},\"image\":{\"@id\":\"https:\/\/www.expectart.eu\/#\/schema\/logo\/image\/\"},\"sameAs\":[\"https:\/\/www.facebook.com\/EXPECTArtEU\",\"https:\/\/www.instagram.com\/expect_art_eu\/\"]},{\"@type\":\"Person\",\"@id\":\"https:\/\/www.expectart.eu\/#\/schema\/person\/23bfb96483707b6f7e7622a7f8db2f16\",\"name\":\"Xavier Gir\u00f3 Gr\u00e0cia\",\"image\":{\"@type\":\"ImageObject\",\"inLanguage\":\"ca\",\"@id\":\"https:\/\/secure.gravatar.com\/avatar\/c16e792998dd5d96a7dd7c52600523e1dab5f4b9696f5b9505b968d08e9fa42f?s=96&d=mm&r=g\",\"url\":\"https:\/\/secure.gravatar.com\/avatar\/c16e792998dd5d96a7dd7c52600523e1dab5f4b9696f5b9505b968d08e9fa42f?s=96&d=mm&r=g\",\"contentUrl\":\"https:\/\/secure.gravatar.com\/avatar\/c16e792998dd5d96a7dd7c52600523e1dab5f4b9696f5b9505b968d08e9fa42f?s=96&d=mm&r=g\",\"caption\":\"Xavier Gir\u00f3 Gr\u00e0cia\"},\"url\":\"https:\/\/www.expectart.eu\/ca\/author\/xavier\/\"}]}<\/script>\n<!-- \/ Yoast SEO plugin. -->","yoast_head_json":{"title":"Seminari web: Epistemological tensions in the integration of arts education practices in schools - EXPECT_Art","robots":{"index":"index","follow":"follow","max-snippet":"max-snippet:-1","max-image-preview":"max-image-preview:large","max-video-preview":"max-video-preview:-1"},"canonical":"https:\/\/www.expectart.eu\/ca\/seminari-web-epistemological-tensions-in-the-integration-of-arts-education-practices-in-schools\/","og_locale":"ca_ES","og_type":"article","og_title":"Seminari web: Epistemological tensions in the integration of arts education practices in schools - EXPECT_Art","og_description":"El grup de recerca Esbrina de la Universitat de Barcelona organitza un interessant seminari web que pret\u00e9n localitzar, observar i destacar les pr\u00e0ctiques d&#8217;educaci\u00f3 art\u00edstica, educaci\u00f3 a trav\u00e9s de les arts i l&#8217;\u00fas de les arts en l&#8217;educaci\u00f3 en dues escoles de Barcelona que participen en el nostre projecte. Els nostres col\u00b7laboradors, Aurelio Castro Varela [&hellip;]","og_url":"https:\/\/www.expectart.eu\/ca\/seminari-web-epistemological-tensions-in-the-integration-of-arts-education-practices-in-schools\/","og_site_name":"EXPECT_Art","article_publisher":"https:\/\/www.facebook.com\/EXPECTArtEU","article_published_time":"2025-04-28T11:07:53+00:00","article_modified_time":"2025-04-29T10:22:16+00:00","og_image":[{"width":1027,"height":653,"url":"https:\/\/www.expectart.eu\/wp-content\/uploads\/2025\/04\/Screenshot-2025-04-28-130441-e1745838345443.png","type":"image\/png"}],"author":"Xavier Gir\u00f3 Gr\u00e0cia","twitter_card":"summary_large_image","twitter_misc":{"Escrit per":"Xavier Gir\u00f3 Gr\u00e0cia","Temps estimat de lectura":"1 minut"},"schema":{"@context":"https:\/\/schema.org","@graph":[{"@type":"Article","@id":"https:\/\/www.expectart.eu\/ca\/seminari-web-epistemological-tensions-in-the-integration-of-arts-education-practices-in-schools\/#article","isPartOf":{"@id":"https:\/\/www.expectart.eu\/ca\/seminari-web-epistemological-tensions-in-the-integration-of-arts-education-practices-in-schools\/"},"author":{"name":"Xavier Gir\u00f3 Gr\u00e0cia","@id":"https:\/\/www.expectart.eu\/#\/schema\/person\/23bfb96483707b6f7e7622a7f8db2f16"},"headline":"Seminari web: Epistemological tensions in the integration of arts education practices in schools","datePublished":"2025-04-28T11:07:53+00:00","dateModified":"2025-04-29T10:22:16+00:00","mainEntityOfPage":{"@id":"https:\/\/www.expectart.eu\/ca\/seminari-web-epistemological-tensions-in-the-integration-of-arts-education-practices-in-schools\/"},"wordCount":144,"commentCount":0,"publisher":{"@id":"https:\/\/www.expectart.eu\/#organization"},"image":{"@id":"https:\/\/www.expectart.eu\/ca\/seminari-web-epistemological-tensions-in-the-integration-of-arts-education-practices-in-schools\/#primaryimage"},"thumbnailUrl":"https:\/\/www.expectart.eu\/wp-content\/uploads\/2025\/04\/Screenshot-2025-04-28-130441-e1745838345443.png","articleSection":["Noticies"],"inLanguage":"ca","potentialAction":[{"@type":"CommentAction","name":"Comment","target":["https:\/\/www.expectart.eu\/ca\/seminari-web-epistemological-tensions-in-the-integration-of-arts-education-practices-in-schools\/#respond"]}]},{"@type":"WebPage","@id":"https:\/\/www.expectart.eu\/ca\/seminari-web-epistemological-tensions-in-the-integration-of-arts-education-practices-in-schools\/","url":"https:\/\/www.expectart.eu\/ca\/seminari-web-epistemological-tensions-in-the-integration-of-arts-education-practices-in-schools\/","name":"Seminari web: Epistemological tensions in the integration of arts education practices in schools - EXPECT_Art","isPartOf":{"@id":"https:\/\/www.expectart.eu\/#website"},"primaryImageOfPage":{"@id":"https:\/\/www.expectart.eu\/ca\/seminari-web-epistemological-tensions-in-the-integration-of-arts-education-practices-in-schools\/#primaryimage"},"image":{"@id":"https:\/\/www.expectart.eu\/ca\/seminari-web-epistemological-tensions-in-the-integration-of-arts-education-practices-in-schools\/#primaryimage"},"thumbnailUrl":"https:\/\/www.expectart.eu\/wp-content\/uploads\/2025\/04\/Screenshot-2025-04-28-130441-e1745838345443.png","datePublished":"2025-04-28T11:07:53+00:00","dateModified":"2025-04-29T10:22:16+00:00","breadcrumb":{"@id":"https:\/\/www.expectart.eu\/ca\/seminari-web-epistemological-tensions-in-the-integration-of-arts-education-practices-in-schools\/#breadcrumb"},"inLanguage":"ca","potentialAction":[{"@type":"ReadAction","target":["https:\/\/www.expectart.eu\/ca\/seminari-web-epistemological-tensions-in-the-integration-of-arts-education-practices-in-schools\/"]}]},{"@type":"ImageObject","inLanguage":"ca","@id":"https:\/\/www.expectart.eu\/ca\/seminari-web-epistemological-tensions-in-the-integration-of-arts-education-practices-in-schools\/#primaryimage","url":"https:\/\/www.expectart.eu\/wp-content\/uploads\/2025\/04\/Screenshot-2025-04-28-130441-e1745838345443.png","contentUrl":"https:\/\/www.expectart.eu\/wp-content\/uploads\/2025\/04\/Screenshot-2025-04-28-130441-e1745838345443.png","width":1027,"height":653},{"@type":"BreadcrumbList","@id":"https:\/\/www.expectart.eu\/ca\/seminari-web-epistemological-tensions-in-the-integration-of-arts-education-practices-in-schools\/#breadcrumb","itemListElement":[{"@type":"ListItem","position":1,"name":"Home","item":"https:\/\/www.expectart.eu\/"},{"@type":"ListItem","position":2,"name":"Seminari web: Epistemological tensions in the integration of arts education practices in schools"}]},{"@type":"WebSite","@id":"https:\/\/www.expectart.eu\/#website","url":"https:\/\/www.expectart.eu\/","name":"EXPECT_Art","description":"EU Project","publisher":{"@id":"https:\/\/www.expectart.eu\/#organization"},"potentialAction":[{"@type":"SearchAction","target":{"@type":"EntryPoint","urlTemplate":"https:\/\/www.expectart.eu\/?s={search_term_string}"},"query-input":{"@type":"PropertyValueSpecification","valueRequired":true,"valueName":"search_term_string"}}],"inLanguage":"ca"},{"@type":"Organization","@id":"https:\/\/www.expectart.eu\/#organization","name":"EXPECT_Art","url":"https:\/\/www.expectart.eu\/","logo":{"@type":"ImageObject","inLanguage":"ca","@id":"https:\/\/www.expectart.eu\/#\/schema\/logo\/image\/","url":"https:\/\/www.expectart.eu\/wp-content\/uploads\/2024\/04\/cropped-logo-rgb_without-text-02.png","contentUrl":"https:\/\/www.expectart.eu\/wp-content\/uploads\/2024\/04\/cropped-logo-rgb_without-text-02.png","width":679,"height":139,"caption":"EXPECT_Art"},"image":{"@id":"https:\/\/www.expectart.eu\/#\/schema\/logo\/image\/"},"sameAs":["https:\/\/www.facebook.com\/EXPECTArtEU","https:\/\/www.instagram.com\/expect_art_eu\/"]},{"@type":"Person","@id":"https:\/\/www.expectart.eu\/#\/schema\/person\/23bfb96483707b6f7e7622a7f8db2f16","name":"Xavier Gir\u00f3 Gr\u00e0cia","image":{"@type":"ImageObject","inLanguage":"ca","@id":"https:\/\/secure.gravatar.com\/avatar\/c16e792998dd5d96a7dd7c52600523e1dab5f4b9696f5b9505b968d08e9fa42f?s=96&d=mm&r=g","url":"https:\/\/secure.gravatar.com\/avatar\/c16e792998dd5d96a7dd7c52600523e1dab5f4b9696f5b9505b968d08e9fa42f?s=96&d=mm&r=g","contentUrl":"https:\/\/secure.gravatar.com\/avatar\/c16e792998dd5d96a7dd7c52600523e1dab5f4b9696f5b9505b968d08e9fa42f?s=96&d=mm&r=g","caption":"Xavier Gir\u00f3 Gr\u00e0cia"},"url":"https:\/\/www.expectart.eu\/ca\/author\/xavier\/"}]}},"_links":{"self":[{"href":"https:\/\/www.expectart.eu\/ca\/wp-json\/wp\/v2\/posts\/5264","targetHints":{"allow":["GET"]}}],"collection":[{"href":"https:\/\/www.expectart.eu\/ca\/wp-json\/wp\/v2\/posts"}],"about":[{"href":"https:\/\/www.expectart.eu\/ca\/wp-json\/wp\/v2\/types\/post"}],"author":[{"embeddable":true,"href":"https:\/\/www.expectart.eu\/ca\/wp-json\/wp\/v2\/users\/6"}],"replies":[{"embeddable":true,"href":"https:\/\/www.expectart.eu\/ca\/wp-json\/wp\/v2\/comments?post=5264"}],"version-history":[{"count":1,"href":"https:\/\/www.expectart.eu\/ca\/wp-json\/wp\/v2\/posts\/5264\/revisions"}],"predecessor-version":[{"id":5266,"href":"https:\/\/www.expectart.eu\/ca\/wp-json\/wp\/v2\/posts\/5264\/revisions\/5266"}],"wp:featuredmedia":[{"embeddable":true,"href":"https:\/\/www.expectart.eu\/ca\/wp-json\/wp\/v2\/media\/5256"}],"wp:attachment":[{"href":"https:\/\/www.expectart.eu\/ca\/wp-json\/wp\/v2\/media?parent=5264"}],"wp:term":[{"taxonomy":"category","embeddable":true,"href":"https:\/\/www.expectart.eu\/ca\/wp-json\/wp\/v2\/categories?post=5264"},{"taxonomy":"post_tag","embeddable":true,"href":"https:\/\/www.expectart.eu\/ca\/wp-json\/wp\/v2\/tags?post=5264"}],"curies":[{"name":"wp","href":"https:\/\/api.w.org\/{rel}","templated":true}]}}