{"id":5249,"date":"2025-04-16T14:21:35","date_gmt":"2025-04-16T12:21:35","guid":{"rendered":"https:\/\/www.expectart.eu\/?p=5249"},"modified":"2025-04-22T12:23:17","modified_gmt":"2025-04-22T10:23:17","slug":"uneix-te-a-lescola-destiu-dexpect_art","status":"publish","type":"post","link":"https:\/\/www.expectart.eu\/ca\/uneix-te-a-lescola-destiu-dexpect_art\/","title":{"rendered":"Uneix-te a l&#8217;escola d&#8217;estiu d&#8217;EXPECT_Art"},"content":{"rendered":"\n<p>Ets estudiant de m\u00e0ster (o ser\u00e0s estudiant de m\u00e0ster a la tardor del 2025) i t&#8217;agradaria unir-te a l&#8217;escola d&#8217;estiu d&#8217;EXPECT_Art?<\/p>\n\n\n\n<p>L&#8217;escola d&#8217;estiu tracta sobre l&#8217;alfabetitzaci\u00f3 cultural a l&#8217;educaci\u00f3 posant especial atenci\u00f3 a la descolonitzaci\u00f3 del curr\u00edculum en l&#8217;educaci\u00f3 art\u00edstica, l&#8217;educaci\u00f3 a trav\u00e9s de les arts i els usos de les arts a l&#8217;educaci\u00f3. L&#8217;objectiu \u00e9s veure l&#8217;alfabetitzaci\u00f3 cultural de manera cr\u00edtica des de la perspectiva d&#8217;una societat diversa i entendre l&#8217;alfabetitzaci\u00f3 amb un enfocament en les expressions culturals i art\u00edstiques dels joves minoritzats i marginats. El programa explorar\u00e0 el potencial d&#8217;una alfabetitzaci\u00f3 cultural cr\u00edtica en diferents formats en un intercanvi mutu d&#8217;experi\u00e8ncies entre els participants, els instructors del curs i els experts. L&#8217;atenci\u00f3 a l&#8217;alfabetitzaci\u00f3 cultural cr\u00edtica, la descolonitzaci\u00f3 i l&#8217;educaci\u00f3 (art\u00edstica) es reflectir\u00e0 en el format de l&#8217;escola d&#8217;estiu, combinant confer\u00e8ncies, tallers i excursions en diferents modalitats.<\/p>\n\n\n\n<p>Data: 8-14 d&#8217;agost de 2025 (el 8 d&#8217;agost \u00e9s el dia d&#8217;arribada i el 14 d&#8217;agost \u00e9s el dia de la sortida)<\/p>\n\n\n\n<p>Notificaci\u00f3 de participaci\u00f3: 20 de maig<\/p>\n\n\n\n<p>Lloc d&#8217;allotjament i activitats de l&#8217;escola d&#8217;estiu: Centre Internacional de Reunions de Joves a Krzy\u017cowa, Pol\u00f2nia.<\/p>\n\n\n\n<p> L&#8217;escola d&#8217;estiu compta amb un nombre limitat de 30 places en total. La sol\u00b7licitud finalitza el 12 de maig de 2025. <a href=\"https:\/\/event.sdu.dk\/expectartsummerschool\/about-the-summer-school?fbclid=IwY2xjawJsfCdleHRuA2FlbQIxMAABHu58MGi4PIePzHirV8U02xMIMVweoD063UWtPnqomQ_KOjparh2ZdZrnbEon_aem_hKEI3JPQUfEU0PReK9IcfQ\">Feu clic aqu\u00ed per obtenir m\u00e9s informaci\u00f3.<\/a><\/p>\n\n\n\n<p>L&#8217;escola d&#8217;estiu est\u00e0 finan\u00e7ada per la Comissi\u00f3 Europea a trav\u00e9s del projecte EXPECT_Art i \u00e9s gratu\u00efta. Inclou allotjament, sortides i la majoria dels \u00e0pats.<\/p>\n\n\n\n<figure class=\"wp-block-image aligncenter size-large\"><img fetchpriority=\"high\" decoding=\"async\" width=\"683\" height=\"1024\" src=\"https:\/\/www.expectart.eu\/wp-content\/uploads\/2025\/04\/c-shii-1bi3zFpimBs-unsplash-683x1024.jpg\" alt=\"\" class=\"wp-image-5235\" srcset=\"https:\/\/www.expectart.eu\/wp-content\/uploads\/2025\/04\/c-shii-1bi3zFpimBs-unsplash-683x1024.jpg 683w, https:\/\/www.expectart.eu\/wp-content\/uploads\/2025\/04\/c-shii-1bi3zFpimBs-unsplash-200x300.jpg 200w, https:\/\/www.expectart.eu\/wp-content\/uploads\/2025\/04\/c-shii-1bi3zFpimBs-unsplash-768x1152.jpg 768w, https:\/\/www.expectart.eu\/wp-content\/uploads\/2025\/04\/c-shii-1bi3zFpimBs-unsplash-1024x1536.jpg 1024w, https:\/\/www.expectart.eu\/wp-content\/uploads\/2025\/04\/c-shii-1bi3zFpimBs-unsplash-1365x2048.jpg 1365w, https:\/\/www.expectart.eu\/wp-content\/uploads\/2025\/04\/c-shii-1bi3zFpimBs-unsplash-scaled.jpg 1707w\" sizes=\"(max-width: 683px) 100vw, 683px\" \/><\/figure>\n","protected":false},"excerpt":{"rendered":"<p>Ets estudiant de m\u00e0ster (o ser\u00e0s estudiant de m\u00e0ster a la tardor del 2025) i t&#8217;agradaria unir-te a l&#8217;escola d&#8217;estiu d&#8217;EXPECT_Art? L&#8217;escola d&#8217;estiu tracta sobre l&#8217;alfabetitzaci\u00f3 cultural a l&#8217;educaci\u00f3 posant especial atenci\u00f3 a la descolonitzaci\u00f3 del curr\u00edculum en l&#8217;educaci\u00f3 art\u00edstica, l&#8217;educaci\u00f3 a trav\u00e9s de les arts i els usos de les arts a l&#8217;educaci\u00f3. L&#8217;objectiu [&hellip;]<\/p>\n","protected":false},"author":6,"featured_media":5227,"comment_status":"open","ping_status":"open","sticky":false,"template":"","format":"standard","meta":{"site-sidebar-layout":"default","site-content-layout":"","ast-site-content-layout":"default","site-content-style":"default","site-sidebar-style":"default","ast-global-header-display":"","ast-banner-title-visibility":"","ast-main-header-display":"","ast-hfb-above-header-display":"","ast-hfb-below-header-display":"","ast-hfb-mobile-header-display":"","site-post-title":"","ast-breadcrumbs-content":"","ast-featured-img":"","footer-sml-layout":"","ast-disable-related-posts":"","theme-transparent-header-meta":"","adv-header-id-meta":"","stick-header-meta":"","header-above-stick-meta":"","header-main-stick-meta":"","header-below-stick-meta":"","astra-migrate-meta-layouts":"set","ast-page-background-enabled":"default","ast-page-background-meta":{"desktop":{"background-color":"","background-image":"","background-repeat":"repeat","background-position":"center center","background-size":"auto","background-attachment":"scroll","background-type":"","background-media":"","overlay-type":"","overlay-color":"","overlay-opacity":"","overlay-gradient":""},"tablet":{"background-color":"","background-image":"","background-repeat":"repeat","background-position":"center center","background-size":"auto","background-attachment":"scroll","background-type":"","background-media":"","overlay-type":"","overlay-color":"","overlay-opacity":"","overlay-gradient":""},"mobile":{"background-color":"","background-image":"","background-repeat":"repeat","background-position":"center center","background-size":"auto","background-attachment":"scroll","background-type":"","background-media":"","overlay-type":"","overlay-color":"","overlay-opacity":"","overlay-gradient":""}},"ast-content-background-meta":{"desktop":{"background-color":"var(--ast-global-color-5)","background-image":"","background-repeat":"repeat","background-position":"center center","background-size":"auto","background-attachment":"scroll","background-type":"","background-media":"","overlay-type":"","overlay-color":"","overlay-opacity":"","overlay-gradient":""},"tablet":{"background-color":"var(--ast-global-color-5)","background-image":"","background-repeat":"repeat","background-position":"center center","background-size":"auto","background-attachment":"scroll","background-type":"","background-media":"","overlay-type":"","overlay-color":"","overlay-opacity":"","overlay-gradient":""},"mobile":{"background-color":"var(--ast-global-color-5)","background-image":"","background-repeat":"repeat","background-position":"center center","background-size":"auto","background-attachment":"scroll","background-type":"","background-media":"","overlay-type":"","overlay-color":"","overlay-opacity":"","overlay-gradient":""}},"footnotes":""},"categories":[48],"tags":[],"class_list":["post-5249","post","type-post","status-publish","format-standard","has-post-thumbnail","hentry","category-noticies"],"yoast_head":"<!-- This site is optimized with the Yoast SEO plugin v27.2 - https:\/\/yoast.com\/product\/yoast-seo-wordpress\/ -->\n<title>Uneix-te a l&#039;escola d&#039;estiu d&#039;EXPECT_Art - EXPECT_Art<\/title>\n<meta name=\"robots\" content=\"index, follow, max-snippet:-1, max-image-preview:large, max-video-preview:-1\" \/>\n<link rel=\"canonical\" href=\"https:\/\/www.expectart.eu\/ca\/uneix-te-a-lescola-destiu-dexpect_art\/\" \/>\n<meta property=\"og:locale\" content=\"ca_ES\" \/>\n<meta property=\"og:type\" content=\"article\" \/>\n<meta property=\"og:title\" content=\"Uneix-te a l&#039;escola d&#039;estiu d&#039;EXPECT_Art - EXPECT_Art\" \/>\n<meta property=\"og:description\" content=\"Ets estudiant de m\u00e0ster (o ser\u00e0s estudiant de m\u00e0ster a la tardor del 2025) i t&#8217;agradaria unir-te a l&#8217;escola d&#8217;estiu d&#8217;EXPECT_Art? L&#8217;escola d&#8217;estiu tracta sobre l&#8217;alfabetitzaci\u00f3 cultural a l&#8217;educaci\u00f3 posant especial atenci\u00f3 a la descolonitzaci\u00f3 del curr\u00edculum en l&#8217;educaci\u00f3 art\u00edstica, l&#8217;educaci\u00f3 a trav\u00e9s de les arts i els usos de les arts a l&#8217;educaci\u00f3. L&#8217;objectiu [&hellip;]\" \/>\n<meta property=\"og:url\" content=\"https:\/\/www.expectart.eu\/ca\/uneix-te-a-lescola-destiu-dexpect_art\/\" \/>\n<meta property=\"og:site_name\" content=\"EXPECT_Art\" \/>\n<meta property=\"article:publisher\" content=\"https:\/\/www.facebook.com\/EXPECTArtEU\" \/>\n<meta property=\"article:published_time\" content=\"2025-04-16T12:21:35+00:00\" \/>\n<meta property=\"article:modified_time\" content=\"2025-04-22T10:23:17+00:00\" \/>\n<meta property=\"og:image\" content=\"https:\/\/www.expectart.eu\/wp-content\/uploads\/2025\/04\/alp-ancel-WKQt_X-SKFI-unsplash-scaled.jpg\" \/>\n\t<meta property=\"og:image:width\" content=\"2560\" \/>\n\t<meta property=\"og:image:height\" content=\"1707\" \/>\n\t<meta property=\"og:image:type\" content=\"image\/jpeg\" \/>\n<meta name=\"author\" content=\"Xavier Gir\u00f3 Gr\u00e0cia\" \/>\n<meta name=\"twitter:card\" content=\"summary_large_image\" \/>\n<meta name=\"twitter:label1\" content=\"Escrit per\" \/>\n\t<meta name=\"twitter:data1\" content=\"Xavier Gir\u00f3 Gr\u00e0cia\" \/>\n\t<meta name=\"twitter:label2\" content=\"Temps estimat de lectura\" \/>\n\t<meta name=\"twitter:data2\" content=\"2 minuts\" \/>\n<script type=\"application\/ld+json\" class=\"yoast-schema-graph\">{\"@context\":\"https:\/\/schema.org\",\"@graph\":[{\"@type\":\"Article\",\"@id\":\"https:\/\/www.expectart.eu\/ca\/uneix-te-a-lescola-destiu-dexpect_art\/#article\",\"isPartOf\":{\"@id\":\"https:\/\/www.expectart.eu\/ca\/uneix-te-a-lescola-destiu-dexpect_art\/\"},\"author\":{\"name\":\"Xavier Gir\u00f3 Gr\u00e0cia\",\"@id\":\"https:\/\/www.expectart.eu\/#\/schema\/person\/23bfb96483707b6f7e7622a7f8db2f16\"},\"headline\":\"Uneix-te a l&#8217;escola d&#8217;estiu d&#8217;EXPECT_Art\",\"datePublished\":\"2025-04-16T12:21:35+00:00\",\"dateModified\":\"2025-04-22T10:23:17+00:00\",\"mainEntityOfPage\":{\"@id\":\"https:\/\/www.expectart.eu\/ca\/uneix-te-a-lescola-destiu-dexpect_art\/\"},\"wordCount\":291,\"commentCount\":0,\"publisher\":{\"@id\":\"https:\/\/www.expectart.eu\/#organization\"},\"image\":{\"@id\":\"https:\/\/www.expectart.eu\/ca\/uneix-te-a-lescola-destiu-dexpect_art\/#primaryimage\"},\"thumbnailUrl\":\"https:\/\/www.expectart.eu\/wp-content\/uploads\/2025\/04\/alp-ancel-WKQt_X-SKFI-unsplash-scaled.jpg\",\"articleSection\":[\"Noticies\"],\"inLanguage\":\"ca\",\"potentialAction\":[{\"@type\":\"CommentAction\",\"name\":\"Comment\",\"target\":[\"https:\/\/www.expectart.eu\/ca\/uneix-te-a-lescola-destiu-dexpect_art\/#respond\"]}]},{\"@type\":\"WebPage\",\"@id\":\"https:\/\/www.expectart.eu\/ca\/uneix-te-a-lescola-destiu-dexpect_art\/\",\"url\":\"https:\/\/www.expectart.eu\/ca\/uneix-te-a-lescola-destiu-dexpect_art\/\",\"name\":\"Uneix-te a l'escola d'estiu d'EXPECT_Art - EXPECT_Art\",\"isPartOf\":{\"@id\":\"https:\/\/www.expectart.eu\/#website\"},\"primaryImageOfPage\":{\"@id\":\"https:\/\/www.expectart.eu\/ca\/uneix-te-a-lescola-destiu-dexpect_art\/#primaryimage\"},\"image\":{\"@id\":\"https:\/\/www.expectart.eu\/ca\/uneix-te-a-lescola-destiu-dexpect_art\/#primaryimage\"},\"thumbnailUrl\":\"https:\/\/www.expectart.eu\/wp-content\/uploads\/2025\/04\/alp-ancel-WKQt_X-SKFI-unsplash-scaled.jpg\",\"datePublished\":\"2025-04-16T12:21:35+00:00\",\"dateModified\":\"2025-04-22T10:23:17+00:00\",\"breadcrumb\":{\"@id\":\"https:\/\/www.expectart.eu\/ca\/uneix-te-a-lescola-destiu-dexpect_art\/#breadcrumb\"},\"inLanguage\":\"ca\",\"potentialAction\":[{\"@type\":\"ReadAction\",\"target\":[\"https:\/\/www.expectart.eu\/ca\/uneix-te-a-lescola-destiu-dexpect_art\/\"]}]},{\"@type\":\"ImageObject\",\"inLanguage\":\"ca\",\"@id\":\"https:\/\/www.expectart.eu\/ca\/uneix-te-a-lescola-destiu-dexpect_art\/#primaryimage\",\"url\":\"https:\/\/www.expectart.eu\/wp-content\/uploads\/2025\/04\/alp-ancel-WKQt_X-SKFI-unsplash-scaled.jpg\",\"contentUrl\":\"https:\/\/www.expectart.eu\/wp-content\/uploads\/2025\/04\/alp-ancel-WKQt_X-SKFI-unsplash-scaled.jpg\",\"width\":2560,\"height\":1707},{\"@type\":\"BreadcrumbList\",\"@id\":\"https:\/\/www.expectart.eu\/ca\/uneix-te-a-lescola-destiu-dexpect_art\/#breadcrumb\",\"itemListElement\":[{\"@type\":\"ListItem\",\"position\":1,\"name\":\"Home\",\"item\":\"https:\/\/www.expectart.eu\/\"},{\"@type\":\"ListItem\",\"position\":2,\"name\":\"Uneix-te a l&#8217;escola d&#8217;estiu d&#8217;EXPECT_Art\"}]},{\"@type\":\"WebSite\",\"@id\":\"https:\/\/www.expectart.eu\/#website\",\"url\":\"https:\/\/www.expectart.eu\/\",\"name\":\"EXPECT_Art\",\"description\":\"EU Project\",\"publisher\":{\"@id\":\"https:\/\/www.expectart.eu\/#organization\"},\"potentialAction\":[{\"@type\":\"SearchAction\",\"target\":{\"@type\":\"EntryPoint\",\"urlTemplate\":\"https:\/\/www.expectart.eu\/?s={search_term_string}\"},\"query-input\":{\"@type\":\"PropertyValueSpecification\",\"valueRequired\":true,\"valueName\":\"search_term_string\"}}],\"inLanguage\":\"ca\"},{\"@type\":\"Organization\",\"@id\":\"https:\/\/www.expectart.eu\/#organization\",\"name\":\"EXPECT_Art\",\"url\":\"https:\/\/www.expectart.eu\/\",\"logo\":{\"@type\":\"ImageObject\",\"inLanguage\":\"ca\",\"@id\":\"https:\/\/www.expectart.eu\/#\/schema\/logo\/image\/\",\"url\":\"https:\/\/www.expectart.eu\/wp-content\/uploads\/2024\/04\/cropped-logo-rgb_without-text-02.png\",\"contentUrl\":\"https:\/\/www.expectart.eu\/wp-content\/uploads\/2024\/04\/cropped-logo-rgb_without-text-02.png\",\"width\":679,\"height\":139,\"caption\":\"EXPECT_Art\"},\"image\":{\"@id\":\"https:\/\/www.expectart.eu\/#\/schema\/logo\/image\/\"},\"sameAs\":[\"https:\/\/www.facebook.com\/EXPECTArtEU\",\"https:\/\/www.instagram.com\/expect_art_eu\/\"]},{\"@type\":\"Person\",\"@id\":\"https:\/\/www.expectart.eu\/#\/schema\/person\/23bfb96483707b6f7e7622a7f8db2f16\",\"name\":\"Xavier Gir\u00f3 Gr\u00e0cia\",\"image\":{\"@type\":\"ImageObject\",\"inLanguage\":\"ca\",\"@id\":\"https:\/\/secure.gravatar.com\/avatar\/c16e792998dd5d96a7dd7c52600523e1dab5f4b9696f5b9505b968d08e9fa42f?s=96&d=mm&r=g\",\"url\":\"https:\/\/secure.gravatar.com\/avatar\/c16e792998dd5d96a7dd7c52600523e1dab5f4b9696f5b9505b968d08e9fa42f?s=96&d=mm&r=g\",\"contentUrl\":\"https:\/\/secure.gravatar.com\/avatar\/c16e792998dd5d96a7dd7c52600523e1dab5f4b9696f5b9505b968d08e9fa42f?s=96&d=mm&r=g\",\"caption\":\"Xavier Gir\u00f3 Gr\u00e0cia\"},\"url\":\"https:\/\/www.expectart.eu\/ca\/author\/xavier\/\"}]}<\/script>\n<!-- \/ Yoast SEO plugin. -->","yoast_head_json":{"title":"Uneix-te a l'escola d'estiu d'EXPECT_Art - EXPECT_Art","robots":{"index":"index","follow":"follow","max-snippet":"max-snippet:-1","max-image-preview":"max-image-preview:large","max-video-preview":"max-video-preview:-1"},"canonical":"https:\/\/www.expectart.eu\/ca\/uneix-te-a-lescola-destiu-dexpect_art\/","og_locale":"ca_ES","og_type":"article","og_title":"Uneix-te a l'escola d'estiu d'EXPECT_Art - EXPECT_Art","og_description":"Ets estudiant de m\u00e0ster (o ser\u00e0s estudiant de m\u00e0ster a la tardor del 2025) i t&#8217;agradaria unir-te a l&#8217;escola d&#8217;estiu d&#8217;EXPECT_Art? L&#8217;escola d&#8217;estiu tracta sobre l&#8217;alfabetitzaci\u00f3 cultural a l&#8217;educaci\u00f3 posant especial atenci\u00f3 a la descolonitzaci\u00f3 del curr\u00edculum en l&#8217;educaci\u00f3 art\u00edstica, l&#8217;educaci\u00f3 a trav\u00e9s de les arts i els usos de les arts a l&#8217;educaci\u00f3. L&#8217;objectiu [&hellip;]","og_url":"https:\/\/www.expectart.eu\/ca\/uneix-te-a-lescola-destiu-dexpect_art\/","og_site_name":"EXPECT_Art","article_publisher":"https:\/\/www.facebook.com\/EXPECTArtEU","article_published_time":"2025-04-16T12:21:35+00:00","article_modified_time":"2025-04-22T10:23:17+00:00","og_image":[{"width":2560,"height":1707,"url":"https:\/\/www.expectart.eu\/wp-content\/uploads\/2025\/04\/alp-ancel-WKQt_X-SKFI-unsplash-scaled.jpg","type":"image\/jpeg"}],"author":"Xavier Gir\u00f3 Gr\u00e0cia","twitter_card":"summary_large_image","twitter_misc":{"Escrit per":"Xavier Gir\u00f3 Gr\u00e0cia","Temps estimat de lectura":"2 minuts"},"schema":{"@context":"https:\/\/schema.org","@graph":[{"@type":"Article","@id":"https:\/\/www.expectart.eu\/ca\/uneix-te-a-lescola-destiu-dexpect_art\/#article","isPartOf":{"@id":"https:\/\/www.expectart.eu\/ca\/uneix-te-a-lescola-destiu-dexpect_art\/"},"author":{"name":"Xavier Gir\u00f3 Gr\u00e0cia","@id":"https:\/\/www.expectart.eu\/#\/schema\/person\/23bfb96483707b6f7e7622a7f8db2f16"},"headline":"Uneix-te a l&#8217;escola d&#8217;estiu d&#8217;EXPECT_Art","datePublished":"2025-04-16T12:21:35+00:00","dateModified":"2025-04-22T10:23:17+00:00","mainEntityOfPage":{"@id":"https:\/\/www.expectart.eu\/ca\/uneix-te-a-lescola-destiu-dexpect_art\/"},"wordCount":291,"commentCount":0,"publisher":{"@id":"https:\/\/www.expectart.eu\/#organization"},"image":{"@id":"https:\/\/www.expectart.eu\/ca\/uneix-te-a-lescola-destiu-dexpect_art\/#primaryimage"},"thumbnailUrl":"https:\/\/www.expectart.eu\/wp-content\/uploads\/2025\/04\/alp-ancel-WKQt_X-SKFI-unsplash-scaled.jpg","articleSection":["Noticies"],"inLanguage":"ca","potentialAction":[{"@type":"CommentAction","name":"Comment","target":["https:\/\/www.expectart.eu\/ca\/uneix-te-a-lescola-destiu-dexpect_art\/#respond"]}]},{"@type":"WebPage","@id":"https:\/\/www.expectart.eu\/ca\/uneix-te-a-lescola-destiu-dexpect_art\/","url":"https:\/\/www.expectart.eu\/ca\/uneix-te-a-lescola-destiu-dexpect_art\/","name":"Uneix-te a l'escola d'estiu d'EXPECT_Art - EXPECT_Art","isPartOf":{"@id":"https:\/\/www.expectart.eu\/#website"},"primaryImageOfPage":{"@id":"https:\/\/www.expectart.eu\/ca\/uneix-te-a-lescola-destiu-dexpect_art\/#primaryimage"},"image":{"@id":"https:\/\/www.expectart.eu\/ca\/uneix-te-a-lescola-destiu-dexpect_art\/#primaryimage"},"thumbnailUrl":"https:\/\/www.expectart.eu\/wp-content\/uploads\/2025\/04\/alp-ancel-WKQt_X-SKFI-unsplash-scaled.jpg","datePublished":"2025-04-16T12:21:35+00:00","dateModified":"2025-04-22T10:23:17+00:00","breadcrumb":{"@id":"https:\/\/www.expectart.eu\/ca\/uneix-te-a-lescola-destiu-dexpect_art\/#breadcrumb"},"inLanguage":"ca","potentialAction":[{"@type":"ReadAction","target":["https:\/\/www.expectart.eu\/ca\/uneix-te-a-lescola-destiu-dexpect_art\/"]}]},{"@type":"ImageObject","inLanguage":"ca","@id":"https:\/\/www.expectart.eu\/ca\/uneix-te-a-lescola-destiu-dexpect_art\/#primaryimage","url":"https:\/\/www.expectart.eu\/wp-content\/uploads\/2025\/04\/alp-ancel-WKQt_X-SKFI-unsplash-scaled.jpg","contentUrl":"https:\/\/www.expectart.eu\/wp-content\/uploads\/2025\/04\/alp-ancel-WKQt_X-SKFI-unsplash-scaled.jpg","width":2560,"height":1707},{"@type":"BreadcrumbList","@id":"https:\/\/www.expectart.eu\/ca\/uneix-te-a-lescola-destiu-dexpect_art\/#breadcrumb","itemListElement":[{"@type":"ListItem","position":1,"name":"Home","item":"https:\/\/www.expectart.eu\/"},{"@type":"ListItem","position":2,"name":"Uneix-te a l&#8217;escola d&#8217;estiu d&#8217;EXPECT_Art"}]},{"@type":"WebSite","@id":"https:\/\/www.expectart.eu\/#website","url":"https:\/\/www.expectart.eu\/","name":"EXPECT_Art","description":"EU Project","publisher":{"@id":"https:\/\/www.expectart.eu\/#organization"},"potentialAction":[{"@type":"SearchAction","target":{"@type":"EntryPoint","urlTemplate":"https:\/\/www.expectart.eu\/?s={search_term_string}"},"query-input":{"@type":"PropertyValueSpecification","valueRequired":true,"valueName":"search_term_string"}}],"inLanguage":"ca"},{"@type":"Organization","@id":"https:\/\/www.expectart.eu\/#organization","name":"EXPECT_Art","url":"https:\/\/www.expectart.eu\/","logo":{"@type":"ImageObject","inLanguage":"ca","@id":"https:\/\/www.expectart.eu\/#\/schema\/logo\/image\/","url":"https:\/\/www.expectart.eu\/wp-content\/uploads\/2024\/04\/cropped-logo-rgb_without-text-02.png","contentUrl":"https:\/\/www.expectart.eu\/wp-content\/uploads\/2024\/04\/cropped-logo-rgb_without-text-02.png","width":679,"height":139,"caption":"EXPECT_Art"},"image":{"@id":"https:\/\/www.expectart.eu\/#\/schema\/logo\/image\/"},"sameAs":["https:\/\/www.facebook.com\/EXPECTArtEU","https:\/\/www.instagram.com\/expect_art_eu\/"]},{"@type":"Person","@id":"https:\/\/www.expectart.eu\/#\/schema\/person\/23bfb96483707b6f7e7622a7f8db2f16","name":"Xavier Gir\u00f3 Gr\u00e0cia","image":{"@type":"ImageObject","inLanguage":"ca","@id":"https:\/\/secure.gravatar.com\/avatar\/c16e792998dd5d96a7dd7c52600523e1dab5f4b9696f5b9505b968d08e9fa42f?s=96&d=mm&r=g","url":"https:\/\/secure.gravatar.com\/avatar\/c16e792998dd5d96a7dd7c52600523e1dab5f4b9696f5b9505b968d08e9fa42f?s=96&d=mm&r=g","contentUrl":"https:\/\/secure.gravatar.com\/avatar\/c16e792998dd5d96a7dd7c52600523e1dab5f4b9696f5b9505b968d08e9fa42f?s=96&d=mm&r=g","caption":"Xavier Gir\u00f3 Gr\u00e0cia"},"url":"https:\/\/www.expectart.eu\/ca\/author\/xavier\/"}]}},"_links":{"self":[{"href":"https:\/\/www.expectart.eu\/ca\/wp-json\/wp\/v2\/posts\/5249","targetHints":{"allow":["GET"]}}],"collection":[{"href":"https:\/\/www.expectart.eu\/ca\/wp-json\/wp\/v2\/posts"}],"about":[{"href":"https:\/\/www.expectart.eu\/ca\/wp-json\/wp\/v2\/types\/post"}],"author":[{"embeddable":true,"href":"https:\/\/www.expectart.eu\/ca\/wp-json\/wp\/v2\/users\/6"}],"replies":[{"embeddable":true,"href":"https:\/\/www.expectart.eu\/ca\/wp-json\/wp\/v2\/comments?post=5249"}],"version-history":[{"count":1,"href":"https:\/\/www.expectart.eu\/ca\/wp-json\/wp\/v2\/posts\/5249\/revisions"}],"predecessor-version":[{"id":5251,"href":"https:\/\/www.expectart.eu\/ca\/wp-json\/wp\/v2\/posts\/5249\/revisions\/5251"}],"wp:featuredmedia":[{"embeddable":true,"href":"https:\/\/www.expectart.eu\/ca\/wp-json\/wp\/v2\/media\/5227"}],"wp:attachment":[{"href":"https:\/\/www.expectart.eu\/ca\/wp-json\/wp\/v2\/media?parent=5249"}],"wp:term":[{"taxonomy":"category","embeddable":true,"href":"https:\/\/www.expectart.eu\/ca\/wp-json\/wp\/v2\/categories?post=5249"},{"taxonomy":"post_tag","embeddable":true,"href":"https:\/\/www.expectart.eu\/ca\/wp-json\/wp\/v2\/tags?post=5249"}],"curies":[{"name":"wp","href":"https:\/\/api.w.org\/{rel}","templated":true}]}}