{"id":5048,"date":"2025-03-28T14:26:28","date_gmt":"2025-03-28T13:26:28","guid":{"rendered":"https:\/\/www.expectart.eu\/?p=5048"},"modified":"2025-03-31T12:10:18","modified_gmt":"2025-03-31T10:10:18","slug":"newsletter-4","status":"publish","type":"post","link":"https:\/\/www.expectart.eu\/ca\/newsletter-4\/","title":{"rendered":"Entrant al segon any amb creativitat i col\u00b7laboraci\u00f3: butllet\u00ed n\u00fam. 4"},"content":{"rendered":"\n<p>Ens complau compartir amb vosaltres el quart n\u00famero del butllet\u00ed EXPECT_Art, que marca l&#8217;inici del segon any del projecte amb hist\u00f2ries de col\u00b7laboraci\u00f3, creativitat i alfabetitzaci\u00f3 cultural cr\u00edtica (ACC) en acci\u00f3.<\/p>\n\n\n\n<p>Al gener, els nostres socis es van reunir a la vibrant ciutat de <strong>Barcelona<\/strong> per a la tercera assemblea general. Acollida per la Universitat de Barcelona i Experimentem amb l\u2019Art, la trobada va reunir m\u00e9s de 40 participants de sis pa\u00efsos. Tallers, visites a museus de renom i debats din\u00e0mics marquen el to de l&#8217;any que ve, a mesura que aprofundim en el nostre comprom\u00eds amb la investigaci\u00f3 basada en les arts.<\/p>\n\n\n\n<p>Mentrestant, a <strong>Eslov\u00e8nia<\/strong>, els alumnes s&#8217;han embarcat en un apassionant viatge de creaci\u00f3 conjunta amb el soci art\u00edstic Portret, desenvolupant una obra de teatre que porta veus joves al primer pla. Aquest proc\u00e9s fomenta la creativitat, l&#8217;autoexpressi\u00f3 i la col\u00b7laboraci\u00f3, convertint els nens i nenes en coinvestigadors de les seves pr\u00f2pies experi\u00e8ncies, principi clau del nostre enfocament impulsat per la comunitat.<\/p>\n\n\n\n<div data-wp-interactive=\"core\/file\" class=\"wp-block-file\"><object data-wp-bind--hidden=\"!state.hasPdfPreview\" hidden class=\"wp-block-file__embed\" data=\"https:\/\/www.expectart.eu\/wp-content\/uploads\/2025\/03\/NWL_4_NEWSLETTER-CAT_compressed.pdf\" type=\"application\/pdf\" style=\"width:100%;height:600px\" aria-label=\"Incrustaci\u00f3 del fitxer NWL_4_NEWSLETTER CAT_compressed.\"><\/object><a id=\"wp-block-file--media-722e6d9c-9ed7-4ab5-8da8-22a58cfd1c5c\" href=\"https:\/\/www.expectart.eu\/wp-content\/uploads\/2025\/03\/NWL_4_NEWSLETTER-CAT_compressed.pdf\">NWL_4_NEWSLETTER CAT_compressed<\/a><a href=\"https:\/\/www.expectart.eu\/wp-content\/uploads\/2025\/03\/NWL_4_NEWSLETTER-CAT_compressed.pdf\" class=\"wp-block-file__button wp-element-button\" download aria-describedby=\"wp-block-file--media-722e6d9c-9ed7-4ab5-8da8-22a58cfd1c5c\">Download<\/a><\/div>\n\n\n\n<p><\/p>\n","protected":false},"excerpt":{"rendered":"<p>Ens complau compartir amb vosaltres el quart n\u00famero del butllet\u00ed EXPECT_Art, que marca l&#8217;inici del segon any del projecte amb hist\u00f2ries de col\u00b7laboraci\u00f3, creativitat i alfabetitzaci\u00f3 cultural cr\u00edtica (ACC) en acci\u00f3. Al gener, els nostres socis es van reunir a la vibrant ciutat de Barcelona per a la tercera assemblea general. Acollida per la Universitat [&hellip;]<\/p>\n","protected":false},"author":4,"featured_media":2482,"comment_status":"open","ping_status":"open","sticky":false,"template":"","format":"standard","meta":{"site-sidebar-layout":"default","site-content-layout":"","ast-site-content-layout":"default","site-content-style":"default","site-sidebar-style":"default","ast-global-header-display":"","ast-banner-title-visibility":"","ast-main-header-display":"","ast-hfb-above-header-display":"","ast-hfb-below-header-display":"","ast-hfb-mobile-header-display":"","site-post-title":"","ast-breadcrumbs-content":"","ast-featured-img":"","footer-sml-layout":"","ast-disable-related-posts":"","theme-transparent-header-meta":"","adv-header-id-meta":"","stick-header-meta":"","header-above-stick-meta":"","header-main-stick-meta":"","header-below-stick-meta":"","astra-migrate-meta-layouts":"set","ast-page-background-enabled":"default","ast-page-background-meta":{"desktop":{"background-color":"","background-image":"","background-repeat":"repeat","background-position":"center center","background-size":"auto","background-attachment":"scroll","background-type":"","background-media":"","overlay-type":"","overlay-color":"","overlay-opacity":"","overlay-gradient":""},"tablet":{"background-color":"","background-image":"","background-repeat":"repeat","background-position":"center center","background-size":"auto","background-attachment":"scroll","background-type":"","background-media":"","overlay-type":"","overlay-color":"","overlay-opacity":"","overlay-gradient":""},"mobile":{"background-color":"","background-image":"","background-repeat":"repeat","background-position":"center center","background-size":"auto","background-attachment":"scroll","background-type":"","background-media":"","overlay-type":"","overlay-color":"","overlay-opacity":"","overlay-gradient":""}},"ast-content-background-meta":{"desktop":{"background-color":"var(--ast-global-color-5)","background-image":"","background-repeat":"repeat","background-position":"center center","background-size":"auto","background-attachment":"scroll","background-type":"","background-media":"","overlay-type":"","overlay-color":"","overlay-opacity":"","overlay-gradient":""},"tablet":{"background-color":"var(--ast-global-color-5)","background-image":"","background-repeat":"repeat","background-position":"center center","background-size":"auto","background-attachment":"scroll","background-type":"","background-media":"","overlay-type":"","overlay-color":"","overlay-opacity":"","overlay-gradient":""},"mobile":{"background-color":"var(--ast-global-color-5)","background-image":"","background-repeat":"repeat","background-position":"center center","background-size":"auto","background-attachment":"scroll","background-type":"","background-media":"","overlay-type":"","overlay-color":"","overlay-opacity":"","overlay-gradient":""}},"footnotes":""},"categories":[59,48],"tags":[],"class_list":["post-5048","post","type-post","status-publish","format-standard","has-post-thumbnail","hentry","category-newsletters_cat","category-noticies"],"yoast_head":"<!-- This site is optimized with the Yoast SEO plugin v27.2 - https:\/\/yoast.com\/product\/yoast-seo-wordpress\/ -->\n<title>Entrant al segon any amb creativitat i col\u00b7laboraci\u00f3: butllet\u00ed n\u00fam. 4 - EXPECT_Art<\/title>\n<meta name=\"robots\" content=\"index, follow, max-snippet:-1, max-image-preview:large, max-video-preview:-1\" \/>\n<link rel=\"canonical\" href=\"https:\/\/www.expectart.eu\/ca\/newsletter-4\/\" \/>\n<meta property=\"og:locale\" content=\"ca_ES\" \/>\n<meta property=\"og:type\" content=\"article\" \/>\n<meta property=\"og:title\" content=\"Entrant al segon any amb creativitat i col\u00b7laboraci\u00f3: butllet\u00ed n\u00fam. 4 - EXPECT_Art\" \/>\n<meta property=\"og:description\" content=\"Ens complau compartir amb vosaltres el quart n\u00famero del butllet\u00ed EXPECT_Art, que marca l&#8217;inici del segon any del projecte amb hist\u00f2ries de col\u00b7laboraci\u00f3, creativitat i alfabetitzaci\u00f3 cultural cr\u00edtica (ACC) en acci\u00f3. Al gener, els nostres socis es van reunir a la vibrant ciutat de Barcelona per a la tercera assemblea general. Acollida per la Universitat [&hellip;]\" \/>\n<meta property=\"og:url\" content=\"https:\/\/www.expectart.eu\/ca\/newsletter-4\/\" \/>\n<meta property=\"og:site_name\" content=\"EXPECT_Art\" \/>\n<meta property=\"article:publisher\" content=\"https:\/\/www.facebook.com\/EXPECTArtEU\" \/>\n<meta property=\"article:published_time\" content=\"2025-03-28T13:26:28+00:00\" \/>\n<meta property=\"article:modified_time\" content=\"2025-03-31T10:10:18+00:00\" \/>\n<meta property=\"og:image\" content=\"https:\/\/www.expectart.eu\/wp-content\/uploads\/2024\/04\/Research-activities-2.jpg\" \/>\n\t<meta property=\"og:image:width\" content=\"600\" \/>\n\t<meta property=\"og:image:height\" content=\"400\" \/>\n\t<meta property=\"og:image:type\" content=\"image\/jpeg\" \/>\n<meta name=\"author\" content=\"Lucija De\u017ean\" \/>\n<meta name=\"twitter:card\" content=\"summary_large_image\" \/>\n<meta name=\"twitter:label1\" content=\"Escrit per\" \/>\n\t<meta name=\"twitter:data1\" content=\"Lucija De\u017ean\" \/>\n\t<meta name=\"twitter:label2\" content=\"Temps estimat de lectura\" \/>\n\t<meta name=\"twitter:data2\" content=\"1 minut\" \/>\n<script type=\"application\/ld+json\" class=\"yoast-schema-graph\">{\"@context\":\"https:\/\/schema.org\",\"@graph\":[{\"@type\":\"Article\",\"@id\":\"https:\/\/www.expectart.eu\/ca\/newsletter-4\/#article\",\"isPartOf\":{\"@id\":\"https:\/\/www.expectart.eu\/ca\/newsletter-4\/\"},\"author\":{\"name\":\"Lucija De\u017ean\",\"@id\":\"https:\/\/www.expectart.eu\/#\/schema\/person\/ae99bf994a668be417315983aefbee35\"},\"headline\":\"Entrant al segon any amb creativitat i col\u00b7laboraci\u00f3: butllet\u00ed n\u00fam. 4\",\"datePublished\":\"2025-03-28T13:26:28+00:00\",\"dateModified\":\"2025-03-31T10:10:18+00:00\",\"mainEntityOfPage\":{\"@id\":\"https:\/\/www.expectart.eu\/ca\/newsletter-4\/\"},\"wordCount\":200,\"commentCount\":0,\"publisher\":{\"@id\":\"https:\/\/www.expectart.eu\/#organization\"},\"image\":{\"@id\":\"https:\/\/www.expectart.eu\/ca\/newsletter-4\/#primaryimage\"},\"thumbnailUrl\":\"https:\/\/www.expectart.eu\/wp-content\/uploads\/2024\/04\/Research-activities-2.jpg\",\"articleSection\":[\"newsletters_CAT\",\"Noticies\"],\"inLanguage\":\"ca\",\"potentialAction\":[{\"@type\":\"CommentAction\",\"name\":\"Comment\",\"target\":[\"https:\/\/www.expectart.eu\/ca\/newsletter-4\/#respond\"]}]},{\"@type\":\"WebPage\",\"@id\":\"https:\/\/www.expectart.eu\/ca\/newsletter-4\/\",\"url\":\"https:\/\/www.expectart.eu\/ca\/newsletter-4\/\",\"name\":\"Entrant al segon any amb creativitat i col\u00b7laboraci\u00f3: butllet\u00ed n\u00fam. 4 - EXPECT_Art\",\"isPartOf\":{\"@id\":\"https:\/\/www.expectart.eu\/#website\"},\"primaryImageOfPage\":{\"@id\":\"https:\/\/www.expectart.eu\/ca\/newsletter-4\/#primaryimage\"},\"image\":{\"@id\":\"https:\/\/www.expectart.eu\/ca\/newsletter-4\/#primaryimage\"},\"thumbnailUrl\":\"https:\/\/www.expectart.eu\/wp-content\/uploads\/2024\/04\/Research-activities-2.jpg\",\"datePublished\":\"2025-03-28T13:26:28+00:00\",\"dateModified\":\"2025-03-31T10:10:18+00:00\",\"breadcrumb\":{\"@id\":\"https:\/\/www.expectart.eu\/ca\/newsletter-4\/#breadcrumb\"},\"inLanguage\":\"ca\",\"potentialAction\":[{\"@type\":\"ReadAction\",\"target\":[\"https:\/\/www.expectart.eu\/ca\/newsletter-4\/\"]}]},{\"@type\":\"ImageObject\",\"inLanguage\":\"ca\",\"@id\":\"https:\/\/www.expectart.eu\/ca\/newsletter-4\/#primaryimage\",\"url\":\"https:\/\/www.expectart.eu\/wp-content\/uploads\/2024\/04\/Research-activities-2.jpg\",\"contentUrl\":\"https:\/\/www.expectart.eu\/wp-content\/uploads\/2024\/04\/Research-activities-2.jpg\",\"width\":600,\"height\":400,\"caption\":\"Expectart project Research activities 2\"},{\"@type\":\"BreadcrumbList\",\"@id\":\"https:\/\/www.expectart.eu\/ca\/newsletter-4\/#breadcrumb\",\"itemListElement\":[{\"@type\":\"ListItem\",\"position\":1,\"name\":\"Home\",\"item\":\"https:\/\/www.expectart.eu\/\"},{\"@type\":\"ListItem\",\"position\":2,\"name\":\"Entrant al segon any amb creativitat i col\u00b7laboraci\u00f3: butllet\u00ed n\u00fam. 4\"}]},{\"@type\":\"WebSite\",\"@id\":\"https:\/\/www.expectart.eu\/#website\",\"url\":\"https:\/\/www.expectart.eu\/\",\"name\":\"EXPECT_Art\",\"description\":\"EU Project\",\"publisher\":{\"@id\":\"https:\/\/www.expectart.eu\/#organization\"},\"potentialAction\":[{\"@type\":\"SearchAction\",\"target\":{\"@type\":\"EntryPoint\",\"urlTemplate\":\"https:\/\/www.expectart.eu\/?s={search_term_string}\"},\"query-input\":{\"@type\":\"PropertyValueSpecification\",\"valueRequired\":true,\"valueName\":\"search_term_string\"}}],\"inLanguage\":\"ca\"},{\"@type\":\"Organization\",\"@id\":\"https:\/\/www.expectart.eu\/#organization\",\"name\":\"EXPECT_Art\",\"url\":\"https:\/\/www.expectart.eu\/\",\"logo\":{\"@type\":\"ImageObject\",\"inLanguage\":\"ca\",\"@id\":\"https:\/\/www.expectart.eu\/#\/schema\/logo\/image\/\",\"url\":\"https:\/\/www.expectart.eu\/wp-content\/uploads\/2024\/04\/cropped-logo-rgb_without-text-02.png\",\"contentUrl\":\"https:\/\/www.expectart.eu\/wp-content\/uploads\/2024\/04\/cropped-logo-rgb_without-text-02.png\",\"width\":679,\"height\":139,\"caption\":\"EXPECT_Art\"},\"image\":{\"@id\":\"https:\/\/www.expectart.eu\/#\/schema\/logo\/image\/\"},\"sameAs\":[\"https:\/\/www.facebook.com\/EXPECTArtEU\",\"https:\/\/www.instagram.com\/expect_art_eu\/\"]},{\"@type\":\"Person\",\"@id\":\"https:\/\/www.expectart.eu\/#\/schema\/person\/ae99bf994a668be417315983aefbee35\",\"name\":\"Lucija De\u017ean\",\"image\":{\"@type\":\"ImageObject\",\"inLanguage\":\"ca\",\"@id\":\"https:\/\/secure.gravatar.com\/avatar\/38fab13ea45456fa7cf1d571e5012845567dd73b8a28930af832e7b5f5dc27d5?s=96&d=mm&r=g\",\"url\":\"https:\/\/secure.gravatar.com\/avatar\/38fab13ea45456fa7cf1d571e5012845567dd73b8a28930af832e7b5f5dc27d5?s=96&d=mm&r=g\",\"contentUrl\":\"https:\/\/secure.gravatar.com\/avatar\/38fab13ea45456fa7cf1d571e5012845567dd73b8a28930af832e7b5f5dc27d5?s=96&d=mm&r=g\",\"caption\":\"Lucija De\u017ean\"},\"url\":\"https:\/\/www.expectart.eu\/ca\/author\/lucija\/\"}]}<\/script>\n<!-- \/ Yoast SEO plugin. -->","yoast_head_json":{"title":"Entrant al segon any amb creativitat i col\u00b7laboraci\u00f3: butllet\u00ed n\u00fam. 4 - EXPECT_Art","robots":{"index":"index","follow":"follow","max-snippet":"max-snippet:-1","max-image-preview":"max-image-preview:large","max-video-preview":"max-video-preview:-1"},"canonical":"https:\/\/www.expectart.eu\/ca\/newsletter-4\/","og_locale":"ca_ES","og_type":"article","og_title":"Entrant al segon any amb creativitat i col\u00b7laboraci\u00f3: butllet\u00ed n\u00fam. 4 - EXPECT_Art","og_description":"Ens complau compartir amb vosaltres el quart n\u00famero del butllet\u00ed EXPECT_Art, que marca l&#8217;inici del segon any del projecte amb hist\u00f2ries de col\u00b7laboraci\u00f3, creativitat i alfabetitzaci\u00f3 cultural cr\u00edtica (ACC) en acci\u00f3. Al gener, els nostres socis es van reunir a la vibrant ciutat de Barcelona per a la tercera assemblea general. Acollida per la Universitat [&hellip;]","og_url":"https:\/\/www.expectart.eu\/ca\/newsletter-4\/","og_site_name":"EXPECT_Art","article_publisher":"https:\/\/www.facebook.com\/EXPECTArtEU","article_published_time":"2025-03-28T13:26:28+00:00","article_modified_time":"2025-03-31T10:10:18+00:00","og_image":[{"width":600,"height":400,"url":"https:\/\/www.expectart.eu\/wp-content\/uploads\/2024\/04\/Research-activities-2.jpg","type":"image\/jpeg"}],"author":"Lucija De\u017ean","twitter_card":"summary_large_image","twitter_misc":{"Escrit per":"Lucija De\u017ean","Temps estimat de lectura":"1 minut"},"schema":{"@context":"https:\/\/schema.org","@graph":[{"@type":"Article","@id":"https:\/\/www.expectart.eu\/ca\/newsletter-4\/#article","isPartOf":{"@id":"https:\/\/www.expectart.eu\/ca\/newsletter-4\/"},"author":{"name":"Lucija De\u017ean","@id":"https:\/\/www.expectart.eu\/#\/schema\/person\/ae99bf994a668be417315983aefbee35"},"headline":"Entrant al segon any amb creativitat i col\u00b7laboraci\u00f3: butllet\u00ed n\u00fam. 4","datePublished":"2025-03-28T13:26:28+00:00","dateModified":"2025-03-31T10:10:18+00:00","mainEntityOfPage":{"@id":"https:\/\/www.expectart.eu\/ca\/newsletter-4\/"},"wordCount":200,"commentCount":0,"publisher":{"@id":"https:\/\/www.expectart.eu\/#organization"},"image":{"@id":"https:\/\/www.expectart.eu\/ca\/newsletter-4\/#primaryimage"},"thumbnailUrl":"https:\/\/www.expectart.eu\/wp-content\/uploads\/2024\/04\/Research-activities-2.jpg","articleSection":["newsletters_CAT","Noticies"],"inLanguage":"ca","potentialAction":[{"@type":"CommentAction","name":"Comment","target":["https:\/\/www.expectart.eu\/ca\/newsletter-4\/#respond"]}]},{"@type":"WebPage","@id":"https:\/\/www.expectart.eu\/ca\/newsletter-4\/","url":"https:\/\/www.expectart.eu\/ca\/newsletter-4\/","name":"Entrant al segon any amb creativitat i col\u00b7laboraci\u00f3: butllet\u00ed n\u00fam. 4 - EXPECT_Art","isPartOf":{"@id":"https:\/\/www.expectart.eu\/#website"},"primaryImageOfPage":{"@id":"https:\/\/www.expectart.eu\/ca\/newsletter-4\/#primaryimage"},"image":{"@id":"https:\/\/www.expectart.eu\/ca\/newsletter-4\/#primaryimage"},"thumbnailUrl":"https:\/\/www.expectart.eu\/wp-content\/uploads\/2024\/04\/Research-activities-2.jpg","datePublished":"2025-03-28T13:26:28+00:00","dateModified":"2025-03-31T10:10:18+00:00","breadcrumb":{"@id":"https:\/\/www.expectart.eu\/ca\/newsletter-4\/#breadcrumb"},"inLanguage":"ca","potentialAction":[{"@type":"ReadAction","target":["https:\/\/www.expectart.eu\/ca\/newsletter-4\/"]}]},{"@type":"ImageObject","inLanguage":"ca","@id":"https:\/\/www.expectart.eu\/ca\/newsletter-4\/#primaryimage","url":"https:\/\/www.expectart.eu\/wp-content\/uploads\/2024\/04\/Research-activities-2.jpg","contentUrl":"https:\/\/www.expectart.eu\/wp-content\/uploads\/2024\/04\/Research-activities-2.jpg","width":600,"height":400,"caption":"Expectart project Research activities 2"},{"@type":"BreadcrumbList","@id":"https:\/\/www.expectart.eu\/ca\/newsletter-4\/#breadcrumb","itemListElement":[{"@type":"ListItem","position":1,"name":"Home","item":"https:\/\/www.expectart.eu\/"},{"@type":"ListItem","position":2,"name":"Entrant al segon any amb creativitat i col\u00b7laboraci\u00f3: butllet\u00ed n\u00fam. 4"}]},{"@type":"WebSite","@id":"https:\/\/www.expectart.eu\/#website","url":"https:\/\/www.expectart.eu\/","name":"EXPECT_Art","description":"EU Project","publisher":{"@id":"https:\/\/www.expectart.eu\/#organization"},"potentialAction":[{"@type":"SearchAction","target":{"@type":"EntryPoint","urlTemplate":"https:\/\/www.expectart.eu\/?s={search_term_string}"},"query-input":{"@type":"PropertyValueSpecification","valueRequired":true,"valueName":"search_term_string"}}],"inLanguage":"ca"},{"@type":"Organization","@id":"https:\/\/www.expectart.eu\/#organization","name":"EXPECT_Art","url":"https:\/\/www.expectart.eu\/","logo":{"@type":"ImageObject","inLanguage":"ca","@id":"https:\/\/www.expectart.eu\/#\/schema\/logo\/image\/","url":"https:\/\/www.expectart.eu\/wp-content\/uploads\/2024\/04\/cropped-logo-rgb_without-text-02.png","contentUrl":"https:\/\/www.expectart.eu\/wp-content\/uploads\/2024\/04\/cropped-logo-rgb_without-text-02.png","width":679,"height":139,"caption":"EXPECT_Art"},"image":{"@id":"https:\/\/www.expectart.eu\/#\/schema\/logo\/image\/"},"sameAs":["https:\/\/www.facebook.com\/EXPECTArtEU","https:\/\/www.instagram.com\/expect_art_eu\/"]},{"@type":"Person","@id":"https:\/\/www.expectart.eu\/#\/schema\/person\/ae99bf994a668be417315983aefbee35","name":"Lucija De\u017ean","image":{"@type":"ImageObject","inLanguage":"ca","@id":"https:\/\/secure.gravatar.com\/avatar\/38fab13ea45456fa7cf1d571e5012845567dd73b8a28930af832e7b5f5dc27d5?s=96&d=mm&r=g","url":"https:\/\/secure.gravatar.com\/avatar\/38fab13ea45456fa7cf1d571e5012845567dd73b8a28930af832e7b5f5dc27d5?s=96&d=mm&r=g","contentUrl":"https:\/\/secure.gravatar.com\/avatar\/38fab13ea45456fa7cf1d571e5012845567dd73b8a28930af832e7b5f5dc27d5?s=96&d=mm&r=g","caption":"Lucija De\u017ean"},"url":"https:\/\/www.expectart.eu\/ca\/author\/lucija\/"}]}},"_links":{"self":[{"href":"https:\/\/www.expectart.eu\/ca\/wp-json\/wp\/v2\/posts\/5048","targetHints":{"allow":["GET"]}}],"collection":[{"href":"https:\/\/www.expectart.eu\/ca\/wp-json\/wp\/v2\/posts"}],"about":[{"href":"https:\/\/www.expectart.eu\/ca\/wp-json\/wp\/v2\/types\/post"}],"author":[{"embeddable":true,"href":"https:\/\/www.expectart.eu\/ca\/wp-json\/wp\/v2\/users\/4"}],"replies":[{"embeddable":true,"href":"https:\/\/www.expectart.eu\/ca\/wp-json\/wp\/v2\/comments?post=5048"}],"version-history":[{"count":3,"href":"https:\/\/www.expectart.eu\/ca\/wp-json\/wp\/v2\/posts\/5048\/revisions"}],"predecessor-version":[{"id":5113,"href":"https:\/\/www.expectart.eu\/ca\/wp-json\/wp\/v2\/posts\/5048\/revisions\/5113"}],"wp:featuredmedia":[{"embeddable":true,"href":"https:\/\/www.expectart.eu\/ca\/wp-json\/wp\/v2\/media\/2482"}],"wp:attachment":[{"href":"https:\/\/www.expectart.eu\/ca\/wp-json\/wp\/v2\/media?parent=5048"}],"wp:term":[{"taxonomy":"category","embeddable":true,"href":"https:\/\/www.expectart.eu\/ca\/wp-json\/wp\/v2\/categories?post=5048"},{"taxonomy":"post_tag","embeddable":true,"href":"https:\/\/www.expectart.eu\/ca\/wp-json\/wp\/v2\/tags?post=5048"}],"curies":[{"name":"wp","href":"https:\/\/api.w.org\/{rel}","templated":true}]}}