{"id":4976,"date":"2025-03-10T13:59:33","date_gmt":"2025-03-10T12:59:33","guid":{"rendered":"https:\/\/www.expectart.eu\/?p=4976"},"modified":"2025-03-11T16:23:59","modified_gmt":"2025-03-11T15:23:59","slug":"expect_art-i-la-pedagogia-de-lesperanca","status":"publish","type":"post","link":"https:\/\/www.expectart.eu\/ca\/expect_art-i-la-pedagogia-de-lesperanca\/","title":{"rendered":"EXPECT_Art i la Pedagogia de l&#8217;Esperan\u00e7a"},"content":{"rendered":"\n<p>Estem molt agra\u00efts de que se&#8217;ns hagi ofert l&#8217;oportunitat de presentar el nostre projecte a la confer\u00e8ncia anual de la Nordic Educational Research Association. La confer\u00e8ncia es va celebrar el mar\u00e7 de 2025 a la Universitat d&#8217;H\u00e8lsinki, Finl\u00e0ndia. La confer\u00e8ncia d&#8217;enguany tenia el t\u00edtol <em>Pedagogia de l&#8217;esperan\u00e7a: gratitud, diversitat i sostenibilitat a l&#8217;educaci\u00f3<\/em> (m\u00e9s informaci\u00f3 sobre la confer\u00e8ncia <a href=\"https:\/\/www.helsinki.fi\/en\/conferences\/nera-conference-2025?fbclid=IwZXh0bgNhZW0CMTAAAR1v1fGVvz1K79DTzLoc9fslbY-9GnkWbyR-gd8M2SiXFVIZNJmIMzGHH9g_aem_8PF9vVIgj4xCQsRXZB_f2w\">aqu\u00ed<\/a>).<br><br>A la confer\u00e8ncia, Karoline Lund Nielsen, Livia Lund Ejdesgaard i S\u00f8ren Sindberg Jensen de la Universitat del Sud de Dinamarca van presentar una comunicaci\u00f3 (escrita en col\u00b7laboraci\u00f3 amb Gro Hellesdatter Jacobsen de la Universitat d&#8217;Aalborg) el la que els investigadors van oferir reflexions preliminars sobre incidents clau del treball de camp a les escoles de Dinamarca.<br><br>Gr\u00e0cies als companys de tots els pa\u00efsos n\u00f2rdics pels valuosos comentaris i suggeriments.<\/p>\n\n\n\n<p><\/p>\n","protected":false},"excerpt":{"rendered":"<p>Estem molt agra\u00efts de que se&#8217;ns hagi ofert l&#8217;oportunitat de presentar el nostre projecte a la confer\u00e8ncia anual de la Nordic Educational Research Association. La confer\u00e8ncia es va celebrar el mar\u00e7 de 2025 a la Universitat d&#8217;H\u00e8lsinki, Finl\u00e0ndia. La confer\u00e8ncia d&#8217;enguany tenia el t\u00edtol Pedagogia de l&#8217;esperan\u00e7a: gratitud, diversitat i sostenibilitat a l&#8217;educaci\u00f3 (m\u00e9s informaci\u00f3 [&hellip;]<\/p>\n","protected":false},"author":6,"featured_media":4956,"comment_status":"open","ping_status":"open","sticky":false,"template":"","format":"standard","meta":{"site-sidebar-layout":"default","site-content-layout":"","ast-site-content-layout":"default","site-content-style":"default","site-sidebar-style":"default","ast-global-header-display":"","ast-banner-title-visibility":"","ast-main-header-display":"","ast-hfb-above-header-display":"","ast-hfb-below-header-display":"","ast-hfb-mobile-header-display":"","site-post-title":"","ast-breadcrumbs-content":"","ast-featured-img":"","footer-sml-layout":"","ast-disable-related-posts":"","theme-transparent-header-meta":"","adv-header-id-meta":"","stick-header-meta":"","header-above-stick-meta":"","header-main-stick-meta":"","header-below-stick-meta":"","astra-migrate-meta-layouts":"set","ast-page-background-enabled":"default","ast-page-background-meta":{"desktop":{"background-color":"","background-image":"","background-repeat":"repeat","background-position":"center center","background-size":"auto","background-attachment":"scroll","background-type":"","background-media":"","overlay-type":"","overlay-color":"","overlay-opacity":"","overlay-gradient":""},"tablet":{"background-color":"","background-image":"","background-repeat":"repeat","background-position":"center center","background-size":"auto","background-attachment":"scroll","background-type":"","background-media":"","overlay-type":"","overlay-color":"","overlay-opacity":"","overlay-gradient":""},"mobile":{"background-color":"","background-image":"","background-repeat":"repeat","background-position":"center center","background-size":"auto","background-attachment":"scroll","background-type":"","background-media":"","overlay-type":"","overlay-color":"","overlay-opacity":"","overlay-gradient":""}},"ast-content-background-meta":{"desktop":{"background-color":"var(--ast-global-color-5)","background-image":"","background-repeat":"repeat","background-position":"center center","background-size":"auto","background-attachment":"scroll","background-type":"","background-media":"","overlay-type":"","overlay-color":"","overlay-opacity":"","overlay-gradient":""},"tablet":{"background-color":"var(--ast-global-color-5)","background-image":"","background-repeat":"repeat","background-position":"center center","background-size":"auto","background-attachment":"scroll","background-type":"","background-media":"","overlay-type":"","overlay-color":"","overlay-opacity":"","overlay-gradient":""},"mobile":{"background-color":"var(--ast-global-color-5)","background-image":"","background-repeat":"repeat","background-position":"center center","background-size":"auto","background-attachment":"scroll","background-type":"","background-media":"","overlay-type":"","overlay-color":"","overlay-opacity":"","overlay-gradient":""}},"footnotes":""},"categories":[48],"tags":[],"class_list":["post-4976","post","type-post","status-publish","format-standard","has-post-thumbnail","hentry","category-noticies"],"yoast_head":"<!-- This site is optimized with the Yoast SEO plugin v27.2 - https:\/\/yoast.com\/product\/yoast-seo-wordpress\/ -->\n<title>EXPECT_Art i la Pedagogia de l&#039;Esperan\u00e7a - EXPECT_Art<\/title>\n<meta name=\"robots\" content=\"index, follow, max-snippet:-1, max-image-preview:large, max-video-preview:-1\" \/>\n<link rel=\"canonical\" href=\"https:\/\/www.expectart.eu\/ca\/expect_art-i-la-pedagogia-de-lesperanca\/\" \/>\n<meta property=\"og:locale\" content=\"ca_ES\" \/>\n<meta property=\"og:type\" content=\"article\" \/>\n<meta property=\"og:title\" content=\"EXPECT_Art i la Pedagogia de l&#039;Esperan\u00e7a - EXPECT_Art\" \/>\n<meta property=\"og:description\" content=\"Estem molt agra\u00efts de que se&#8217;ns hagi ofert l&#8217;oportunitat de presentar el nostre projecte a la confer\u00e8ncia anual de la Nordic Educational Research Association. La confer\u00e8ncia es va celebrar el mar\u00e7 de 2025 a la Universitat d&#8217;H\u00e8lsinki, Finl\u00e0ndia. La confer\u00e8ncia d&#8217;enguany tenia el t\u00edtol Pedagogia de l&#8217;esperan\u00e7a: gratitud, diversitat i sostenibilitat a l&#8217;educaci\u00f3 (m\u00e9s informaci\u00f3 [&hellip;]\" \/>\n<meta property=\"og:url\" content=\"https:\/\/www.expectart.eu\/ca\/expect_art-i-la-pedagogia-de-lesperanca\/\" \/>\n<meta property=\"og:site_name\" content=\"EXPECT_Art\" \/>\n<meta property=\"article:publisher\" content=\"https:\/\/www.facebook.com\/EXPECTArtEU\" \/>\n<meta property=\"article:published_time\" content=\"2025-03-10T12:59:33+00:00\" \/>\n<meta property=\"article:modified_time\" content=\"2025-03-11T15:23:59+00:00\" \/>\n<meta property=\"og:image\" content=\"https:\/\/www.expectart.eu\/wp-content\/uploads\/2025\/03\/482275424_122208514550243865_5331619400308446967_n_enhanced.png\" \/>\n\t<meta property=\"og:image:width\" content=\"1240\" \/>\n\t<meta property=\"og:image:height\" content=\"1600\" \/>\n\t<meta property=\"og:image:type\" content=\"image\/png\" \/>\n<meta name=\"author\" content=\"Xavier Gir\u00f3 Gr\u00e0cia\" \/>\n<meta name=\"twitter:card\" content=\"summary_large_image\" \/>\n<meta name=\"twitter:label1\" content=\"Escrit per\" \/>\n\t<meta name=\"twitter:data1\" content=\"Xavier Gir\u00f3 Gr\u00e0cia\" \/>\n\t<meta name=\"twitter:label2\" content=\"Temps estimat de lectura\" \/>\n\t<meta name=\"twitter:data2\" content=\"1 minut\" \/>\n<script type=\"application\/ld+json\" class=\"yoast-schema-graph\">{\"@context\":\"https:\/\/schema.org\",\"@graph\":[{\"@type\":\"Article\",\"@id\":\"https:\/\/www.expectart.eu\/ca\/expect_art-i-la-pedagogia-de-lesperanca\/#article\",\"isPartOf\":{\"@id\":\"https:\/\/www.expectart.eu\/ca\/expect_art-i-la-pedagogia-de-lesperanca\/\"},\"author\":{\"name\":\"Xavier Gir\u00f3 Gr\u00e0cia\",\"@id\":\"https:\/\/www.expectart.eu\/#\/schema\/person\/23bfb96483707b6f7e7622a7f8db2f16\"},\"headline\":\"EXPECT_Art i la Pedagogia de l&#8217;Esperan\u00e7a\",\"datePublished\":\"2025-03-10T12:59:33+00:00\",\"dateModified\":\"2025-03-11T15:23:59+00:00\",\"mainEntityOfPage\":{\"@id\":\"https:\/\/www.expectart.eu\/ca\/expect_art-i-la-pedagogia-de-lesperanca\/\"},\"wordCount\":159,\"commentCount\":0,\"publisher\":{\"@id\":\"https:\/\/www.expectart.eu\/#organization\"},\"image\":{\"@id\":\"https:\/\/www.expectart.eu\/ca\/expect_art-i-la-pedagogia-de-lesperanca\/#primaryimage\"},\"thumbnailUrl\":\"https:\/\/www.expectart.eu\/wp-content\/uploads\/2025\/03\/482275424_122208514550243865_5331619400308446967_n_enhanced.png\",\"articleSection\":[\"Noticies\"],\"inLanguage\":\"ca\",\"potentialAction\":[{\"@type\":\"CommentAction\",\"name\":\"Comment\",\"target\":[\"https:\/\/www.expectart.eu\/ca\/expect_art-i-la-pedagogia-de-lesperanca\/#respond\"]}]},{\"@type\":\"WebPage\",\"@id\":\"https:\/\/www.expectart.eu\/ca\/expect_art-i-la-pedagogia-de-lesperanca\/\",\"url\":\"https:\/\/www.expectart.eu\/ca\/expect_art-i-la-pedagogia-de-lesperanca\/\",\"name\":\"EXPECT_Art i la Pedagogia de l'Esperan\u00e7a - EXPECT_Art\",\"isPartOf\":{\"@id\":\"https:\/\/www.expectart.eu\/#website\"},\"primaryImageOfPage\":{\"@id\":\"https:\/\/www.expectart.eu\/ca\/expect_art-i-la-pedagogia-de-lesperanca\/#primaryimage\"},\"image\":{\"@id\":\"https:\/\/www.expectart.eu\/ca\/expect_art-i-la-pedagogia-de-lesperanca\/#primaryimage\"},\"thumbnailUrl\":\"https:\/\/www.expectart.eu\/wp-content\/uploads\/2025\/03\/482275424_122208514550243865_5331619400308446967_n_enhanced.png\",\"datePublished\":\"2025-03-10T12:59:33+00:00\",\"dateModified\":\"2025-03-11T15:23:59+00:00\",\"breadcrumb\":{\"@id\":\"https:\/\/www.expectart.eu\/ca\/expect_art-i-la-pedagogia-de-lesperanca\/#breadcrumb\"},\"inLanguage\":\"ca\",\"potentialAction\":[{\"@type\":\"ReadAction\",\"target\":[\"https:\/\/www.expectart.eu\/ca\/expect_art-i-la-pedagogia-de-lesperanca\/\"]}]},{\"@type\":\"ImageObject\",\"inLanguage\":\"ca\",\"@id\":\"https:\/\/www.expectart.eu\/ca\/expect_art-i-la-pedagogia-de-lesperanca\/#primaryimage\",\"url\":\"https:\/\/www.expectart.eu\/wp-content\/uploads\/2025\/03\/482275424_122208514550243865_5331619400308446967_n_enhanced.png\",\"contentUrl\":\"https:\/\/www.expectart.eu\/wp-content\/uploads\/2025\/03\/482275424_122208514550243865_5331619400308446967_n_enhanced.png\",\"width\":1240,\"height\":1600},{\"@type\":\"BreadcrumbList\",\"@id\":\"https:\/\/www.expectart.eu\/ca\/expect_art-i-la-pedagogia-de-lesperanca\/#breadcrumb\",\"itemListElement\":[{\"@type\":\"ListItem\",\"position\":1,\"name\":\"Home\",\"item\":\"https:\/\/www.expectart.eu\/\"},{\"@type\":\"ListItem\",\"position\":2,\"name\":\"EXPECT_Art i la Pedagogia de l&#8217;Esperan\u00e7a\"}]},{\"@type\":\"WebSite\",\"@id\":\"https:\/\/www.expectart.eu\/#website\",\"url\":\"https:\/\/www.expectart.eu\/\",\"name\":\"EXPECT_Art\",\"description\":\"EU Project\",\"publisher\":{\"@id\":\"https:\/\/www.expectart.eu\/#organization\"},\"potentialAction\":[{\"@type\":\"SearchAction\",\"target\":{\"@type\":\"EntryPoint\",\"urlTemplate\":\"https:\/\/www.expectart.eu\/?s={search_term_string}\"},\"query-input\":{\"@type\":\"PropertyValueSpecification\",\"valueRequired\":true,\"valueName\":\"search_term_string\"}}],\"inLanguage\":\"ca\"},{\"@type\":\"Organization\",\"@id\":\"https:\/\/www.expectart.eu\/#organization\",\"name\":\"EXPECT_Art\",\"url\":\"https:\/\/www.expectart.eu\/\",\"logo\":{\"@type\":\"ImageObject\",\"inLanguage\":\"ca\",\"@id\":\"https:\/\/www.expectart.eu\/#\/schema\/logo\/image\/\",\"url\":\"https:\/\/www.expectart.eu\/wp-content\/uploads\/2024\/04\/cropped-logo-rgb_without-text-02.png\",\"contentUrl\":\"https:\/\/www.expectart.eu\/wp-content\/uploads\/2024\/04\/cropped-logo-rgb_without-text-02.png\",\"width\":679,\"height\":139,\"caption\":\"EXPECT_Art\"},\"image\":{\"@id\":\"https:\/\/www.expectart.eu\/#\/schema\/logo\/image\/\"},\"sameAs\":[\"https:\/\/www.facebook.com\/EXPECTArtEU\",\"https:\/\/www.instagram.com\/expect_art_eu\/\"]},{\"@type\":\"Person\",\"@id\":\"https:\/\/www.expectart.eu\/#\/schema\/person\/23bfb96483707b6f7e7622a7f8db2f16\",\"name\":\"Xavier Gir\u00f3 Gr\u00e0cia\",\"image\":{\"@type\":\"ImageObject\",\"inLanguage\":\"ca\",\"@id\":\"https:\/\/secure.gravatar.com\/avatar\/c16e792998dd5d96a7dd7c52600523e1dab5f4b9696f5b9505b968d08e9fa42f?s=96&d=mm&r=g\",\"url\":\"https:\/\/secure.gravatar.com\/avatar\/c16e792998dd5d96a7dd7c52600523e1dab5f4b9696f5b9505b968d08e9fa42f?s=96&d=mm&r=g\",\"contentUrl\":\"https:\/\/secure.gravatar.com\/avatar\/c16e792998dd5d96a7dd7c52600523e1dab5f4b9696f5b9505b968d08e9fa42f?s=96&d=mm&r=g\",\"caption\":\"Xavier Gir\u00f3 Gr\u00e0cia\"},\"url\":\"https:\/\/www.expectart.eu\/ca\/author\/xavier\/\"}]}<\/script>\n<!-- \/ Yoast SEO plugin. -->","yoast_head_json":{"title":"EXPECT_Art i la Pedagogia de l'Esperan\u00e7a - EXPECT_Art","robots":{"index":"index","follow":"follow","max-snippet":"max-snippet:-1","max-image-preview":"max-image-preview:large","max-video-preview":"max-video-preview:-1"},"canonical":"https:\/\/www.expectart.eu\/ca\/expect_art-i-la-pedagogia-de-lesperanca\/","og_locale":"ca_ES","og_type":"article","og_title":"EXPECT_Art i la Pedagogia de l'Esperan\u00e7a - EXPECT_Art","og_description":"Estem molt agra\u00efts de que se&#8217;ns hagi ofert l&#8217;oportunitat de presentar el nostre projecte a la confer\u00e8ncia anual de la Nordic Educational Research Association. La confer\u00e8ncia es va celebrar el mar\u00e7 de 2025 a la Universitat d&#8217;H\u00e8lsinki, Finl\u00e0ndia. La confer\u00e8ncia d&#8217;enguany tenia el t\u00edtol Pedagogia de l&#8217;esperan\u00e7a: gratitud, diversitat i sostenibilitat a l&#8217;educaci\u00f3 (m\u00e9s informaci\u00f3 [&hellip;]","og_url":"https:\/\/www.expectart.eu\/ca\/expect_art-i-la-pedagogia-de-lesperanca\/","og_site_name":"EXPECT_Art","article_publisher":"https:\/\/www.facebook.com\/EXPECTArtEU","article_published_time":"2025-03-10T12:59:33+00:00","article_modified_time":"2025-03-11T15:23:59+00:00","og_image":[{"width":1240,"height":1600,"url":"https:\/\/www.expectart.eu\/wp-content\/uploads\/2025\/03\/482275424_122208514550243865_5331619400308446967_n_enhanced.png","type":"image\/png"}],"author":"Xavier Gir\u00f3 Gr\u00e0cia","twitter_card":"summary_large_image","twitter_misc":{"Escrit per":"Xavier Gir\u00f3 Gr\u00e0cia","Temps estimat de lectura":"1 minut"},"schema":{"@context":"https:\/\/schema.org","@graph":[{"@type":"Article","@id":"https:\/\/www.expectart.eu\/ca\/expect_art-i-la-pedagogia-de-lesperanca\/#article","isPartOf":{"@id":"https:\/\/www.expectart.eu\/ca\/expect_art-i-la-pedagogia-de-lesperanca\/"},"author":{"name":"Xavier Gir\u00f3 Gr\u00e0cia","@id":"https:\/\/www.expectart.eu\/#\/schema\/person\/23bfb96483707b6f7e7622a7f8db2f16"},"headline":"EXPECT_Art i la Pedagogia de l&#8217;Esperan\u00e7a","datePublished":"2025-03-10T12:59:33+00:00","dateModified":"2025-03-11T15:23:59+00:00","mainEntityOfPage":{"@id":"https:\/\/www.expectart.eu\/ca\/expect_art-i-la-pedagogia-de-lesperanca\/"},"wordCount":159,"commentCount":0,"publisher":{"@id":"https:\/\/www.expectart.eu\/#organization"},"image":{"@id":"https:\/\/www.expectart.eu\/ca\/expect_art-i-la-pedagogia-de-lesperanca\/#primaryimage"},"thumbnailUrl":"https:\/\/www.expectart.eu\/wp-content\/uploads\/2025\/03\/482275424_122208514550243865_5331619400308446967_n_enhanced.png","articleSection":["Noticies"],"inLanguage":"ca","potentialAction":[{"@type":"CommentAction","name":"Comment","target":["https:\/\/www.expectart.eu\/ca\/expect_art-i-la-pedagogia-de-lesperanca\/#respond"]}]},{"@type":"WebPage","@id":"https:\/\/www.expectart.eu\/ca\/expect_art-i-la-pedagogia-de-lesperanca\/","url":"https:\/\/www.expectart.eu\/ca\/expect_art-i-la-pedagogia-de-lesperanca\/","name":"EXPECT_Art i la Pedagogia de l'Esperan\u00e7a - EXPECT_Art","isPartOf":{"@id":"https:\/\/www.expectart.eu\/#website"},"primaryImageOfPage":{"@id":"https:\/\/www.expectart.eu\/ca\/expect_art-i-la-pedagogia-de-lesperanca\/#primaryimage"},"image":{"@id":"https:\/\/www.expectart.eu\/ca\/expect_art-i-la-pedagogia-de-lesperanca\/#primaryimage"},"thumbnailUrl":"https:\/\/www.expectart.eu\/wp-content\/uploads\/2025\/03\/482275424_122208514550243865_5331619400308446967_n_enhanced.png","datePublished":"2025-03-10T12:59:33+00:00","dateModified":"2025-03-11T15:23:59+00:00","breadcrumb":{"@id":"https:\/\/www.expectart.eu\/ca\/expect_art-i-la-pedagogia-de-lesperanca\/#breadcrumb"},"inLanguage":"ca","potentialAction":[{"@type":"ReadAction","target":["https:\/\/www.expectart.eu\/ca\/expect_art-i-la-pedagogia-de-lesperanca\/"]}]},{"@type":"ImageObject","inLanguage":"ca","@id":"https:\/\/www.expectart.eu\/ca\/expect_art-i-la-pedagogia-de-lesperanca\/#primaryimage","url":"https:\/\/www.expectart.eu\/wp-content\/uploads\/2025\/03\/482275424_122208514550243865_5331619400308446967_n_enhanced.png","contentUrl":"https:\/\/www.expectart.eu\/wp-content\/uploads\/2025\/03\/482275424_122208514550243865_5331619400308446967_n_enhanced.png","width":1240,"height":1600},{"@type":"BreadcrumbList","@id":"https:\/\/www.expectart.eu\/ca\/expect_art-i-la-pedagogia-de-lesperanca\/#breadcrumb","itemListElement":[{"@type":"ListItem","position":1,"name":"Home","item":"https:\/\/www.expectart.eu\/"},{"@type":"ListItem","position":2,"name":"EXPECT_Art i la Pedagogia de l&#8217;Esperan\u00e7a"}]},{"@type":"WebSite","@id":"https:\/\/www.expectart.eu\/#website","url":"https:\/\/www.expectart.eu\/","name":"EXPECT_Art","description":"EU Project","publisher":{"@id":"https:\/\/www.expectart.eu\/#organization"},"potentialAction":[{"@type":"SearchAction","target":{"@type":"EntryPoint","urlTemplate":"https:\/\/www.expectart.eu\/?s={search_term_string}"},"query-input":{"@type":"PropertyValueSpecification","valueRequired":true,"valueName":"search_term_string"}}],"inLanguage":"ca"},{"@type":"Organization","@id":"https:\/\/www.expectart.eu\/#organization","name":"EXPECT_Art","url":"https:\/\/www.expectart.eu\/","logo":{"@type":"ImageObject","inLanguage":"ca","@id":"https:\/\/www.expectart.eu\/#\/schema\/logo\/image\/","url":"https:\/\/www.expectart.eu\/wp-content\/uploads\/2024\/04\/cropped-logo-rgb_without-text-02.png","contentUrl":"https:\/\/www.expectart.eu\/wp-content\/uploads\/2024\/04\/cropped-logo-rgb_without-text-02.png","width":679,"height":139,"caption":"EXPECT_Art"},"image":{"@id":"https:\/\/www.expectart.eu\/#\/schema\/logo\/image\/"},"sameAs":["https:\/\/www.facebook.com\/EXPECTArtEU","https:\/\/www.instagram.com\/expect_art_eu\/"]},{"@type":"Person","@id":"https:\/\/www.expectart.eu\/#\/schema\/person\/23bfb96483707b6f7e7622a7f8db2f16","name":"Xavier Gir\u00f3 Gr\u00e0cia","image":{"@type":"ImageObject","inLanguage":"ca","@id":"https:\/\/secure.gravatar.com\/avatar\/c16e792998dd5d96a7dd7c52600523e1dab5f4b9696f5b9505b968d08e9fa42f?s=96&d=mm&r=g","url":"https:\/\/secure.gravatar.com\/avatar\/c16e792998dd5d96a7dd7c52600523e1dab5f4b9696f5b9505b968d08e9fa42f?s=96&d=mm&r=g","contentUrl":"https:\/\/secure.gravatar.com\/avatar\/c16e792998dd5d96a7dd7c52600523e1dab5f4b9696f5b9505b968d08e9fa42f?s=96&d=mm&r=g","caption":"Xavier Gir\u00f3 Gr\u00e0cia"},"url":"https:\/\/www.expectart.eu\/ca\/author\/xavier\/"}]}},"_links":{"self":[{"href":"https:\/\/www.expectart.eu\/ca\/wp-json\/wp\/v2\/posts\/4976","targetHints":{"allow":["GET"]}}],"collection":[{"href":"https:\/\/www.expectart.eu\/ca\/wp-json\/wp\/v2\/posts"}],"about":[{"href":"https:\/\/www.expectart.eu\/ca\/wp-json\/wp\/v2\/types\/post"}],"author":[{"embeddable":true,"href":"https:\/\/www.expectart.eu\/ca\/wp-json\/wp\/v2\/users\/6"}],"replies":[{"embeddable":true,"href":"https:\/\/www.expectart.eu\/ca\/wp-json\/wp\/v2\/comments?post=4976"}],"version-history":[{"count":2,"href":"https:\/\/www.expectart.eu\/ca\/wp-json\/wp\/v2\/posts\/4976\/revisions"}],"predecessor-version":[{"id":4979,"href":"https:\/\/www.expectart.eu\/ca\/wp-json\/wp\/v2\/posts\/4976\/revisions\/4979"}],"wp:featuredmedia":[{"embeddable":true,"href":"https:\/\/www.expectart.eu\/ca\/wp-json\/wp\/v2\/media\/4956"}],"wp:attachment":[{"href":"https:\/\/www.expectart.eu\/ca\/wp-json\/wp\/v2\/media?parent=4976"}],"wp:term":[{"taxonomy":"category","embeddable":true,"href":"https:\/\/www.expectart.eu\/ca\/wp-json\/wp\/v2\/categories?post=4976"},{"taxonomy":"post_tag","embeddable":true,"href":"https:\/\/www.expectart.eu\/ca\/wp-json\/wp\/v2\/tags?post=4976"}],"curies":[{"name":"wp","href":"https:\/\/api.w.org\/{rel}","templated":true}]}}