{"id":4518,"date":"2024-12-18T09:26:02","date_gmt":"2024-12-18T08:26:02","guid":{"rendered":"https:\/\/www.expectart.eu\/?p=4518"},"modified":"2024-12-18T13:15:38","modified_gmt":"2024-12-18T12:15:38","slug":"una-manera-danesa-de-fomentar-la-creativitat","status":"publish","type":"post","link":"https:\/\/www.expectart.eu\/ca\/una-manera-danesa-de-fomentar-la-creativitat\/","title":{"rendered":"Una manera danesa de fomentar la creativitat"},"content":{"rendered":"\n<p>Al novembre, l&#8217;equip dan\u00e8s va celebrar una reuni\u00f3 a Professionsh\u00f8jskolen Absalon a Slagelse, acollida pels membres del consorci Rikke Brown i Pernille Welent S\u00f8rensen. La trobada va comen\u00e7ar reflexionant sobre la interdisciplinarietat i el nostre treball de camp. Despr\u00e9s, es va fer una visita al Frirum Lab, on la Karen va compartir idees sobre el seu treball amb tallers creatius i el seu enfocament obert per fomentar la creativitat.<\/p>\n\n\n\n<p>El Frirum Lab \u00e9s una iniciativa social especialitzada a facilitar tallers i processos creatius per a participants de totes les edats. Posen un gran \u00e8mfasi en el benestar dels participants i pretenen crear un entorn que nodreixi la creativitat i les persones. Una altra prioritat clau \u00e9s la sostenibilitat, especialment mitjan\u00e7ant l&#8217;\u00fas de materials reciclats.<\/p>\n\n\n\n<p>Realment va ser un dia ple d&#8217;inspiraci\u00f3 i reflexi\u00f3.<\/p>\n\n\n\n<figure class=\"wp-block-image aligncenter size-large\"><img fetchpriority=\"high\" decoding=\"async\" width=\"878\" height=\"1024\" src=\"https:\/\/www.expectart.eu\/wp-content\/uploads\/2024\/12\/469069039_122188816910243865_6903501651521425193_n-878x1024.jpg\" alt=\"\" class=\"wp-image-4495\" srcset=\"https:\/\/www.expectart.eu\/wp-content\/uploads\/2024\/12\/469069039_122188816910243865_6903501651521425193_n-878x1024.jpg 878w, https:\/\/www.expectart.eu\/wp-content\/uploads\/2024\/12\/469069039_122188816910243865_6903501651521425193_n-257x300.jpg 257w, https:\/\/www.expectart.eu\/wp-content\/uploads\/2024\/12\/469069039_122188816910243865_6903501651521425193_n-768x896.jpg 768w, https:\/\/www.expectart.eu\/wp-content\/uploads\/2024\/12\/469069039_122188816910243865_6903501651521425193_n-1316x1536.jpg 1316w, https:\/\/www.expectart.eu\/wp-content\/uploads\/2024\/12\/469069039_122188816910243865_6903501651521425193_n.jpg 1755w\" sizes=\"(max-width: 878px) 100vw, 878px\" \/><\/figure>\n","protected":false},"excerpt":{"rendered":"<p>Al novembre, l&#8217;equip dan\u00e8s va celebrar una reuni\u00f3 a Professionsh\u00f8jskolen Absalon a Slagelse, acollida pels membres del consorci Rikke Brown i Pernille Welent S\u00f8rensen. La trobada va comen\u00e7ar reflexionant sobre la interdisciplinarietat i el nostre treball de camp. Despr\u00e9s, es va fer una visita al Frirum Lab, on la Karen va compartir idees sobre el [&hellip;]<\/p>\n","protected":false},"author":6,"featured_media":4510,"comment_status":"open","ping_status":"open","sticky":false,"template":"","format":"standard","meta":{"site-sidebar-layout":"default","site-content-layout":"","ast-site-content-layout":"default","site-content-style":"default","site-sidebar-style":"default","ast-global-header-display":"","ast-banner-title-visibility":"","ast-main-header-display":"","ast-hfb-above-header-display":"","ast-hfb-below-header-display":"","ast-hfb-mobile-header-display":"","site-post-title":"","ast-breadcrumbs-content":"","ast-featured-img":"","footer-sml-layout":"","ast-disable-related-posts":"","theme-transparent-header-meta":"","adv-header-id-meta":"","stick-header-meta":"","header-above-stick-meta":"","header-main-stick-meta":"","header-below-stick-meta":"","astra-migrate-meta-layouts":"set","ast-page-background-enabled":"default","ast-page-background-meta":{"desktop":{"background-color":"","background-image":"","background-repeat":"repeat","background-position":"center center","background-size":"auto","background-attachment":"scroll","background-type":"","background-media":"","overlay-type":"","overlay-color":"","overlay-opacity":"","overlay-gradient":""},"tablet":{"background-color":"","background-image":"","background-repeat":"repeat","background-position":"center center","background-size":"auto","background-attachment":"scroll","background-type":"","background-media":"","overlay-type":"","overlay-color":"","overlay-opacity":"","overlay-gradient":""},"mobile":{"background-color":"","background-image":"","background-repeat":"repeat","background-position":"center center","background-size":"auto","background-attachment":"scroll","background-type":"","background-media":"","overlay-type":"","overlay-color":"","overlay-opacity":"","overlay-gradient":""}},"ast-content-background-meta":{"desktop":{"background-color":"var(--ast-global-color-5)","background-image":"","background-repeat":"repeat","background-position":"center center","background-size":"auto","background-attachment":"scroll","background-type":"","background-media":"","overlay-type":"","overlay-color":"","overlay-opacity":"","overlay-gradient":""},"tablet":{"background-color":"var(--ast-global-color-5)","background-image":"","background-repeat":"repeat","background-position":"center center","background-size":"auto","background-attachment":"scroll","background-type":"","background-media":"","overlay-type":"","overlay-color":"","overlay-opacity":"","overlay-gradient":""},"mobile":{"background-color":"var(--ast-global-color-5)","background-image":"","background-repeat":"repeat","background-position":"center center","background-size":"auto","background-attachment":"scroll","background-type":"","background-media":"","overlay-type":"","overlay-color":"","overlay-opacity":"","overlay-gradient":""}},"footnotes":""},"categories":[48],"tags":[],"class_list":["post-4518","post","type-post","status-publish","format-standard","has-post-thumbnail","hentry","category-noticies"],"yoast_head":"<!-- This site is optimized with the Yoast SEO plugin v27.2 - https:\/\/yoast.com\/product\/yoast-seo-wordpress\/ -->\n<title>Una manera danesa de fomentar la creativitat - EXPECT_Art<\/title>\n<meta name=\"description\" content=\"Al novembre, l&#039;equip dan\u00e8s va celebrar una reuni\u00f3 a Professionsh\u00f8jskolen Absalon a Slagelse\" \/>\n<meta name=\"robots\" content=\"index, follow, max-snippet:-1, max-image-preview:large, max-video-preview:-1\" \/>\n<link rel=\"canonical\" href=\"https:\/\/www.expectart.eu\/ca\/una-manera-danesa-de-fomentar-la-creativitat\/\" \/>\n<meta property=\"og:locale\" content=\"ca_ES\" \/>\n<meta property=\"og:type\" content=\"article\" \/>\n<meta property=\"og:title\" content=\"Una manera danesa de fomentar la creativitat - EXPECT_Art\" \/>\n<meta property=\"og:description\" content=\"Al novembre, l&#039;equip dan\u00e8s va celebrar una reuni\u00f3 a Professionsh\u00f8jskolen Absalon a Slagelse\" \/>\n<meta property=\"og:url\" content=\"https:\/\/www.expectart.eu\/ca\/una-manera-danesa-de-fomentar-la-creativitat\/\" \/>\n<meta property=\"og:site_name\" content=\"EXPECT_Art\" \/>\n<meta property=\"article:publisher\" content=\"https:\/\/www.facebook.com\/EXPECTArtEU\" \/>\n<meta property=\"article:published_time\" content=\"2024-12-18T08:26:02+00:00\" \/>\n<meta property=\"article:modified_time\" content=\"2024-12-18T12:15:38+00:00\" \/>\n<meta property=\"og:image\" content=\"https:\/\/www.expectart.eu\/wp-content\/uploads\/2024\/12\/469307615_122188816820243865_1516353026907604235_n.jpg\" \/>\n\t<meta property=\"og:image:width\" content=\"1654\" \/>\n\t<meta property=\"og:image:height\" content=\"2048\" \/>\n\t<meta property=\"og:image:type\" content=\"image\/jpeg\" \/>\n<meta name=\"author\" content=\"Xavier Gir\u00f3 Gr\u00e0cia\" \/>\n<meta name=\"twitter:card\" content=\"summary_large_image\" \/>\n<meta name=\"twitter:label1\" content=\"Escrit per\" \/>\n\t<meta name=\"twitter:data1\" content=\"Xavier Gir\u00f3 Gr\u00e0cia\" \/>\n\t<meta name=\"twitter:label2\" content=\"Temps estimat de lectura\" \/>\n\t<meta name=\"twitter:data2\" content=\"1 minut\" \/>\n<script type=\"application\/ld+json\" class=\"yoast-schema-graph\">{\"@context\":\"https:\/\/schema.org\",\"@graph\":[{\"@type\":\"Article\",\"@id\":\"https:\/\/www.expectart.eu\/ca\/una-manera-danesa-de-fomentar-la-creativitat\/#article\",\"isPartOf\":{\"@id\":\"https:\/\/www.expectart.eu\/ca\/una-manera-danesa-de-fomentar-la-creativitat\/\"},\"author\":{\"name\":\"Xavier Gir\u00f3 Gr\u00e0cia\",\"@id\":\"https:\/\/www.expectart.eu\/#\/schema\/person\/23bfb96483707b6f7e7622a7f8db2f16\"},\"headline\":\"Una manera danesa de fomentar la creativitat\",\"datePublished\":\"2024-12-18T08:26:02+00:00\",\"dateModified\":\"2024-12-18T12:15:38+00:00\",\"mainEntityOfPage\":{\"@id\":\"https:\/\/www.expectart.eu\/ca\/una-manera-danesa-de-fomentar-la-creativitat\/\"},\"wordCount\":149,\"commentCount\":0,\"publisher\":{\"@id\":\"https:\/\/www.expectart.eu\/#organization\"},\"image\":{\"@id\":\"https:\/\/www.expectart.eu\/ca\/una-manera-danesa-de-fomentar-la-creativitat\/#primaryimage\"},\"thumbnailUrl\":\"https:\/\/www.expectart.eu\/wp-content\/uploads\/2024\/12\/469307615_122188816820243865_1516353026907604235_n.jpg\",\"articleSection\":[\"Noticies\"],\"inLanguage\":\"ca\",\"potentialAction\":[{\"@type\":\"CommentAction\",\"name\":\"Comment\",\"target\":[\"https:\/\/www.expectart.eu\/ca\/una-manera-danesa-de-fomentar-la-creativitat\/#respond\"]}]},{\"@type\":\"WebPage\",\"@id\":\"https:\/\/www.expectart.eu\/ca\/una-manera-danesa-de-fomentar-la-creativitat\/\",\"url\":\"https:\/\/www.expectart.eu\/ca\/una-manera-danesa-de-fomentar-la-creativitat\/\",\"name\":\"Una manera danesa de fomentar la creativitat - EXPECT_Art\",\"isPartOf\":{\"@id\":\"https:\/\/www.expectart.eu\/#website\"},\"primaryImageOfPage\":{\"@id\":\"https:\/\/www.expectart.eu\/ca\/una-manera-danesa-de-fomentar-la-creativitat\/#primaryimage\"},\"image\":{\"@id\":\"https:\/\/www.expectart.eu\/ca\/una-manera-danesa-de-fomentar-la-creativitat\/#primaryimage\"},\"thumbnailUrl\":\"https:\/\/www.expectart.eu\/wp-content\/uploads\/2024\/12\/469307615_122188816820243865_1516353026907604235_n.jpg\",\"datePublished\":\"2024-12-18T08:26:02+00:00\",\"dateModified\":\"2024-12-18T12:15:38+00:00\",\"description\":\"Al novembre, l'equip dan\u00e8s va celebrar una reuni\u00f3 a Professionsh\u00f8jskolen Absalon a Slagelse\",\"breadcrumb\":{\"@id\":\"https:\/\/www.expectart.eu\/ca\/una-manera-danesa-de-fomentar-la-creativitat\/#breadcrumb\"},\"inLanguage\":\"ca\",\"potentialAction\":[{\"@type\":\"ReadAction\",\"target\":[\"https:\/\/www.expectart.eu\/ca\/una-manera-danesa-de-fomentar-la-creativitat\/\"]}]},{\"@type\":\"ImageObject\",\"inLanguage\":\"ca\",\"@id\":\"https:\/\/www.expectart.eu\/ca\/una-manera-danesa-de-fomentar-la-creativitat\/#primaryimage\",\"url\":\"https:\/\/www.expectart.eu\/wp-content\/uploads\/2024\/12\/469307615_122188816820243865_1516353026907604235_n.jpg\",\"contentUrl\":\"https:\/\/www.expectart.eu\/wp-content\/uploads\/2024\/12\/469307615_122188816820243865_1516353026907604235_n.jpg\",\"width\":1654,\"height\":2048},{\"@type\":\"BreadcrumbList\",\"@id\":\"https:\/\/www.expectart.eu\/ca\/una-manera-danesa-de-fomentar-la-creativitat\/#breadcrumb\",\"itemListElement\":[{\"@type\":\"ListItem\",\"position\":1,\"name\":\"Home\",\"item\":\"https:\/\/www.expectart.eu\/\"},{\"@type\":\"ListItem\",\"position\":2,\"name\":\"Una manera danesa de fomentar la creativitat\"}]},{\"@type\":\"WebSite\",\"@id\":\"https:\/\/www.expectart.eu\/#website\",\"url\":\"https:\/\/www.expectart.eu\/\",\"name\":\"EXPECT_Art\",\"description\":\"EU Project\",\"publisher\":{\"@id\":\"https:\/\/www.expectart.eu\/#organization\"},\"potentialAction\":[{\"@type\":\"SearchAction\",\"target\":{\"@type\":\"EntryPoint\",\"urlTemplate\":\"https:\/\/www.expectart.eu\/?s={search_term_string}\"},\"query-input\":{\"@type\":\"PropertyValueSpecification\",\"valueRequired\":true,\"valueName\":\"search_term_string\"}}],\"inLanguage\":\"ca\"},{\"@type\":\"Organization\",\"@id\":\"https:\/\/www.expectart.eu\/#organization\",\"name\":\"EXPECT_Art\",\"url\":\"https:\/\/www.expectart.eu\/\",\"logo\":{\"@type\":\"ImageObject\",\"inLanguage\":\"ca\",\"@id\":\"https:\/\/www.expectart.eu\/#\/schema\/logo\/image\/\",\"url\":\"https:\/\/www.expectart.eu\/wp-content\/uploads\/2024\/04\/cropped-logo-rgb_without-text-02.png\",\"contentUrl\":\"https:\/\/www.expectart.eu\/wp-content\/uploads\/2024\/04\/cropped-logo-rgb_without-text-02.png\",\"width\":679,\"height\":139,\"caption\":\"EXPECT_Art\"},\"image\":{\"@id\":\"https:\/\/www.expectart.eu\/#\/schema\/logo\/image\/\"},\"sameAs\":[\"https:\/\/www.facebook.com\/EXPECTArtEU\",\"https:\/\/www.instagram.com\/expect_art_eu\/\"]},{\"@type\":\"Person\",\"@id\":\"https:\/\/www.expectart.eu\/#\/schema\/person\/23bfb96483707b6f7e7622a7f8db2f16\",\"name\":\"Xavier Gir\u00f3 Gr\u00e0cia\",\"image\":{\"@type\":\"ImageObject\",\"inLanguage\":\"ca\",\"@id\":\"https:\/\/secure.gravatar.com\/avatar\/c16e792998dd5d96a7dd7c52600523e1dab5f4b9696f5b9505b968d08e9fa42f?s=96&d=mm&r=g\",\"url\":\"https:\/\/secure.gravatar.com\/avatar\/c16e792998dd5d96a7dd7c52600523e1dab5f4b9696f5b9505b968d08e9fa42f?s=96&d=mm&r=g\",\"contentUrl\":\"https:\/\/secure.gravatar.com\/avatar\/c16e792998dd5d96a7dd7c52600523e1dab5f4b9696f5b9505b968d08e9fa42f?s=96&d=mm&r=g\",\"caption\":\"Xavier Gir\u00f3 Gr\u00e0cia\"},\"url\":\"https:\/\/www.expectart.eu\/ca\/author\/xavier\/\"}]}<\/script>\n<!-- \/ Yoast SEO plugin. -->","yoast_head_json":{"title":"Una manera danesa de fomentar la creativitat - EXPECT_Art","description":"Al novembre, l'equip dan\u00e8s va celebrar una reuni\u00f3 a Professionsh\u00f8jskolen Absalon a Slagelse","robots":{"index":"index","follow":"follow","max-snippet":"max-snippet:-1","max-image-preview":"max-image-preview:large","max-video-preview":"max-video-preview:-1"},"canonical":"https:\/\/www.expectart.eu\/ca\/una-manera-danesa-de-fomentar-la-creativitat\/","og_locale":"ca_ES","og_type":"article","og_title":"Una manera danesa de fomentar la creativitat - EXPECT_Art","og_description":"Al novembre, l'equip dan\u00e8s va celebrar una reuni\u00f3 a Professionsh\u00f8jskolen Absalon a Slagelse","og_url":"https:\/\/www.expectart.eu\/ca\/una-manera-danesa-de-fomentar-la-creativitat\/","og_site_name":"EXPECT_Art","article_publisher":"https:\/\/www.facebook.com\/EXPECTArtEU","article_published_time":"2024-12-18T08:26:02+00:00","article_modified_time":"2024-12-18T12:15:38+00:00","og_image":[{"width":1654,"height":2048,"url":"https:\/\/www.expectart.eu\/wp-content\/uploads\/2024\/12\/469307615_122188816820243865_1516353026907604235_n.jpg","type":"image\/jpeg"}],"author":"Xavier Gir\u00f3 Gr\u00e0cia","twitter_card":"summary_large_image","twitter_misc":{"Escrit per":"Xavier Gir\u00f3 Gr\u00e0cia","Temps estimat de lectura":"1 minut"},"schema":{"@context":"https:\/\/schema.org","@graph":[{"@type":"Article","@id":"https:\/\/www.expectart.eu\/ca\/una-manera-danesa-de-fomentar-la-creativitat\/#article","isPartOf":{"@id":"https:\/\/www.expectart.eu\/ca\/una-manera-danesa-de-fomentar-la-creativitat\/"},"author":{"name":"Xavier Gir\u00f3 Gr\u00e0cia","@id":"https:\/\/www.expectart.eu\/#\/schema\/person\/23bfb96483707b6f7e7622a7f8db2f16"},"headline":"Una manera danesa de fomentar la creativitat","datePublished":"2024-12-18T08:26:02+00:00","dateModified":"2024-12-18T12:15:38+00:00","mainEntityOfPage":{"@id":"https:\/\/www.expectart.eu\/ca\/una-manera-danesa-de-fomentar-la-creativitat\/"},"wordCount":149,"commentCount":0,"publisher":{"@id":"https:\/\/www.expectart.eu\/#organization"},"image":{"@id":"https:\/\/www.expectart.eu\/ca\/una-manera-danesa-de-fomentar-la-creativitat\/#primaryimage"},"thumbnailUrl":"https:\/\/www.expectart.eu\/wp-content\/uploads\/2024\/12\/469307615_122188816820243865_1516353026907604235_n.jpg","articleSection":["Noticies"],"inLanguage":"ca","potentialAction":[{"@type":"CommentAction","name":"Comment","target":["https:\/\/www.expectart.eu\/ca\/una-manera-danesa-de-fomentar-la-creativitat\/#respond"]}]},{"@type":"WebPage","@id":"https:\/\/www.expectart.eu\/ca\/una-manera-danesa-de-fomentar-la-creativitat\/","url":"https:\/\/www.expectart.eu\/ca\/una-manera-danesa-de-fomentar-la-creativitat\/","name":"Una manera danesa de fomentar la creativitat - EXPECT_Art","isPartOf":{"@id":"https:\/\/www.expectart.eu\/#website"},"primaryImageOfPage":{"@id":"https:\/\/www.expectart.eu\/ca\/una-manera-danesa-de-fomentar-la-creativitat\/#primaryimage"},"image":{"@id":"https:\/\/www.expectart.eu\/ca\/una-manera-danesa-de-fomentar-la-creativitat\/#primaryimage"},"thumbnailUrl":"https:\/\/www.expectart.eu\/wp-content\/uploads\/2024\/12\/469307615_122188816820243865_1516353026907604235_n.jpg","datePublished":"2024-12-18T08:26:02+00:00","dateModified":"2024-12-18T12:15:38+00:00","description":"Al novembre, l'equip dan\u00e8s va celebrar una reuni\u00f3 a Professionsh\u00f8jskolen Absalon a Slagelse","breadcrumb":{"@id":"https:\/\/www.expectart.eu\/ca\/una-manera-danesa-de-fomentar-la-creativitat\/#breadcrumb"},"inLanguage":"ca","potentialAction":[{"@type":"ReadAction","target":["https:\/\/www.expectart.eu\/ca\/una-manera-danesa-de-fomentar-la-creativitat\/"]}]},{"@type":"ImageObject","inLanguage":"ca","@id":"https:\/\/www.expectart.eu\/ca\/una-manera-danesa-de-fomentar-la-creativitat\/#primaryimage","url":"https:\/\/www.expectart.eu\/wp-content\/uploads\/2024\/12\/469307615_122188816820243865_1516353026907604235_n.jpg","contentUrl":"https:\/\/www.expectart.eu\/wp-content\/uploads\/2024\/12\/469307615_122188816820243865_1516353026907604235_n.jpg","width":1654,"height":2048},{"@type":"BreadcrumbList","@id":"https:\/\/www.expectart.eu\/ca\/una-manera-danesa-de-fomentar-la-creativitat\/#breadcrumb","itemListElement":[{"@type":"ListItem","position":1,"name":"Home","item":"https:\/\/www.expectart.eu\/"},{"@type":"ListItem","position":2,"name":"Una manera danesa de fomentar la creativitat"}]},{"@type":"WebSite","@id":"https:\/\/www.expectart.eu\/#website","url":"https:\/\/www.expectart.eu\/","name":"EXPECT_Art","description":"EU Project","publisher":{"@id":"https:\/\/www.expectart.eu\/#organization"},"potentialAction":[{"@type":"SearchAction","target":{"@type":"EntryPoint","urlTemplate":"https:\/\/www.expectart.eu\/?s={search_term_string}"},"query-input":{"@type":"PropertyValueSpecification","valueRequired":true,"valueName":"search_term_string"}}],"inLanguage":"ca"},{"@type":"Organization","@id":"https:\/\/www.expectart.eu\/#organization","name":"EXPECT_Art","url":"https:\/\/www.expectart.eu\/","logo":{"@type":"ImageObject","inLanguage":"ca","@id":"https:\/\/www.expectart.eu\/#\/schema\/logo\/image\/","url":"https:\/\/www.expectart.eu\/wp-content\/uploads\/2024\/04\/cropped-logo-rgb_without-text-02.png","contentUrl":"https:\/\/www.expectart.eu\/wp-content\/uploads\/2024\/04\/cropped-logo-rgb_without-text-02.png","width":679,"height":139,"caption":"EXPECT_Art"},"image":{"@id":"https:\/\/www.expectart.eu\/#\/schema\/logo\/image\/"},"sameAs":["https:\/\/www.facebook.com\/EXPECTArtEU","https:\/\/www.instagram.com\/expect_art_eu\/"]},{"@type":"Person","@id":"https:\/\/www.expectart.eu\/#\/schema\/person\/23bfb96483707b6f7e7622a7f8db2f16","name":"Xavier Gir\u00f3 Gr\u00e0cia","image":{"@type":"ImageObject","inLanguage":"ca","@id":"https:\/\/secure.gravatar.com\/avatar\/c16e792998dd5d96a7dd7c52600523e1dab5f4b9696f5b9505b968d08e9fa42f?s=96&d=mm&r=g","url":"https:\/\/secure.gravatar.com\/avatar\/c16e792998dd5d96a7dd7c52600523e1dab5f4b9696f5b9505b968d08e9fa42f?s=96&d=mm&r=g","contentUrl":"https:\/\/secure.gravatar.com\/avatar\/c16e792998dd5d96a7dd7c52600523e1dab5f4b9696f5b9505b968d08e9fa42f?s=96&d=mm&r=g","caption":"Xavier Gir\u00f3 Gr\u00e0cia"},"url":"https:\/\/www.expectart.eu\/ca\/author\/xavier\/"}]}},"_links":{"self":[{"href":"https:\/\/www.expectart.eu\/ca\/wp-json\/wp\/v2\/posts\/4518","targetHints":{"allow":["GET"]}}],"collection":[{"href":"https:\/\/www.expectart.eu\/ca\/wp-json\/wp\/v2\/posts"}],"about":[{"href":"https:\/\/www.expectart.eu\/ca\/wp-json\/wp\/v2\/types\/post"}],"author":[{"embeddable":true,"href":"https:\/\/www.expectart.eu\/ca\/wp-json\/wp\/v2\/users\/6"}],"replies":[{"embeddable":true,"href":"https:\/\/www.expectart.eu\/ca\/wp-json\/wp\/v2\/comments?post=4518"}],"version-history":[{"count":4,"href":"https:\/\/www.expectart.eu\/ca\/wp-json\/wp\/v2\/posts\/4518\/revisions"}],"predecessor-version":[{"id":4525,"href":"https:\/\/www.expectart.eu\/ca\/wp-json\/wp\/v2\/posts\/4518\/revisions\/4525"}],"wp:featuredmedia":[{"embeddable":true,"href":"https:\/\/www.expectart.eu\/ca\/wp-json\/wp\/v2\/media\/4510"}],"wp:attachment":[{"href":"https:\/\/www.expectart.eu\/ca\/wp-json\/wp\/v2\/media?parent=4518"}],"wp:term":[{"taxonomy":"category","embeddable":true,"href":"https:\/\/www.expectart.eu\/ca\/wp-json\/wp\/v2\/categories?post=4518"},{"taxonomy":"post_tag","embeddable":true,"href":"https:\/\/www.expectart.eu\/ca\/wp-json\/wp\/v2\/tags?post=4518"}],"curies":[{"name":"wp","href":"https:\/\/api.w.org\/{rel}","templated":true}]}}