{"id":3130,"date":"2024-04-29T06:54:24","date_gmt":"2024-04-29T04:54:24","guid":{"rendered":"https:\/\/www.expectart.eu\/?p=3130"},"modified":"2024-06-25T15:29:36","modified_gmt":"2024-06-25T13:29:36","slug":"expect_art-foment-de-les-connexions-culturals-a-les-aules-europees","status":"publish","type":"post","link":"https:\/\/www.expectart.eu\/ca\/expect_art-foment-de-les-connexions-culturals-a-les-aules-europees\/","title":{"rendered":"EXPECT_Art: Foment de les connexions culturals a les aules europees"},"content":{"rendered":"\n<p>EXPECT_Art (EXPlorant i Educant l\u2019Alfabetitzaci\u00f3 Cultural a trav\u00e9s de l\u2019Art) cerca promoure l\u2019alfabetitzaci\u00f3 cultural cr\u00edtica a trav\u00e9s de les arts i els usos de les arts a l\u2019educaci\u00f3 dins i a trav\u00e9s de 12 entorns educatius i locals a Europa. En emprar un disseny de la recerca basat en la comunitat, el projecte integra metodologies basades en l\u2019art que involucren activament nens, nenes, docents i la ciutadania com a participants de la recerca, per\u00f2 tamb\u00e9 com a contribuents integrals al proc\u00e9s de recerca.<\/p>\n\n\n\n<p>El nostre consorci de projecte est\u00e0 format per sis pa\u00efsos europeus (Dinamarca, Alemanya, Hongria, Pol\u00f2nia, Eslov\u00e8nia i Espanya) i est\u00e0 dirigit per un grup d\u2019investigadors distingits de la Universitat del Sud de Dinamarca. Involucra 13 institucions de recerca i socis de la ind\u00fastria cultural i creativa dins de cada pa\u00eds participant.<\/p>\n\n\n\n<p>EXPECT_Art \u00e9s m\u00e9s que un projecte de recerca; \u00e9s una visi\u00f3 per al futur de l\u2019educaci\u00f3 art\u00edstica a Europa. El programa inclou el desenvolupament d\u2019un curs universitari, un manual, seminaris per a docents, recursos educatius i una s\u00e8rie de recomanacions de pol\u00edtiques. El projecte representa un pas pioner en la redefinici\u00f3 del paper de l\u2019educaci\u00f3 art\u00edstica en el cultiu d\u2019una comprensi\u00f3 m\u00e9s matisada de la cultura a tot Europa.<\/p>\n\n\n\n<p>Fotos: Morten Karlsen Glensholm<\/p>\n\n\n\n<div style=\"height:30px\" aria-hidden=\"true\" class=\"wp-block-spacer\"><\/div>\n\n\n\n<figure class=\"wp-block-image aligncenter size-full\"><img fetchpriority=\"high\" decoding=\"async\" width=\"750\" height=\"500\" src=\"https:\/\/www.expectart.eu\/wp-content\/uploads\/2024\/04\/ExpectArt-project-2-1.jpg\" alt=\"ExpectArt project - 1st project meeting\" class=\"wp-image-2615\" srcset=\"https:\/\/www.expectart.eu\/wp-content\/uploads\/2024\/04\/ExpectArt-project-2-1.jpg 750w, https:\/\/www.expectart.eu\/wp-content\/uploads\/2024\/04\/ExpectArt-project-2-1-300x200.jpg 300w\" sizes=\"(max-width: 750px) 100vw, 750px\" \/><\/figure>\n\n\n\n<div style=\"height:30px\" aria-hidden=\"true\" class=\"wp-block-spacer\"><\/div>\n\n\n\n<figure class=\"wp-block-image aligncenter size-full\"><img decoding=\"async\" width=\"750\" height=\"500\" src=\"https:\/\/www.expectart.eu\/wp-content\/uploads\/2024\/04\/ExpectArt-project-3-1.jpg\" alt=\"ExpectArt project - 1st project meeting\" class=\"wp-image-2623\" srcset=\"https:\/\/www.expectart.eu\/wp-content\/uploads\/2024\/04\/ExpectArt-project-3-1.jpg 750w, https:\/\/www.expectart.eu\/wp-content\/uploads\/2024\/04\/ExpectArt-project-3-1-300x200.jpg 300w\" sizes=\"(max-width: 750px) 100vw, 750px\" \/><\/figure>\n\n\n\n<div style=\"height:30px\" aria-hidden=\"true\" class=\"wp-block-spacer\"><\/div>\n\n\n\n<figure class=\"wp-block-image aligncenter size-full\"><img decoding=\"async\" width=\"750\" height=\"500\" src=\"https:\/\/www.expectart.eu\/wp-content\/uploads\/2024\/04\/ExpectArt-project-4-1.jpg\" alt=\"ExpectArt project - 1st project meeting\" class=\"wp-image-2631\" srcset=\"https:\/\/www.expectart.eu\/wp-content\/uploads\/2024\/04\/ExpectArt-project-4-1.jpg 750w, https:\/\/www.expectart.eu\/wp-content\/uploads\/2024\/04\/ExpectArt-project-4-1-300x200.jpg 300w\" sizes=\"(max-width: 750px) 100vw, 750px\" \/><\/figure>\n\n\n\n<div style=\"height:30px\" aria-hidden=\"true\" class=\"wp-block-spacer\"><\/div>\n\n\n\n<figure class=\"wp-block-image aligncenter size-full\"><img loading=\"lazy\" decoding=\"async\" width=\"750\" height=\"500\" src=\"https:\/\/www.expectart.eu\/wp-content\/uploads\/2024\/04\/ExpectArt-project-5-1.jpg\" alt=\"ExpectArt project - 1st project meeting\" class=\"wp-image-2639\" srcset=\"https:\/\/www.expectart.eu\/wp-content\/uploads\/2024\/04\/ExpectArt-project-5-1.jpg 750w, https:\/\/www.expectart.eu\/wp-content\/uploads\/2024\/04\/ExpectArt-project-5-1-300x200.jpg 300w\" sizes=\"(max-width: 750px) 100vw, 750px\" \/><\/figure>\n\n\n\n<div style=\"height:30px\" aria-hidden=\"true\" class=\"wp-block-spacer\"><\/div>\n\n\n\n<figure class=\"wp-block-image aligncenter size-full\"><img loading=\"lazy\" decoding=\"async\" width=\"750\" height=\"500\" src=\"https:\/\/www.expectart.eu\/wp-content\/uploads\/2024\/04\/ExpectArt-project-6-1.jpg\" alt=\"ExpectArt project - 1st project meeting\" class=\"wp-image-2647\" srcset=\"https:\/\/www.expectart.eu\/wp-content\/uploads\/2024\/04\/ExpectArt-project-6-1.jpg 750w, https:\/\/www.expectart.eu\/wp-content\/uploads\/2024\/04\/ExpectArt-project-6-1-300x200.jpg 300w\" sizes=\"(max-width: 750px) 100vw, 750px\" \/><\/figure>\n\n\n\n<div style=\"height:30px\" aria-hidden=\"true\" class=\"wp-block-spacer\"><\/div>\n\n\n\n<figure class=\"wp-block-image aligncenter size-full\"><img loading=\"lazy\" decoding=\"async\" width=\"750\" height=\"500\" src=\"https:\/\/www.expectart.eu\/wp-content\/uploads\/2024\/04\/ExpectArt-project-7-1.jpg\" alt=\"ExpectArt project - 1st project meeting\" class=\"wp-image-2655\" srcset=\"https:\/\/www.expectart.eu\/wp-content\/uploads\/2024\/04\/ExpectArt-project-7-1.jpg 750w, https:\/\/www.expectart.eu\/wp-content\/uploads\/2024\/04\/ExpectArt-project-7-1-300x200.jpg 300w\" sizes=\"(max-width: 750px) 100vw, 750px\" \/><\/figure>\n\n\n\n<div style=\"height:30px\" aria-hidden=\"true\" class=\"wp-block-spacer\"><\/div>\n\n\n\n<figure class=\"wp-block-image aligncenter size-full\"><img loading=\"lazy\" decoding=\"async\" width=\"750\" height=\"500\" src=\"https:\/\/www.expectart.eu\/wp-content\/uploads\/2024\/04\/ExpectArt-project-8-1.jpg\" alt=\"ExpectArt project - 1st project meeting\" class=\"wp-image-2663\" srcset=\"https:\/\/www.expectart.eu\/wp-content\/uploads\/2024\/04\/ExpectArt-project-8-1.jpg 750w, https:\/\/www.expectart.eu\/wp-content\/uploads\/2024\/04\/ExpectArt-project-8-1-300x200.jpg 300w\" sizes=\"(max-width: 750px) 100vw, 750px\" \/><\/figure>\n\n\n\n<div style=\"height:30px\" aria-hidden=\"true\" class=\"wp-block-spacer\"><\/div>\n\n\n\n<figure class=\"wp-block-image aligncenter size-full\"><img loading=\"lazy\" decoding=\"async\" width=\"750\" height=\"500\" src=\"https:\/\/www.expectart.eu\/wp-content\/uploads\/2024\/04\/ExpectArt-project-10-1.jpg\" alt=\"ExpectArt project - 1st project meeting\" class=\"wp-image-2607\" srcset=\"https:\/\/www.expectart.eu\/wp-content\/uploads\/2024\/04\/ExpectArt-project-10-1.jpg 750w, https:\/\/www.expectart.eu\/wp-content\/uploads\/2024\/04\/ExpectArt-project-10-1-300x200.jpg 300w\" sizes=\"(max-width: 750px) 100vw, 750px\" \/><\/figure>\n\n\n\n<div style=\"height:30px\" aria-hidden=\"true\" class=\"wp-block-spacer\"><\/div>\n\n\n\n<figure class=\"wp-block-image aligncenter size-full\"><img loading=\"lazy\" decoding=\"async\" width=\"750\" height=\"500\" src=\"https:\/\/www.expectart.eu\/wp-content\/uploads\/2024\/04\/ExpectArt-project-9-1.jpg\" alt=\"ExpectArt project - 1st project meeting\" class=\"wp-image-2671\" srcset=\"https:\/\/www.expectart.eu\/wp-content\/uploads\/2024\/04\/ExpectArt-project-9-1.jpg 750w, https:\/\/www.expectart.eu\/wp-content\/uploads\/2024\/04\/ExpectArt-project-9-1-300x200.jpg 300w\" sizes=\"(max-width: 750px) 100vw, 750px\" \/><\/figure>\n","protected":false},"excerpt":{"rendered":"<p>EXPECT_Art (EXPlorant i Educant l\u2019Alfabetitzaci\u00f3 Cultural a trav\u00e9s de l\u2019Art) cerca promoure l\u2019alfabetitzaci\u00f3 cultural cr\u00edtica a trav\u00e9s de les arts i els usos de les arts a l\u2019educaci\u00f3 dins i a trav\u00e9s de 12 entorns educatius i locals a Europa. En emprar un disseny de la recerca basat en la comunitat, el projecte integra metodologies [&hellip;]<\/p>\n","protected":false},"author":1,"featured_media":2519,"comment_status":"open","ping_status":"open","sticky":false,"template":"","format":"standard","meta":{"site-sidebar-layout":"default","site-content-layout":"","ast-site-content-layout":"default","site-content-style":"default","site-sidebar-style":"default","ast-global-header-display":"","ast-banner-title-visibility":"","ast-main-header-display":"","ast-hfb-above-header-display":"","ast-hfb-below-header-display":"","ast-hfb-mobile-header-display":"","site-post-title":"","ast-breadcrumbs-content":"","ast-featured-img":"","footer-sml-layout":"","ast-disable-related-posts":"","theme-transparent-header-meta":"","adv-header-id-meta":"","stick-header-meta":"","header-above-stick-meta":"","header-main-stick-meta":"","header-below-stick-meta":"","astra-migrate-meta-layouts":"set","ast-page-background-enabled":"default","ast-page-background-meta":{"desktop":{"background-color":"","background-image":"","background-repeat":"repeat","background-position":"center center","background-size":"auto","background-attachment":"scroll","background-type":"","background-media":"","overlay-type":"","overlay-color":"","overlay-opacity":"","overlay-gradient":""},"tablet":{"background-color":"","background-image":"","background-repeat":"repeat","background-position":"center center","background-size":"auto","background-attachment":"scroll","background-type":"","background-media":"","overlay-type":"","overlay-color":"","overlay-opacity":"","overlay-gradient":""},"mobile":{"background-color":"","background-image":"","background-repeat":"repeat","background-position":"center center","background-size":"auto","background-attachment":"scroll","background-type":"","background-media":"","overlay-type":"","overlay-color":"","overlay-opacity":"","overlay-gradient":""}},"ast-content-background-meta":{"desktop":{"background-color":"var(--ast-global-color-5)","background-image":"","background-repeat":"repeat","background-position":"center center","background-size":"auto","background-attachment":"scroll","background-type":"","background-media":"","overlay-type":"","overlay-color":"","overlay-opacity":"","overlay-gradient":""},"tablet":{"background-color":"var(--ast-global-color-5)","background-image":"","background-repeat":"repeat","background-position":"center center","background-size":"auto","background-attachment":"scroll","background-type":"","background-media":"","overlay-type":"","overlay-color":"","overlay-opacity":"","overlay-gradient":""},"mobile":{"background-color":"var(--ast-global-color-5)","background-image":"","background-repeat":"repeat","background-position":"center center","background-size":"auto","background-attachment":"scroll","background-type":"","background-media":"","overlay-type":"","overlay-color":"","overlay-opacity":"","overlay-gradient":""}},"footnotes":""},"categories":[48],"tags":[],"class_list":["post-3130","post","type-post","status-publish","format-standard","has-post-thumbnail","hentry","category-noticies"],"yoast_head":"<!-- This site is optimized with the Yoast SEO plugin v27.2 - https:\/\/yoast.com\/product\/yoast-seo-wordpress\/ -->\n<title>EXPECT_Art: Foment de les connexions culturals a les aules europees - EXPECT_Art<\/title>\n<meta name=\"robots\" content=\"index, follow, max-snippet:-1, max-image-preview:large, max-video-preview:-1\" \/>\n<link rel=\"canonical\" href=\"https:\/\/www.expectart.eu\/ca\/expect_art-foment-de-les-connexions-culturals-a-les-aules-europees\/\" \/>\n<meta property=\"og:locale\" content=\"ca_ES\" \/>\n<meta property=\"og:type\" content=\"article\" \/>\n<meta property=\"og:title\" content=\"EXPECT_Art: Foment de les connexions culturals a les aules europees - EXPECT_Art\" \/>\n<meta property=\"og:description\" content=\"EXPECT_Art (EXPlorant i Educant l\u2019Alfabetitzaci\u00f3 Cultural a trav\u00e9s de l\u2019Art) cerca promoure l\u2019alfabetitzaci\u00f3 cultural cr\u00edtica a trav\u00e9s de les arts i els usos de les arts a l\u2019educaci\u00f3 dins i a trav\u00e9s de 12 entorns educatius i locals a Europa. En emprar un disseny de la recerca basat en la comunitat, el projecte integra metodologies [&hellip;]\" \/>\n<meta property=\"og:url\" content=\"https:\/\/www.expectart.eu\/ca\/expect_art-foment-de-les-connexions-culturals-a-les-aules-europees\/\" \/>\n<meta property=\"og:site_name\" content=\"EXPECT_Art\" \/>\n<meta property=\"article:publisher\" content=\"https:\/\/www.facebook.com\/EXPECTArtEU\" \/>\n<meta property=\"article:published_time\" content=\"2024-04-29T04:54:24+00:00\" \/>\n<meta property=\"article:modified_time\" content=\"2024-06-25T13:29:36+00:00\" \/>\n<meta property=\"og:image\" content=\"https:\/\/www.expectart.eu\/wp-content\/uploads\/2024\/04\/ExpectArt-project-1.jpg\" \/>\n\t<meta property=\"og:image:width\" content=\"1920\" \/>\n\t<meta property=\"og:image:height\" content=\"1280\" \/>\n\t<meta property=\"og:image:type\" content=\"image\/jpeg\" \/>\n<meta name=\"author\" content=\"alenka\" \/>\n<meta name=\"twitter:card\" content=\"summary_large_image\" \/>\n<meta name=\"twitter:label1\" content=\"Escrit per\" \/>\n\t<meta name=\"twitter:data1\" content=\"alenka\" \/>\n\t<meta name=\"twitter:label2\" content=\"Temps estimat de lectura\" \/>\n\t<meta name=\"twitter:data2\" content=\"3 minuts\" \/>\n<script type=\"application\/ld+json\" class=\"yoast-schema-graph\">{\"@context\":\"https:\/\/schema.org\",\"@graph\":[{\"@type\":\"Article\",\"@id\":\"https:\/\/www.expectart.eu\/ca\/expect_art-foment-de-les-connexions-culturals-a-les-aules-europees\/#article\",\"isPartOf\":{\"@id\":\"https:\/\/www.expectart.eu\/ca\/expect_art-foment-de-les-connexions-culturals-a-les-aules-europees\/\"},\"author\":{\"name\":\"alenka\",\"@id\":\"https:\/\/www.expectart.eu\/#\/schema\/person\/9948c89c445fcd3921315c5002966bdf\"},\"headline\":\"EXPECT_Art: Foment de les connexions culturals a les aules europees\",\"datePublished\":\"2024-04-29T04:54:24+00:00\",\"dateModified\":\"2024-06-25T13:29:36+00:00\",\"mainEntityOfPage\":{\"@id\":\"https:\/\/www.expectart.eu\/ca\/expect_art-foment-de-les-connexions-culturals-a-les-aules-europees\/\"},\"wordCount\":244,\"commentCount\":0,\"publisher\":{\"@id\":\"https:\/\/www.expectart.eu\/#organization\"},\"image\":{\"@id\":\"https:\/\/www.expectart.eu\/ca\/expect_art-foment-de-les-connexions-culturals-a-les-aules-europees\/#primaryimage\"},\"thumbnailUrl\":\"https:\/\/www.expectart.eu\/wp-content\/uploads\/2024\/04\/ExpectArt-project-1.jpg\",\"articleSection\":[\"Noticies\"],\"inLanguage\":\"ca\",\"potentialAction\":[{\"@type\":\"CommentAction\",\"name\":\"Comment\",\"target\":[\"https:\/\/www.expectart.eu\/ca\/expect_art-foment-de-les-connexions-culturals-a-les-aules-europees\/#respond\"]}]},{\"@type\":\"WebPage\",\"@id\":\"https:\/\/www.expectart.eu\/ca\/expect_art-foment-de-les-connexions-culturals-a-les-aules-europees\/\",\"url\":\"https:\/\/www.expectart.eu\/ca\/expect_art-foment-de-les-connexions-culturals-a-les-aules-europees\/\",\"name\":\"EXPECT_Art: Foment de les connexions culturals a les aules europees - EXPECT_Art\",\"isPartOf\":{\"@id\":\"https:\/\/www.expectart.eu\/#website\"},\"primaryImageOfPage\":{\"@id\":\"https:\/\/www.expectart.eu\/ca\/expect_art-foment-de-les-connexions-culturals-a-les-aules-europees\/#primaryimage\"},\"image\":{\"@id\":\"https:\/\/www.expectart.eu\/ca\/expect_art-foment-de-les-connexions-culturals-a-les-aules-europees\/#primaryimage\"},\"thumbnailUrl\":\"https:\/\/www.expectart.eu\/wp-content\/uploads\/2024\/04\/ExpectArt-project-1.jpg\",\"datePublished\":\"2024-04-29T04:54:24+00:00\",\"dateModified\":\"2024-06-25T13:29:36+00:00\",\"breadcrumb\":{\"@id\":\"https:\/\/www.expectart.eu\/ca\/expect_art-foment-de-les-connexions-culturals-a-les-aules-europees\/#breadcrumb\"},\"inLanguage\":\"ca\",\"potentialAction\":[{\"@type\":\"ReadAction\",\"target\":[\"https:\/\/www.expectart.eu\/ca\/expect_art-foment-de-les-connexions-culturals-a-les-aules-europees\/\"]}]},{\"@type\":\"ImageObject\",\"inLanguage\":\"ca\",\"@id\":\"https:\/\/www.expectart.eu\/ca\/expect_art-foment-de-les-connexions-culturals-a-les-aules-europees\/#primaryimage\",\"url\":\"https:\/\/www.expectart.eu\/wp-content\/uploads\/2024\/04\/ExpectArt-project-1.jpg\",\"contentUrl\":\"https:\/\/www.expectart.eu\/wp-content\/uploads\/2024\/04\/ExpectArt-project-1.jpg\",\"width\":1920,\"height\":1280,\"caption\":\"ExpectArt project - 1st project meeting\"},{\"@type\":\"BreadcrumbList\",\"@id\":\"https:\/\/www.expectart.eu\/ca\/expect_art-foment-de-les-connexions-culturals-a-les-aules-europees\/#breadcrumb\",\"itemListElement\":[{\"@type\":\"ListItem\",\"position\":1,\"name\":\"Home\",\"item\":\"https:\/\/www.expectart.eu\/\"},{\"@type\":\"ListItem\",\"position\":2,\"name\":\"EXPECT_Art: Foment de les connexions culturals a les aules europees\"}]},{\"@type\":\"WebSite\",\"@id\":\"https:\/\/www.expectart.eu\/#website\",\"url\":\"https:\/\/www.expectart.eu\/\",\"name\":\"EXPECT_Art\",\"description\":\"EU Project\",\"publisher\":{\"@id\":\"https:\/\/www.expectart.eu\/#organization\"},\"potentialAction\":[{\"@type\":\"SearchAction\",\"target\":{\"@type\":\"EntryPoint\",\"urlTemplate\":\"https:\/\/www.expectart.eu\/?s={search_term_string}\"},\"query-input\":{\"@type\":\"PropertyValueSpecification\",\"valueRequired\":true,\"valueName\":\"search_term_string\"}}],\"inLanguage\":\"ca\"},{\"@type\":\"Organization\",\"@id\":\"https:\/\/www.expectart.eu\/#organization\",\"name\":\"EXPECT_Art\",\"url\":\"https:\/\/www.expectart.eu\/\",\"logo\":{\"@type\":\"ImageObject\",\"inLanguage\":\"ca\",\"@id\":\"https:\/\/www.expectart.eu\/#\/schema\/logo\/image\/\",\"url\":\"https:\/\/www.expectart.eu\/wp-content\/uploads\/2024\/04\/cropped-logo-rgb_without-text-02.png\",\"contentUrl\":\"https:\/\/www.expectart.eu\/wp-content\/uploads\/2024\/04\/cropped-logo-rgb_without-text-02.png\",\"width\":679,\"height\":139,\"caption\":\"EXPECT_Art\"},\"image\":{\"@id\":\"https:\/\/www.expectart.eu\/#\/schema\/logo\/image\/\"},\"sameAs\":[\"https:\/\/www.facebook.com\/EXPECTArtEU\",\"https:\/\/www.instagram.com\/expect_art_eu\/\"]},{\"@type\":\"Person\",\"@id\":\"https:\/\/www.expectart.eu\/#\/schema\/person\/9948c89c445fcd3921315c5002966bdf\",\"name\":\"alenka\",\"image\":{\"@type\":\"ImageObject\",\"inLanguage\":\"ca\",\"@id\":\"https:\/\/secure.gravatar.com\/avatar\/5cc6be1a3b2ca46044364cd068347c8d4c90e5f8ae2432c3a0325b5ac1133bff?s=96&d=mm&r=g\",\"url\":\"https:\/\/secure.gravatar.com\/avatar\/5cc6be1a3b2ca46044364cd068347c8d4c90e5f8ae2432c3a0325b5ac1133bff?s=96&d=mm&r=g\",\"contentUrl\":\"https:\/\/secure.gravatar.com\/avatar\/5cc6be1a3b2ca46044364cd068347c8d4c90e5f8ae2432c3a0325b5ac1133bff?s=96&d=mm&r=g\",\"caption\":\"alenka\"},\"sameAs\":[\"https:\/\/www.expectart.eu\"],\"url\":\"https:\/\/www.expectart.eu\/ca\/author\/alenka\/\"}]}<\/script>\n<!-- \/ Yoast SEO plugin. -->","yoast_head_json":{"title":"EXPECT_Art: Foment de les connexions culturals a les aules europees - EXPECT_Art","robots":{"index":"index","follow":"follow","max-snippet":"max-snippet:-1","max-image-preview":"max-image-preview:large","max-video-preview":"max-video-preview:-1"},"canonical":"https:\/\/www.expectart.eu\/ca\/expect_art-foment-de-les-connexions-culturals-a-les-aules-europees\/","og_locale":"ca_ES","og_type":"article","og_title":"EXPECT_Art: Foment de les connexions culturals a les aules europees - EXPECT_Art","og_description":"EXPECT_Art (EXPlorant i Educant l\u2019Alfabetitzaci\u00f3 Cultural a trav\u00e9s de l\u2019Art) cerca promoure l\u2019alfabetitzaci\u00f3 cultural cr\u00edtica a trav\u00e9s de les arts i els usos de les arts a l\u2019educaci\u00f3 dins i a trav\u00e9s de 12 entorns educatius i locals a Europa. En emprar un disseny de la recerca basat en la comunitat, el projecte integra metodologies [&hellip;]","og_url":"https:\/\/www.expectart.eu\/ca\/expect_art-foment-de-les-connexions-culturals-a-les-aules-europees\/","og_site_name":"EXPECT_Art","article_publisher":"https:\/\/www.facebook.com\/EXPECTArtEU","article_published_time":"2024-04-29T04:54:24+00:00","article_modified_time":"2024-06-25T13:29:36+00:00","og_image":[{"width":1920,"height":1280,"url":"https:\/\/www.expectart.eu\/wp-content\/uploads\/2024\/04\/ExpectArt-project-1.jpg","type":"image\/jpeg"}],"author":"alenka","twitter_card":"summary_large_image","twitter_misc":{"Escrit per":"alenka","Temps estimat de lectura":"3 minuts"},"schema":{"@context":"https:\/\/schema.org","@graph":[{"@type":"Article","@id":"https:\/\/www.expectart.eu\/ca\/expect_art-foment-de-les-connexions-culturals-a-les-aules-europees\/#article","isPartOf":{"@id":"https:\/\/www.expectart.eu\/ca\/expect_art-foment-de-les-connexions-culturals-a-les-aules-europees\/"},"author":{"name":"alenka","@id":"https:\/\/www.expectart.eu\/#\/schema\/person\/9948c89c445fcd3921315c5002966bdf"},"headline":"EXPECT_Art: Foment de les connexions culturals a les aules europees","datePublished":"2024-04-29T04:54:24+00:00","dateModified":"2024-06-25T13:29:36+00:00","mainEntityOfPage":{"@id":"https:\/\/www.expectart.eu\/ca\/expect_art-foment-de-les-connexions-culturals-a-les-aules-europees\/"},"wordCount":244,"commentCount":0,"publisher":{"@id":"https:\/\/www.expectart.eu\/#organization"},"image":{"@id":"https:\/\/www.expectart.eu\/ca\/expect_art-foment-de-les-connexions-culturals-a-les-aules-europees\/#primaryimage"},"thumbnailUrl":"https:\/\/www.expectart.eu\/wp-content\/uploads\/2024\/04\/ExpectArt-project-1.jpg","articleSection":["Noticies"],"inLanguage":"ca","potentialAction":[{"@type":"CommentAction","name":"Comment","target":["https:\/\/www.expectart.eu\/ca\/expect_art-foment-de-les-connexions-culturals-a-les-aules-europees\/#respond"]}]},{"@type":"WebPage","@id":"https:\/\/www.expectart.eu\/ca\/expect_art-foment-de-les-connexions-culturals-a-les-aules-europees\/","url":"https:\/\/www.expectart.eu\/ca\/expect_art-foment-de-les-connexions-culturals-a-les-aules-europees\/","name":"EXPECT_Art: Foment de les connexions culturals a les aules europees - EXPECT_Art","isPartOf":{"@id":"https:\/\/www.expectart.eu\/#website"},"primaryImageOfPage":{"@id":"https:\/\/www.expectart.eu\/ca\/expect_art-foment-de-les-connexions-culturals-a-les-aules-europees\/#primaryimage"},"image":{"@id":"https:\/\/www.expectart.eu\/ca\/expect_art-foment-de-les-connexions-culturals-a-les-aules-europees\/#primaryimage"},"thumbnailUrl":"https:\/\/www.expectart.eu\/wp-content\/uploads\/2024\/04\/ExpectArt-project-1.jpg","datePublished":"2024-04-29T04:54:24+00:00","dateModified":"2024-06-25T13:29:36+00:00","breadcrumb":{"@id":"https:\/\/www.expectart.eu\/ca\/expect_art-foment-de-les-connexions-culturals-a-les-aules-europees\/#breadcrumb"},"inLanguage":"ca","potentialAction":[{"@type":"ReadAction","target":["https:\/\/www.expectart.eu\/ca\/expect_art-foment-de-les-connexions-culturals-a-les-aules-europees\/"]}]},{"@type":"ImageObject","inLanguage":"ca","@id":"https:\/\/www.expectart.eu\/ca\/expect_art-foment-de-les-connexions-culturals-a-les-aules-europees\/#primaryimage","url":"https:\/\/www.expectart.eu\/wp-content\/uploads\/2024\/04\/ExpectArt-project-1.jpg","contentUrl":"https:\/\/www.expectart.eu\/wp-content\/uploads\/2024\/04\/ExpectArt-project-1.jpg","width":1920,"height":1280,"caption":"ExpectArt project - 1st project meeting"},{"@type":"BreadcrumbList","@id":"https:\/\/www.expectart.eu\/ca\/expect_art-foment-de-les-connexions-culturals-a-les-aules-europees\/#breadcrumb","itemListElement":[{"@type":"ListItem","position":1,"name":"Home","item":"https:\/\/www.expectart.eu\/"},{"@type":"ListItem","position":2,"name":"EXPECT_Art: Foment de les connexions culturals a les aules europees"}]},{"@type":"WebSite","@id":"https:\/\/www.expectart.eu\/#website","url":"https:\/\/www.expectart.eu\/","name":"EXPECT_Art","description":"EU Project","publisher":{"@id":"https:\/\/www.expectart.eu\/#organization"},"potentialAction":[{"@type":"SearchAction","target":{"@type":"EntryPoint","urlTemplate":"https:\/\/www.expectart.eu\/?s={search_term_string}"},"query-input":{"@type":"PropertyValueSpecification","valueRequired":true,"valueName":"search_term_string"}}],"inLanguage":"ca"},{"@type":"Organization","@id":"https:\/\/www.expectart.eu\/#organization","name":"EXPECT_Art","url":"https:\/\/www.expectart.eu\/","logo":{"@type":"ImageObject","inLanguage":"ca","@id":"https:\/\/www.expectart.eu\/#\/schema\/logo\/image\/","url":"https:\/\/www.expectart.eu\/wp-content\/uploads\/2024\/04\/cropped-logo-rgb_without-text-02.png","contentUrl":"https:\/\/www.expectart.eu\/wp-content\/uploads\/2024\/04\/cropped-logo-rgb_without-text-02.png","width":679,"height":139,"caption":"EXPECT_Art"},"image":{"@id":"https:\/\/www.expectart.eu\/#\/schema\/logo\/image\/"},"sameAs":["https:\/\/www.facebook.com\/EXPECTArtEU","https:\/\/www.instagram.com\/expect_art_eu\/"]},{"@type":"Person","@id":"https:\/\/www.expectart.eu\/#\/schema\/person\/9948c89c445fcd3921315c5002966bdf","name":"alenka","image":{"@type":"ImageObject","inLanguage":"ca","@id":"https:\/\/secure.gravatar.com\/avatar\/5cc6be1a3b2ca46044364cd068347c8d4c90e5f8ae2432c3a0325b5ac1133bff?s=96&d=mm&r=g","url":"https:\/\/secure.gravatar.com\/avatar\/5cc6be1a3b2ca46044364cd068347c8d4c90e5f8ae2432c3a0325b5ac1133bff?s=96&d=mm&r=g","contentUrl":"https:\/\/secure.gravatar.com\/avatar\/5cc6be1a3b2ca46044364cd068347c8d4c90e5f8ae2432c3a0325b5ac1133bff?s=96&d=mm&r=g","caption":"alenka"},"sameAs":["https:\/\/www.expectart.eu"],"url":"https:\/\/www.expectart.eu\/ca\/author\/alenka\/"}]}},"_links":{"self":[{"href":"https:\/\/www.expectart.eu\/ca\/wp-json\/wp\/v2\/posts\/3130","targetHints":{"allow":["GET"]}}],"collection":[{"href":"https:\/\/www.expectart.eu\/ca\/wp-json\/wp\/v2\/posts"}],"about":[{"href":"https:\/\/www.expectart.eu\/ca\/wp-json\/wp\/v2\/types\/post"}],"author":[{"embeddable":true,"href":"https:\/\/www.expectart.eu\/ca\/wp-json\/wp\/v2\/users\/1"}],"replies":[{"embeddable":true,"href":"https:\/\/www.expectart.eu\/ca\/wp-json\/wp\/v2\/comments?post=3130"}],"version-history":[{"count":1,"href":"https:\/\/www.expectart.eu\/ca\/wp-json\/wp\/v2\/posts\/3130\/revisions"}],"predecessor-version":[{"id":3131,"href":"https:\/\/www.expectart.eu\/ca\/wp-json\/wp\/v2\/posts\/3130\/revisions\/3131"}],"wp:featuredmedia":[{"embeddable":true,"href":"https:\/\/www.expectart.eu\/ca\/wp-json\/wp\/v2\/media\/2519"}],"wp:attachment":[{"href":"https:\/\/www.expectart.eu\/ca\/wp-json\/wp\/v2\/media?parent=3130"}],"wp:term":[{"taxonomy":"category","embeddable":true,"href":"https:\/\/www.expectart.eu\/ca\/wp-json\/wp\/v2\/categories?post=3130"},{"taxonomy":"post_tag","embeddable":true,"href":"https:\/\/www.expectart.eu\/ca\/wp-json\/wp\/v2\/tags?post=3130"}],"curies":[{"name":"wp","href":"https:\/\/api.w.org\/{rel}","templated":true}]}}